{"id":7615,"date":"2009-04-04T17:03:31","date_gmt":"2009-04-04T14:03:31","guid":{"rendered":"http:\/\/www.korhanyilmaz.com\/?p=7615"},"modified":"2009-04-04T17:03:31","modified_gmt":"2009-04-04T14:03:31","slug":"rasmussen-yeni-nato-genel-sekreteri","status":"publish","type":"post","link":"http:\/\/www.korhanyilmaz.com\/?p=7615","title":{"rendered":"Rasmussen yeni NATO Genel Sekreteri"},"content":{"rendered":"<p style=\"text-align: center;\"><img loading=\"lazy\" decoding=\"async\" class=\"aligncenter size-full wp-image-7616\" title=\"Rasmussen yeni NATO Genel Sekreteri \" src=\"http:\/\/www.korhanyilmaz.com\/wp-content\/uploads\/2009\/04\/28ad2d1e7008ae4db7a0c261x.jpg\" alt=\"Rasmussen yeni NATO Genel Sekreteri \" width=\"333\" height=\"175\" \/><\/p>\n<p style=\"text-align: justify;\">NATO Genel Sekreteri Jaap de Hoop Scheffer, Danimarka Ba\u015fbakan\u0131 Anders Fogh Rasmussen&#8217;in ittifak\u0131n yeni genel sekreteri olmas\u0131 konusunda anla\u015fma sa\u011fland\u0131\u011f\u0131n\u0131 a\u00e7\u0131klad\u0131.. Rasmussen ile birlikte bas\u0131n toplant\u0131s\u0131 d\u00fczenleyen de Hoop Scheffer, b\u00fct\u00fcn \u00fcye \u00fclkelerin bu konuda anla\u015ft\u0131\u011f\u0131n\u0131 belirterek, Rasmussen&#8217;in genel sekreterlik i\u00e7in en uygun aday olarak g\u00f6r\u00fcld\u00fc\u011f\u00fcn\u00fc ifade etti.<\/p>\n<p style=\"text-align: justify;\">Rasmussen&#8217;i tebrik eden de Hoop Scheffer, yeni NATO Genel Sekreterine g\u00f6revinde ba\u015far\u0131lar diledi.<\/p>\n<p style=\"text-align: justify;\">Danimarka Ba\u015fbakan\u0131 Rasmussen de bu g\u00f6reve se\u00e7ilmekten b\u00fcy\u00fck memnuniyet duydu\u011funu kaydederek, ittifak\u0131n ba\u015far\u0131s\u0131 i\u00e7in elinden gelen \u00e7abay\u0131 g\u00f6sterece\u011fini s\u00f6yledi.<!--more--><\/p>\n<p style=\"text-align: justify;\"><strong>OBAMA, T\u00dcRK\u0130YE&#8217;N\u0130N END\u0130\u015eELER\u0130N\u0130N G\u0130DER\u0130LMES\u0130 KONUSUNDA GARANT\u00d6R OLDU\u011eUNU B\u0130LD\u0130RD\u0130<\/strong><\/p>\n<p style=\"text-align: justify;\">Danimarka Ba\u015fbakan\u0131 Anders Fogh Rasmussen&#8217;in NATO Genel Sekreterli\u011fi konusunda T\u00fcrkiye&#8217;nin endi\u015felerinin giderilmesi i\u00e7in ABD Ba\u015fkan\u0131 Barack Obama&#8217;n\u0131n garant\u00f6r oldu\u011fu bildirildi.<\/p>\n<p style=\"text-align: justify;\">Diplomatik kaynaklar, ABD Ba\u015fkan\u0131 Obama&#8217;n\u0131n, Cumhurba\u015fkan\u0131 Abdullah G\u00fcl&#8217;e, T\u00fcrkiye&#8217;nin beklentilerinin kar\u015f\u0131lanmas\u0131 ve endi\u015felerinin giderilmesi konusunda garant\u00f6r oldu\u011funu s\u00f6yledi\u011fini belirtti.<\/p>\n<p style=\"text-align: justify;\">NATO Genel Sekreteri Jaap de Hoop Scheffer, Rasmussen&#8217;in yeni NATO Genel Sekreteri olmas\u0131 konusunda ittifak \u00fcyelerinin anla\u015ft\u0131\u011f\u0131n\u0131 a\u00e7\u0131klam\u0131\u015ft\u0131.<\/p>\n<p style=\"text-align: justify;\"><strong>SARKOZY: GENEL SEKRETER SE\u00c7\u0130M\u0130NDE B\u0130R SONUCA ULA\u015eILACA\u011eINA \u0130NANCIMIZ TAMDI<\/strong><\/p>\n<p style=\"text-align: justify;\">Fransa Cumhurba\u015fkan\u0131 Nicolas Sarkozy, &#8220;NATO Genel Sekreteri se\u00e7iminde bir sonuca ula\u015f\u0131laca\u011f\u0131na inanc\u0131m\u0131z tamd\u0131&#8221; dedi.<\/p>\n<p style=\"text-align: justify;\">NATO Genel Sekreteri Jaap de Hoop Scheffer&#8217;in, Danimarka Ba\u015fbakan\u0131 Anders Fogh Rasmussen&#8217;i yeni genel sekreter olarak ilan etmesinden sonra evsahibi \u00fclkelerin liderleri Fransa Cumhurba\u015fkan\u0131 Sarkozy ve Almanya Ba\u015fbakan\u0131 Angela Merkel ortak bas\u0131n toplant\u0131s\u0131 d\u00fczenledi.<\/p>\n<p style=\"text-align: justify;\">Sarkozy, Almanya ile Fransa&#8217;n\u0131n Rasmussen&#8217;i destekledi\u011fini belirterek, Rasmussen&#8217;e yeni g\u00f6revinde ba\u015far\u0131lar dilediklerini s\u00f6yledi. Sarkozy, ilk defa bir NATO zirvesine kat\u0131lan ABD Ba\u015fkan\u0131 Barack Obama&#8217;n\u0131n da zirvede somut \u00e7\u00f6z\u00fcmler al\u0131nmas\u0131 \u00e7er\u00e7evesinde b\u00fcy\u00fck \u00e7aba g\u00f6sterdi\u011fini belirtti.<\/p>\n<p style=\"text-align: justify;\">Rasmussen&#8217;i tebrik eden ve yeni g\u00f6revinde ba\u015far\u0131lar dileyen Merkel de &#8220;T\u00fcrkiye engelinin nas\u0131l a\u015f\u0131ld\u0131\u011f\u0131n\u0131n&#8221; sorulmas\u0131 \u00fczerine, toplant\u0131ya kat\u0131lan b\u00fct\u00fcn liderlerin, Rasmussen&#8217;i desteklemesi konusunda kararl\u0131 olduklar\u0131n\u0131 kaydetti.<\/p>\n<p style=\"text-align: justify;\">Rasmussen&#8217;in genel sekreterli\u011fi i\u00e7in oy birli\u011fi gerekti\u011fini hat\u0131rlatan Merkel, Cumhurba\u015fkan\u0131 Abdullah G\u00fcl ve Ba\u015fbakan Recep Tayyip Erdo\u011fan ile yap\u0131lan g\u00f6r\u00fc\u015fmelerin ard\u0131ndan mutabakat sa\u011fland\u0131\u011f\u0131n\u0131 ifade etti. Sarkozy ise ittifak \u00fcyeleri aras\u0131nda g\u00f6r\u00fc\u015f ayr\u0131l\u0131klar\u0131 olmas\u0131n\u0131n son derece do\u011fal oldu\u011funu, g\u00f6r\u00fc\u015f ayr\u0131l\u0131klar\u0131n\u0131n G-20 zirvesinde de ortaya \u00e7\u0131kt\u0131\u011f\u0131n\u0131, \u00f6nemli olan\u0131n sorunlar\u0131n yap\u0131c\u0131 ortamda \u00e7\u00f6z\u00fclmesi oldu\u011funu s\u00f6yledi.<\/p>\n<p style=\"text-align: justify;\"><span style=\"color: #888888;\">Kaynak : Sabah<\/span><\/p>\n","protected":false},"excerpt":{"rendered":"<p style=\"text-align: center;\">\n<p style=\"text-align: justify;\">NATO Genel Sekreteri Jaap de Hoop Scheffer, Danimarka Ba\u015fbakan\u0131 Anders Fogh Rasmussen&#8217;in ittifak\u0131n yeni genel sekreteri olmas\u0131 konusunda anla\u015fma sa\u011fland\u0131\u011f\u0131n\u0131 a\u00e7\u0131klad\u0131.. Rasmussen ile birlikte bas\u0131n toplant\u0131s\u0131 d\u00fczenleyen de Hoop Scheffer, b\u00fct\u00fcn \u00fcye \u00fclkelerin bu konuda anla\u015ft\u0131\u011f\u0131n\u0131 belirterek, Rasmussen&#8217;in genel sekreterlik i\u00e7in en uygun aday olarak g\u00f6r\u00fcld\u00fc\u011f\u00fcn\u00fc ifade etti.<\/p>\n<p style=\"text-align:  \n\n","protected":false},"author":1,"featured_media":0,"comment_status":"open","ping_status":"closed","sticky":false,"template":"","format":"standard","meta":{"footnotes":""},"categories":[3],"tags":[],"class_list":["post-7615","post","type-post","status-publish","format-standard","hentry","category-dunya","odd"],"_links":{"self":[{"href":"http:\/\/www.korhanyilmaz.com\/index.php?rest_route=\/wp\/v2\/posts\/7615","targetHints":{"allow":["GET"]}}],"collection":[{"href":"http:\/\/www.korhanyilmaz.com\/index.php?rest_route=\/wp\/v2\/posts"}],"about":[{"href":"http:\/\/www.korhanyilmaz.com\/index.php?rest_route=\/wp\/v2\/types\/post"}],"author":[{"embeddable":true,"href":"http:\/\/www.korhanyilmaz.com\/index.php?rest_route=\/wp\/v2\/users\/1"}],"replies":[{"embeddable":true,"href":"http:\/\/www.korhanyilmaz.com\/index.php?rest_route=%2Fwp%2Fv2%2Fcomments&post=7615"}],"version-history":[{"count":0,"href":"http:\/\/www.korhanyilmaz.com\/index.php?rest_route=\/wp\/v2\/posts\/7615\/revisions"}],"wp:attachment":[{"href":"http:\/\/www.korhanyilmaz.com\/index.php?rest_route=%2Fwp%2Fv2%2Fmedia&parent=7615"}],"wp:term":[{"taxonomy":"category","embeddable":true,"href":"http:\/\/www.korhanyilmaz.com\/index.php?rest_route=%2Fwp%2Fv2%2Fcategories&post=7615"},{"taxonomy":"post_tag","embeddable":true,"href":"http:\/\/www.korhanyilmaz.com\/index.php?rest_route=%2Fwp%2Fv2%2Ftags&post=7615"}],"curies":[{"name":"wp","href":"https:\/\/api.w.org\/{rel}","templated":true}]}}