{"id":7597,"date":"2009-04-04T14:01:19","date_gmt":"2009-04-04T11:01:19","guid":{"rendered":"http:\/\/www.korhanyilmaz.com\/?p=7597"},"modified":"2009-04-04T14:01:19","modified_gmt":"2009-04-04T11:01:19","slug":"ozkandan-obamaya-mektup","status":"publish","type":"post","link":"http:\/\/www.korhanyilmaz.com\/?p=7597","title":{"rendered":"\u00d6zkan&#039;dan Obama&#039;ya mektup"},"content":{"rendered":"<p style=\"text-align: center;\"><img loading=\"lazy\" decoding=\"async\" class=\"aligncenter size-full wp-image-7598\" title=\"\u00d6zkan'dan Obama'ya mektup \" src=\"http:\/\/www.korhanyilmaz.com\/wp-content\/uploads\/2009\/04\/040420091256299249035.jpg\" alt=\"\u00d6zkan'dan Obama'ya mektup \" width=\"329\" height=\"210\" \/><\/p>\n<p style=\"text-align: justify;\"><strong>Ergenekon san\u0131\u011f\u0131 Tuncay \u00d6zkan, ABD Ba\u015fkan\u0131&#8217;na &#8220;Reacep fa\u015fizmi&#8221; ile ilgili bir mektup yazd\u0131<\/strong><\/p>\n<p style=\"text-align: justify;\">Ergenekon tutuklu san\u0131\u011f\u0131 Tuncay \u00d6zkan, ABD Ba\u015fkan\u0131 Barracak Obama&#8217;ya Silivri Cezaevi&#8217;nden bir mektup yazd\u0131.<\/p>\n<p style=\"text-align: justify;\">AKP&#8217;nin, &#8220;Bush lobicileri Richard Perle C\u00fcneyt Zapsu, Paul Wolfowitz Egemen Ba\u011f\u0131\u015f&#8221; arac\u0131l\u0131\u011f\u0131 ile ekonomide kendi gruplar\u0131n\u0131 kay\u0131r\u0131p, medyay\u0131 susturup, kar\u015f\u0131tlar\u0131n\u0131 bat\u0131rarak dikensiz g\u00fcl bah\u00e7esi yaratt\u0131\u011f\u0131n\u0131 savunan Tuncay \u00d6zkan, &#8220;T\u00fcrkiye&#8217;nin &#8220;Laik&#8221; kimli\u011fini &#8220;Fundamentalist&#8221; bir \u00f6rg\u00fctlenmeyle y\u0131kmak i\u00e7in 2000&#8217;den bu yana kurgulanan &#8220;Ergenekon&#8221; adl\u0131 soru\u015fturmayla b\u00fct\u00fcn muhalifleri ceza evine att\u0131lar. Buna gerek\u00e7e olarak 5 Kas\u0131m 2007 tarihinde George Bush ile Recep Tayyip Erdo\u011fan&#8217;\u0131n Washington&#8217;da yapt\u0131klar\u0131 g\u00f6r\u00fc\u015fmeyi g\u00f6sterdiler.&#8221; ifadelerini kulland\u0131.<!--more--><\/p>\n<p style=\"text-align: justify;\">Tuncay \u00d6zkan&#8217;\u0131n mektubu \u015f\u00f6yle devam ediyor:<\/p>\n<p style=\"text-align: justify;\">Bu g\u00f6r\u00fc\u015fmede Dale.C.Stoffel adl\u0131 CIA ajan\u0131n\u0131n Irak&#8217;ta \u00f6ld\u00fcr\u00fclmesinin g\u00fcndeme geldi\u011fi, Bush ailesi ad\u0131na Irak&#8217;ta silah lobisini y\u00f6neten ve 40 milyar dolarl\u0131k silah ganimetini \u0130srail&#8217;e ta\u015f\u0131yan Stoffel&#8217;in T\u00fcrkiye&#8217;de &#8220;Ergenekon&#8221; olarak bilinen olu\u015fum taraf\u0131ndan \u00f6ld\u00fcr\u00fcld\u00fc\u011f\u00fc, Recep Tayyip Erdo\u011fan taraf\u0131ndan Bush&#8217;a aktar\u0131lm\u0131\u015f. Bush da bunlar\u0131n cezaland\u0131r\u0131lmas\u0131 i\u00e7in her \u015feyin yap\u0131lmas\u0131n\u0131 istemi\u015f. Bunlar, Erdo\u011fan&#8217;\u0131n en yak\u0131n\u0131ndaki gazeteciler taraf\u0131ndan yaz\u0131ld\u0131. Bush&#8217;un bu deste\u011fi; T\u00fcrkiye&#8217;de benim de aralar\u0131nda bulundu\u011fum muhaliflerini susturmak i\u00e7in, tutuklatmak olarak kullanan Akp iktidar\u0131, \u00fclkemi din fa\u015fizmine ta\u015f\u0131maktad\u0131r. Siyasetin referans\u0131 \u0130slami kurallar haline gelmi\u015ftir.<\/p>\n<p style=\"text-align: justify;\">B\u00fct\u00fcn politikalar\u0131n\u0131 tek sesli bir T\u00fcrkiye amac\u0131na hizmet ve &#8220;Laiklik&#8221; kar\u015f\u0131tl\u0131\u011f\u0131na konu\u015fland\u0131ran Recep Tayyip Erdo\u011fan, Anayasa Mahkemesinin Partisi AKP ve kendisi hakk\u0131nda verdi\u011fi &#8220;Laiklik kar\u015f\u0131tl\u0131\u011f\u0131n\u0131n oda\u011f\u0131&#8221; oldu\u011fu karar\u0131na ald\u0131rmadan, zulm\u00fcne devam etmektedir. Benim &#8220;Recep Fa\u015fizmi&#8221; diye tan\u0131mlad\u0131\u011f\u0131m davran\u0131\u015f bi\u00e7imi g\u00fcc\u00fcn\u00fc Amerika&#8217;dan almaktad\u0131r.<\/p>\n<p style=\"text-align: justify;\">Say\u0131n Ba\u015fkan Obama,<\/p>\n<p style=\"text-align: justify;\">Bu din Fa\u015fizminin T\u00fcrkiye&#8217;yi ele ge\u00e7irmesi ve bat\u0131l\u0131 bir demokrasi olma yolunda inan\u0131lmaz mesafe kateden \u00fclkemi Hamas \u00d6rg\u00fct\u00fcn\u00fcn yan\u0131na koymas\u0131na, hukukun \u00fcst\u00fcnl\u00fc\u011f\u00fcne inanan vicdan\u0131n\u0131zla m\u0131 izin vereceksiniz? T\u00fcrkiye&#8217;de Museviler gibi \u0130slam d\u0131\u015f\u0131 dini az\u0131nl\u0131klar\u0131n hedef g\u00f6sterilmesine, toplumun \u0130ranla\u015ft\u0131r\u0131lmas\u0131na sessiz mi kalacaks\u0131n\u0131z?<\/p>\n<p style=\"text-align: justify;\">T\u00fcrkiye&#8217;de muhaliflerin &#8220;Amerika istiyor&#8221;, &#8220;CIA b\u00f6yle uygun g\u00f6r\u00fcyor&#8221; denilerek susturulmas\u0131na ve T\u00fcrkiye&#8217;nin Guantanamosu &#8220;Silivri Cezaevi&#8221;ne hukuk d\u0131\u015f\u0131 olarak konulmas\u0131na siz de Bush gibi &#8220;Evet&#8221; mi diyeceksiniz?<\/p>\n<p style=\"text-align: justify;\">T\u00fcrkiye&#8217;nin istikrars\u0131zla\u015ft\u0131r\u0131l\u0131p bir i\u00e7 kaosa g\u00f6t\u00fcr\u00fclmesi midir ama\u00e7? B\u00f6yle olursa, b\u00f6lgenin bir felakete s\u00fcr\u00fcklenece\u011fi a\u00e7\u0131kt\u0131r. D\u00fcnya cehennem olur.<\/p>\n<p style=\"text-align: justify;\">Ba\u015fkan Obama,<\/p>\n<p style=\"text-align: justify;\">D\u00fcnya&#8217;ya yapaca\u011f\u0131n\u0131z en b\u00fcy\u00fck k\u00f6t\u00fcl\u00fck T\u00fcrkiye&#8217;de din fa\u015fizmine destek vermeniz, &#8220;Il\u0131ml\u0131 \u0130slam&#8221;, &#8220;B\u00fcy\u00fck Ortado\u011fu projesi&#8221; gibi Bush d\u00f6nemi lobiciliklerini s\u00fcrd\u00fcrmeniz olur.<\/p>\n<p style=\"text-align: justify;\">T\u00fcrkiye Hamas gibi fundamentalist dinci \u00f6rg\u00fctlere kay\u0131yor. Fa\u015fizm T\u00fcrkiye&#8217;de, &#8220;Amerika istiyor&#8221; yalan\u0131yla her bask\u0131y\u0131 uyguluyor. Bu do\u011fru mudur? Amerika, T\u00fcrkiye&#8217;yi &#8220;Din Fa\u015fistlerinin&#8221; y\u00f6netmesini, T\u00fcrkiye&#8217;nin Hamas ile birlikte olmas\u0131n\u0131, demokrasiyi terk etmesini, &#8220;Laikli\u011fi&#8221; b\u0131rakmas\u0131n\u0131 m\u0131 istiyor?<\/p>\n<p style=\"text-align: justify;\">Ba\u015fkan Obama,<\/p>\n<p style=\"text-align: justify;\">Bu sorular\u0131m\u0131n yan\u0131t\u0131n\u0131 &#8220;Evet&#8221; olarak verir, yada o anlama gelecek uygulamalar yaparsan\u0131z, biliniz ki : &#8220;En son umutlar \u00f6l\u00fcr&#8221;.<\/p>\n<p style=\"text-align: justify;\">T\u00fcrkiye&#8217;yi bu din fa\u015fizmine kar\u015f\u0131 savunmak i\u00e7in her \u015feyi yapmaya, \u00fclkemde hukukun \u00fcst\u00fcnl\u00fc\u011f\u00fc ve laik demokratik Cumhuriyetin sonsuza kadar ya\u015famas\u0131 i\u00e7in Mustafa Kemal Atat\u00fcrk&#8217;den devrald\u0131\u011f\u0131m\u0131z &#8220;M\u00fccadele&#8221; &#8220;Devrim&#8221; ve &#8220;Ayd\u0131nlanma&#8221; ruhuyla sizinle de y\u0131lmadan, yorulmadan m\u00fccadele edece\u011fimi bildirmekten mutluluk duyar\u0131m. B\u00f6yle bir tutum tak\u0131n\u0131r, Bush&#8217;un T\u00fcrkiye Politikalar\u0131n\u0131 s\u00fcrd\u00fcr\u00fcr, din fa\u015fistlerinin T\u00fcrkiye&#8217;yi ve D\u00fcnya&#8217;y\u0131 felakete s\u00fcr\u00fcklemelerinde onlara destek olursan\u0131z, size ba\u011flanan umutlar\u0131 da s\u00f6nd\u00fcr\u00fcrs\u00fcn\u00fcz.<\/p>\n<p style=\"text-align: justify;\">Ba\u015fkan Obama&#8230;<\/p>\n<p style=\"text-align: justify;\">D\u00fcnya sizden b\u00fct\u00fcn sorunlar\u0131n \u00e7\u00f6z\u00fcm\u00fcn\u00fc beklemiyor. Sizden &#8220;Bar\u0131\u015f&#8221;, &#8220;Demokrasi&#8221; &#8220;Hukuka&#8221; uygunluk ve uluslar\u0131n haklar\u0131na sayg\u0131 duyman\u0131z\u0131 bekliyor.<\/p>\n<p style=\"text-align: justify;\">Bush &#8220;Ya bendensin ya ter\u00f6ristsin&#8221; dedi.<\/p>\n<p style=\"text-align: justify;\">Obama &#8220;Biz iyisiyle k\u00f6t\u00fcs\u00fcyle D\u00fcnya&#8217;y\u0131 bar\u0131\u015f ve mutluluk i\u00e7in kucakl\u0131yoruz&#8221; demeli ve nerede olurlarsa olsunlar fa\u015fistleri desteklememelidir. Lobilerin, \u00e7\u0131karlar\u0131 i\u00e7in uluslar\u0131, insanlar\u0131 yok eden y\u00f6netimleri desteklememelidir.<\/p>\n<p style=\"text-align: justify;\">Ben \u00fclkemdeki din fa\u015fistlerinin susturmak i\u00e7in tutuklatt\u0131\u011f\u0131 gazeteci Tuncay \u00d6zkan olarak, sizden bunlar\u0131n d\u0131\u015f\u0131nda hi\u00e7bir \u015fey istemiyorum.<\/p>\n<p style=\"text-align: justify;\">Size inanmak, g\u00fcvenmek, T\u00fcrkiye ve Amerika&#8217;n\u0131n bar\u0131\u015f k\u00fclt\u00fcr\u00fcne, medeniyete, insan uygarl\u0131\u011f\u0131na el ele katk\u0131 sunmas\u0131n\u0131 g\u00f6rmek istiyorum. Yoksa sizin de Bush&#8217;dan fark\u0131n\u0131z olmaz. L\u00fctfen bu konu ile ilgili duygu ve d\u00fc\u015f\u00fcncelerinizi bana iletiniz. &#8220;Demokrasi&#8221; ve &#8220;Laikli\u011fi&#8221; savundu\u011fum i\u00e7in mi Amerika taraf\u0131ndan, AKP kullan\u0131larak cezaevine at\u0131ld\u0131m?<\/p>\n<p style=\"text-align: justify;\">Amerika&#8217;n\u0131n yeni y\u00f6netimi de Bush d\u00f6nemindeki gibi &#8220;\u00d6zg\u00fcrl\u00fck&#8221;, &#8220;Hukuk&#8221; ve &#8220;\u0130nsan Haklar\u0131n\u0131&#8221; hi\u00e7e mi say\u0131yor? Bana yan\u0131t veriniz!<\/p>\n<p style=\"text-align: justify;\">Ba\u015fkan Obama<\/p>\n<p style=\"text-align: justify;\">Ailenizle birlikte mutluluk, bar\u0131\u015f ve ba\u015far\u0131 i\u00e7inde ya\u015faman\u0131z\u0131, D\u00fcnya ve insanl\u0131k i\u00e7in g\u00fczel \u015feyler yapman\u0131z\u0131 temenni ederim.<\/p>\n<p style=\"text-align: justify;\">Sayg\u0131lar\u0131mla,<\/p>\n<p style=\"text-align: justify;\">Tuncay \u00d6zkan<br \/>\nSilivri 4 No.lu Cezaevi<br \/>\nF\/7 h\u00fccresi<br \/>\nSilivri\/\u0130stanbul\/T\u00fcrkiye\n<\/p>\n<p style=\"text-align: justify;\"><span style=\"color: #888888;\">Kaynak : Vatan<\/span><\/p>\n","protected":false},"excerpt":{"rendered":"<p style=\"text-align: center;\">\n<p style=\"text-align: justify;\">Ergenekon san\u0131\u011f\u0131 Tuncay \u00d6zkan, ABD Ba\u015fkan\u0131&#8217;na &#8220;Reacep fa\u015fizmi&#8221; ile ilgili bir mektup yazd\u0131<\/p>\n<p style=\"text-align: justify;\">Ergenekon tutuklu san\u0131\u011f\u0131 Tuncay \u00d6zkan, ABD Ba\u015fkan\u0131 Barracak Obama&#8217;ya Silivri Cezaevi&#8217;nden bir mektup yazd\u0131.<\/p>\n<p style=\"text-align: justify;\">AKP&#8217;nin, &#8220;Bush lobicileri Richard Perle C\u00fcneyt Zapsu, Paul Wolfowitz Egemen Ba\u011f\u0131\u015f&#8221; arac\u0131l\u0131\u011f\u0131 ile ekonomide kendi gruplar\u0131n\u0131 kay\u0131r\u0131p, medyay\u0131 susturup, <\/p>\n","protected":false},"author":1,"featured_media":0,"comment_status":"open","ping_status":"closed","sticky":false,"template":"","format":"standard","meta":{"footnotes":""},"categories":[105],"tags":[],"class_list":["post-7597","post","type-post","status-publish","format-standard","hentry","category-gundem","odd"],"_links":{"self":[{"href":"http:\/\/www.korhanyilmaz.com\/index.php?rest_route=\/wp\/v2\/posts\/7597","targetHints":{"allow":["GET"]}}],"collection":[{"href":"http:\/\/www.korhanyilmaz.com\/index.php?rest_route=\/wp\/v2\/posts"}],"about":[{"href":"http:\/\/www.korhanyilmaz.com\/index.php?rest_route=\/wp\/v2\/types\/post"}],"author":[{"embeddable":true,"href":"http:\/\/www.korhanyilmaz.com\/index.php?rest_route=\/wp\/v2\/users\/1"}],"replies":[{"embeddable":true,"href":"http:\/\/www.korhanyilmaz.com\/index.php?rest_route=%2Fwp%2Fv2%2Fcomments&post=7597"}],"version-history":[{"count":0,"href":"http:\/\/www.korhanyilmaz.com\/index.php?rest_route=\/wp\/v2\/posts\/7597\/revisions"}],"wp:attachment":[{"href":"http:\/\/www.korhanyilmaz.com\/index.php?rest_route=%2Fwp%2Fv2%2Fmedia&parent=7597"}],"wp:term":[{"taxonomy":"category","embeddable":true,"href":"http:\/\/www.korhanyilmaz.com\/index.php?rest_route=%2Fwp%2Fv2%2Fcategories&post=7597"},{"taxonomy":"post_tag","embeddable":true,"href":"http:\/\/www.korhanyilmaz.com\/index.php?rest_route=%2Fwp%2Fv2%2Ftags&post=7597"}],"curies":[{"name":"wp","href":"https:\/\/api.w.org\/{rel}","templated":true}]}}