{"id":7590,"date":"2009-04-04T12:50:23","date_gmt":"2009-04-04T09:50:23","guid":{"rendered":"http:\/\/www.korhanyilmaz.com\/?p=7590"},"modified":"2009-04-04T12:50:23","modified_gmt":"2009-04-04T09:50:23","slug":"natoda-rasmussen-krizi","status":"publish","type":"post","link":"http:\/\/www.korhanyilmaz.com\/?p=7590","title":{"rendered":"NATO&#039;da Rasmussen krizi"},"content":{"rendered":"<p style=\"text-align: center;\"><img loading=\"lazy\" decoding=\"async\" class=\"aligncenter size-full wp-image-7591\" src=\"http:\/\/www.korhanyilmaz.com\/wp-content\/uploads\/2009\/04\/040420091340541601816.jpg\" alt=\"\" width=\"329\" height=\"210\" \/><\/p>\n<p style=\"text-align: justify;\">Ba\u015fbakan Recep Tayyip Erdo\u011fan&#8217;\u0131n NATO Genel Sekreterli\u011fi&#8217;ne aday olan Danimarka Ba\u015fbakan\u0131 Rasmussen&#8217;e rest \u00e7ekmesinin ard\u0131ndan, NATO Zirvesinde T\u00fcrkiye&#8217;nin vetosunun a\u00e7\u0131lmas\u0131 i\u00e7in yo\u011fun bask\u0131 var.<\/p>\n<p style=\"text-align: justify;\"><strong>AB TEHD\u0130D\u0130<\/strong><\/p>\n<p style=\"text-align: justify;\">Avrupa Birli\u011fi&#8217;nin Geni\u015flemeden Sorumlu Komisyon \u00dcyesi Olli Rehn, T\u00fcrkiye&#8217;nin Rasmussen vetosunun AB \u00fcyeli\u011fini zora sokaca\u011f\u0131n\u0131 s\u00f6yledi. Rehn, bu vetonun AB \u00fcyelik s\u00fcrecine darbe vuraca\u011f\u0131n\u0131n alt\u0131n\u0131 \u00e7izdi.<!--more--><\/p>\n<p style=\"text-align: justify;\"><strong>BERLUSCON\u0130&#8217;DEN ERDO\u011eAN&#8217;A TELEFON<\/strong><\/p>\n<p style=\"text-align: justify;\">NATO zirvesinin bug\u00fcnk\u00fc resmi toplant\u0131lar\u0131n\u0131n ba\u015flang\u0131c\u0131nda \u0130talya Ba\u015fbakan\u0131 Silvio Berlusconi, Ba\u015fbakan Recep Tayyip Erdo\u011fan ile telefon g\u00f6r\u00fc\u015fmesi yapt\u0131\u011f\u0131 i\u00e7in kar\u015f\u0131lama b\u00f6l\u00fcm\u00fcne ge\u00e7 kald\u0131.<\/p>\n<p style=\"text-align: justify;\">Zirvenin, Almanya&#8217;daki Kehl kentindeki t\u00f6rende Almanya Ba\u015fbakan\u0131 Angela Merkel liderleri kar\u015f\u0131larken, Merkel&#8217;e do\u011fru y\u00fcr\u00fcyen Berlusconi&#8217;nin cep telefonu \u00e7ald\u0131. Merkel&#8217;e bir el i\u015fareti yaparak izin isteyen Berlusconi, uzun s\u00fcre telefonla konu\u015funca t\u00f6rene ve liderlerin Almanya&#8217;y\u0131 Fransa&#8217;ya ba\u011flayan Avrupa K\u00f6pr\u00fcs\u00fcnden Ren nehri \u00fczerinden ge\u00e7i\u015flerine ge\u00e7 kald\u0131. Berlusconi&#8217;nin, NATO operasyonlar\u0131nda g\u00f6rev yapan askerler onuruna sayg\u0131 duru\u015funda da yer almad\u0131\u011f\u0131 g\u00f6zlemlendi.<\/p>\n<p style=\"text-align: justify;\">\u0130talya Ba\u015fbakan\u0131 Silvio Berlusconi&#8217;nin Ba\u015fbakan Recep Tayyip Erdo\u011fan ile uzun telefon g\u00f6r\u00fc\u015fmeleri yapt\u0131\u011f\u0131, bu g\u00f6r\u00fc\u015fmelerin, Danimarka Ba\u015fbakan\u0131 Anders Fogh Rasmussen&#8217;in NATO genel sekreterli\u011fine adayl\u0131\u011f\u0131 konusunu kapsad\u0131\u011f\u0131 belirtildi.<\/p>\n<p style=\"text-align: justify;\">\u00d6te yandan zirvede T\u00fcrkiye&#8217;yi temsil eden Cumhurba\u015fkan\u0131 Abdullah G\u00fcl&#8217;\u00fcn, ABD Ba\u015fkan\u0131 Barack Obama ile ikili g\u00f6r\u00fc\u015fme yapt\u0131\u011f\u0131 \u00f6\u011frenildi.<\/p>\n<p style=\"text-align: justify;\"><strong>G\u00dcL-OBAMA G\u00d6R\u00dc\u015eMES\u0130 TOPLANTIYI GE\u00c7\u0130KT\u0130RD\u0130<\/strong><\/p>\n<p style=\"text-align: justify;\">Cumhurba\u015fkan\u0131 Abdullah G\u00fcl, NATO zirvesi s\u0131ras\u0131nda yapt\u0131\u011f\u0131 ikili temaslar \u00e7er\u00e7evesinde ABD Ba\u015fkan\u0131 Barack Obama ile g\u00f6r\u00fc\u015ft\u00fc.<\/p>\n<p style=\"text-align: justify;\">Zirvenin resmi a\u00e7\u0131l\u0131\u015f\u0131ndan \u00f6nce yap\u0131lan ikili g\u00f6r\u00fc\u015fme yakla\u015f\u0131k bir saat s\u00fcrd\u00fc. G\u00f6r\u00fc\u015fmede, NATO&#8217;nun yeni genel sekreterinin kim olaca\u011f\u0131 konusunun \u00f6ncelikle g\u00fcndeme geldi\u011fi yorumlar\u0131 yap\u0131l\u0131yor.<\/p>\n<p style=\"text-align: justify;\">ABD y\u00f6netimi bu sabah yapt\u0131\u011f\u0131 a\u00e7\u0131klamada, genel sekreterin kim olaca\u011f\u0131 konusundaki g\u00f6r\u00fc\u015fmelerin devam etti\u011fini belirtmi\u015f, ancak bu konuda &#8220;bir aciliyet hissi bulunmad\u0131\u011f\u0131n\u0131&#8221; bildirmi\u015fti.<\/p>\n<p style=\"text-align: justify;\">G\u00fcl ve Obama aras\u0131ndaki g\u00f6r\u00fc\u015fmenin uzamas\u0131 \u00fczerine, NATO Kuzey Atlantik Konseyi yar\u0131m saat gecikmeyle ba\u015flad\u0131.<\/p>\n<p style=\"text-align: justify;\"><span style=\"color: #888888;\">Kaynak : Vatan<\/span><\/p>\n","protected":false},"excerpt":{"rendered":"<p style=\"text-align: center;\">\n<p style=\"text-align: justify;\">Ba\u015fbakan Recep Tayyip Erdo\u011fan&#8217;\u0131n NATO Genel Sekreterli\u011fi&#8217;ne aday olan Danimarka Ba\u015fbakan\u0131 Rasmussen&#8217;e rest \u00e7ekmesinin ard\u0131ndan, NATO Zirvesinde T\u00fcrkiye&#8217;nin vetosunun a\u00e7\u0131lmas\u0131 i\u00e7in yo\u011fun bask\u0131 var.<\/p>\n<p style=\"text-align: justify;\">AB TEHD\u0130D\u0130<\/p>\n<p style=\"text-align: justify;\">Avrupa Birli\u011fi&#8217;nin Geni\u015flemeden Sorumlu Komisyon \u00dcyesi Olli Rehn, T\u00fcrkiye&#8217;nin Rasmussen vetosunun AB \u00fcyeli\u011fini zora sokaca\u011f\u0131n\u0131 s\u00f6yledi. Rehn, bu vetonun AB <\/p>\n","protected":false},"author":1,"featured_media":0,"comment_status":"open","ping_status":"closed","sticky":false,"template":"","format":"standard","meta":{"footnotes":""},"categories":[105],"tags":[],"class_list":["post-7590","post","type-post","status-publish","format-standard","hentry","category-gundem","odd"],"_links":{"self":[{"href":"http:\/\/www.korhanyilmaz.com\/index.php?rest_route=\/wp\/v2\/posts\/7590","targetHints":{"allow":["GET"]}}],"collection":[{"href":"http:\/\/www.korhanyilmaz.com\/index.php?rest_route=\/wp\/v2\/posts"}],"about":[{"href":"http:\/\/www.korhanyilmaz.com\/index.php?rest_route=\/wp\/v2\/types\/post"}],"author":[{"embeddable":true,"href":"http:\/\/www.korhanyilmaz.com\/index.php?rest_route=\/wp\/v2\/users\/1"}],"replies":[{"embeddable":true,"href":"http:\/\/www.korhanyilmaz.com\/index.php?rest_route=%2Fwp%2Fv2%2Fcomments&post=7590"}],"version-history":[{"count":0,"href":"http:\/\/www.korhanyilmaz.com\/index.php?rest_route=\/wp\/v2\/posts\/7590\/revisions"}],"wp:attachment":[{"href":"http:\/\/www.korhanyilmaz.com\/index.php?rest_route=%2Fwp%2Fv2%2Fmedia&parent=7590"}],"wp:term":[{"taxonomy":"category","embeddable":true,"href":"http:\/\/www.korhanyilmaz.com\/index.php?rest_route=%2Fwp%2Fv2%2Fcategories&post=7590"},{"taxonomy":"post_tag","embeddable":true,"href":"http:\/\/www.korhanyilmaz.com\/index.php?rest_route=%2Fwp%2Fv2%2Ftags&post=7590"}],"curies":[{"name":"wp","href":"https:\/\/api.w.org\/{rel}","templated":true}]}}