{"id":7564,"date":"2009-04-04T11:14:02","date_gmt":"2009-04-04T08:14:02","guid":{"rendered":"http:\/\/www.korhanyilmaz.com\/?p=7564"},"modified":"2009-04-04T11:14:02","modified_gmt":"2009-04-04T08:14:02","slug":"pkk-silah-birakmaz-ocalan-5-yilda-cikar","status":"publish","type":"post","link":"http:\/\/www.korhanyilmaz.com\/?p=7564","title":{"rendered":"&#039;PKK silah b\u0131rakmaz, \u00d6calan 5 y\u0131lda \u00e7\u0131kar&#039;"},"content":{"rendered":"<p style=\"text-align: center;\"><img loading=\"lazy\" decoding=\"async\" class=\"aligncenter size-full wp-image-7565\" title=\" 'PKK silah b\u0131rakmaz, \u00d6calan 5 y\u0131lda \u00e7\u0131kar' \" src=\"http:\/\/www.korhanyilmaz.com\/wp-content\/uploads\/2009\/04\/040420091144397252698.jpg\" alt=\" 'PKK silah b\u0131rakmaz, \u00d6calan 5 y\u0131lda \u00e7\u0131kar' \" width=\"329\" height=\"210\" \/><\/p>\n<p style=\"text-align: justify;\"><strong>ABD&#8217;deki K\u00fcrt Enstit\u00fcs\u00fc&#8217;n\u00fcn tezi<\/strong><\/p>\n<p style=\"text-align: justify;\">K\u00fcrt politikalar\u0131 Erbil&#8217;den oldu\u011fu kadar Washington&#8217;dan da \u015fekillenir. O politikalar\u0131n \u015fekillenmesinde Washington K\u00fcrt Enstit\u00fcs\u00fc \u00f6nemli bir merkez. Merkezin ba\u015f\u0131nda Dr. Necmeldin Kerim yer al\u0131yor. Kerim, Molla Mustafa Barzani&#8217;nin en g\u00fcvendi\u011fi isimlerden biriydi. Halen Barzaniler&#8217;e \u00e7ok yak\u0131n. PKK&#8217;n\u0131n i\u00e7 dinamiklerini ve karar mekanizmalar\u0131n\u0131 iyi tan\u0131yor. Kerim&#8217;e g\u00f6re Erbil&#8217;de d\u00fczenlenecek toplant\u0131 ger\u00e7ek\u00fcst\u00fc beklentilere yol a\u00e7t\u0131.<\/p>\n<p style=\"text-align: justify;\">Celal Talabani&#8217;nin o\u011flu Kubat ise Washington K\u00fcrt B\u00f6lgesel Y\u00f6netimi temsilcili\u011fini y\u00fcr\u00fct\u00fcyor. Bir nevi, ABD y\u00f6netimi ve Erbil aras\u0131ndaki ileti\u015fimi sa\u011fl\u0131yor. Talabani, Obama y\u00f6netiminden umutlu bir portre \u00e7iziyor. <!--more-->ABD, Irak&#8217;tan \u00e7ekildikten sonra K\u00fcrt b\u00f6lgesinde bir \u00fcs istediklerini saklam\u0131yor ancak ne derse desin K\u00fcrtlerin, Washington&#8217;da eski forslar\u0131 yok. Talabani&#8217;nin ofisinde as\u0131l\u0131 duran &#8216;2009 hedefleri&#8217; durumu ele veriyor. Hedefler, &#8216;K\u00fcrt b\u00f6lgesine heyet g\u00f6t\u00fcrmek, Washington&#8217;da k\u00fclt\u00fcrel etkinlik d\u00fczenlemek&#8217; gibi maddelerin \u00f6tesine ge\u00e7emiyor. Kerim Ak\u015fam&#8217;dan Nagehan Al\u00e7\u0131&#8217;ya konu\u015ftu:<\/p>\n<p style=\"text-align: justify;\"><strong>PKK silah b\u0131rakmayacak<\/strong><\/p>\n<p style=\"text-align: justify;\">K\u00fcrt politikalar\u0131na y\u00f6n veren isimlerden Kerim&#8217;e g\u00f6re tek bir toplant\u0131yla PKK&#8217;n\u0131n ate\u015fkes ilan etmesini beklemek hayal. Kerim, &#8216;Sorun sadece T\u00fcrkiye ile \u00e7\u00f6z\u00fcl\u00fcr&#8217; diyor<\/p>\n<p style=\"text-align: justify;\"><strong>K\u00fcrt siyasetine y\u00f6n veren bir isimsiniz. Nisan sonunda Erbil&#8217;de toplanaca\u011f\u0131 s\u00f6ylenen K\u00fcrt Kurultay\u0131 iddia edildi\u011fi gibi, PKK meselesini bitirecek mi?<\/strong><\/p>\n<p style=\"text-align: justify;\">D\u00fcr\u00fcst olmak gerekirse \u00f6zellikle T\u00fcrk bas\u0131n\u0131ndan gelen haberlerin, ger\u00e7eklerden ileride oldu\u011funu d\u00fc\u015f\u00fcn\u00fcyorum. \u00d6ncelikle hen\u00fcz toplant\u0131ya kat\u0131lmalar\u0131 i\u00e7in insanlara davetiye gitmedi. Nisanda ne olaca\u011f\u0131 hen\u00fcz belli de\u011fil.<\/p>\n<p style=\"text-align: justify;\"><strong>B\u00f6yle bir toplant\u0131 olmama ihtimali var m\u0131?<\/strong><\/p>\n<p style=\"text-align: justify;\">Toplant\u0131 olacak ama nas\u0131l bir toplant\u0131 olacak? O toplant\u0131da, PKK&#8217;ya silah b\u0131rakt\u0131r\u0131laca\u011f\u0131 ya da en az\u0131ndan ate\u015fkese ikna edilece\u011fi s\u00f6yleniyor. Yap\u0131lmam\u0131\u015f bir toplant\u0131dan hangi sonucun \u00e7\u0131kaca\u011f\u0131n\u0131 nas\u0131l biliyorlar?<br \/>\nABD, T\u00fcrkiye, Ba\u011fdat h\u00fck\u00fcmetleri ve K\u00fcrt B\u00f6lgesel Y\u00f6netimi&#8217;nin bir plan \u00fczerine anla\u015ft\u0131\u011f\u0131 ve bunun sonucunda PKK&#8217;n\u0131n bitirilece\u011fi s\u00f6yleniyor. \u0130ddia buradan geliyor.<br \/>\nWashington, Ankara, Tahran ve Erbil h\u00fck\u00fcmetlerinin b\u00f6yle bir toplant\u0131da bir araya gelecekleri y\u00f6n\u00fcnde bir bilgi hen\u00fcz yok ki. Farkl\u0131 K\u00fcrt gruplar bir araya gelip K\u00fcrt meselesini konu\u015facaklar, bu ba\u011flamda PKK da ele al\u0131nacakt\u0131r ama ABD h\u00fck\u00fcmeti i\u015fin i\u00e7inde de\u011fil.\n<\/p>\n<p style=\"text-align: justify;\"><strong>AF \u0130\u00c7\u0130N \u00c7OK GE\u00c7 <\/strong><\/p>\n<p style=\"text-align: justify;\"><strong>Peki, ya Celal Talabani&#8217;nin a\u00e7\u0131klamalar\u0131? &#8216;PKK ate\u015fkese ikna edilecek&#8217; dedi. <\/strong><\/p>\n<p style=\"text-align: justify;\">Bu toplant\u0131da bir ate\u015fkes \u00e7a\u011fr\u0131s\u0131 yap\u0131labilir ancak \u00f6rg\u00fcte silah\u0131 nas\u0131l b\u0131rakt\u0131racaklar? Bu olmaz, olmayacak. Silahl\u0131 ya da de\u011fil hi\u00e7 bir direni\u015f grubu &#8216;Hadi o zaman silah b\u0131rakal\u0131m&#8217; demez.<\/p>\n<p style=\"text-align: justify;\"><strong>O y\u00fczden de baz\u0131 \u015fartlardan bahsediliyor&#8230;<\/strong><\/p>\n<p style=\"text-align: justify;\">Bu mesele, T\u00fcrkiye&#8217;nin meselesi. Bu y\u00fczden yaln\u0131zca PKK ve T\u00fcrk h\u00fck\u00fcmeti aras\u0131nda \u00e7\u00f6z\u00fclebilir. Tabii ki do\u011frudan PKK olmaz ama onun ad\u0131na temsilcilerle&#8230; T\u00fcrkiye PKK&#8217;y\u0131 hep Kandil&#8217;de ar\u0131yor ve b\u00fcy\u00fck bir yanl\u0131\u015f yap\u0131yor.<\/p>\n<p style=\"text-align: justify;\"><strong>PKK&#8217;ya aftan bahsediliyor. Bu, ate\u015fkes i\u00e7in yeterli de\u011fil mi?<\/strong><\/p>\n<p style=\"text-align: justify;\">Art\u0131k de\u011fil. \u00d6calan yeni yakaland\u0131\u011f\u0131nda olabilirdi. O zaman Abdullah G\u00fcl Ba\u015fbakan&#8217;d\u0131, Washington&#8217;a gelmi\u015fti. Mehmet Ali Birand da buradayd\u0131. O zaman Birand&#8217;a bir r\u00f6portaj vermi\u015f ve &#8216;Af sorunu \u00e7\u00f6zer&#8217; demi\u015ftim. Art\u0131k \u00e7\u00f6zmez.<\/p>\n<p style=\"text-align: justify;\"><strong>O zamandan beri ne de\u011fi\u015fti?<\/strong><\/p>\n<p style=\"text-align: justify;\">\u00d6calan yakaland\u0131\u011f\u0131nda g\u00fc\u00e7lerini ate\u015fkese davet etmi\u015fti. \u00d6rg\u00fcte T\u00fcrkiye&#8217;yi terk etmesini s\u00f6yl\u00fcyordu, dengeler alt\u00fcst olmu\u015ftu. \u015eimdi ise \u00f6rg\u00fcttekiler daha ba\u011f\u0131ms\u0131z hareket edebiliyorlar. Art\u0131k her \u015feyi \u00d6calan kontrol etmiyor.<\/p>\n<p style=\"text-align: justify;\"><strong>\u00d6rg\u00fct i\u00e7inde g\u00fc\u00e7lenenler bir anda her \u015feyi b\u0131rak\u0131p gitmeyi neden istesin?<\/strong><\/p>\n<p style=\"text-align: justify;\"><strong>Onlar\u0131n ate\u015fkese raz\u0131 olmalar\u0131 i\u00e7in ne laz\u0131m?<\/strong><\/p>\n<p style=\"text-align: justify;\">Politik ad\u0131mlar at\u0131laca\u011f\u0131n\u0131n garantisi&#8230; Anayasada de\u011fi\u015fiklikler, K\u00fcrt kimli\u011finin garantiye al\u0131nmas\u0131, bir de \u00d6calan&#8217;\u0131n hapishanedeki durumunda iyile\u015ftirme yap\u0131lmas\u0131; yaln\u0131zl\u0131\u011f\u0131ndan kurtar\u0131lmas\u0131 vesaire. Zaten 5 y\u0131l i\u00e7inde, onun serbest b\u0131rak\u0131laca\u011f\u0131n\u0131 d\u00fc\u015f\u00fcn\u00fcyorum. T\u00fcrkiye o y\u00f6nde ilerliyor.<\/p>\n<p style=\"text-align: justify;\"><strong>TALABAN\u0130 \u0130STED\u0130 D\u0130YE OLMAZ<\/strong><\/p>\n<p style=\"text-align: justify;\"><strong>PKK ne istiyor?<\/strong><\/p>\n<p style=\"text-align: justify;\">Bir \u00e7\u00f6z\u00fcm, bir teslimiyet de\u011fil.<\/p>\n<p style=\"text-align: justify;\"><strong>\u00d6yleyse kendiyle \u00e7eli\u015fiyor, \u00e7\u00fcnk\u00fc ge\u00e7ti\u011fimiz g\u00fcnlerde konferanstan \u00e7\u0131kacak herhangi bir \u00e7\u00f6z\u00fcm \u00f6nerisini kabul etmeyece\u011fini a\u00e7\u0131klad\u0131&#8230;<\/strong><\/p>\n<p style=\"text-align: justify;\">Evet, \u00e7\u00fcnk\u00fc \u00e7\u00f6z\u00fcm olarak \u00f6nerilen \u015fey onlar i\u00e7in teslimiyet demek.<\/p>\n<p style=\"text-align: justify;\"><strong>B\u00f6lgedeki destekleri kesilse zaten kendili\u011finden yok olmaz m\u0131 \u00f6rg\u00fct?<\/strong><\/p>\n<p style=\"text-align: justify;\">Hay\u0131r, olmaz. Irak&#8217;taki K\u00fcrt b\u00f6lgesinde gruplar hi\u00e7bir destek olmadan 70&#8217;lerde, 80&#8217;lerde ayakta kald\u0131lar. Kimyasal silahlara ra\u011fmen y\u0131lmad\u0131lar. Barzani ve Talabani bunu iyi bilirler. \u00dcstelik PKK T\u00fcrkiye men\u015feli. Yani oradan \u00e7\u00f6z\u00fcm laz\u0131m. \u0130ki taraf aras\u0131nda Ahmet T\u00fcrk gibi arabulucular kullan\u0131lmadan bitmez.<\/p>\n<p style=\"text-align: justify;\"><strong>Resim b\u00f6yle ise neden ba\u015fka t\u00fcrl\u00fc bir portre g\u00f6steriliyor? Sanki iki kamp mevcut: T\u00fcrkiye, Barzani ve Talabani PKK&#8217;ya kar\u015f\u0131. Bu tablo ger\u00e7ek\u00e7i de\u011fil mi? <\/strong><\/p>\n<p style=\"text-align: justify;\">Hay\u0131r, ger\u00e7ek\u00e7i de de\u011fil, do\u011fru da&#8230; Talabani bu tabloda arabulucu olmak istiyorsa adil davranmal\u0131. Talabani \u00f6yle s\u00f6yledi\u011fi i\u00e7in PKK da\u011f\u0131lmaz. Bunu o da biliyor. 1992&#8217;yi hat\u0131rlay\u0131n. T\u00fcrkiye, KDP, KYB hep birlikte PKK&#8217;n\u0131n \u00fczerine gitmi\u015flerdi. Ne oldu? \u00d6rg\u00fct daha da g\u00fc\u00e7lendi. Bence, Talabani yapt\u0131\u011f\u0131 a\u00e7\u0131klamalarla as\u0131l PKK&#8217;y\u0131 iknaya \u00e7al\u0131\u015f\u0131yor.<\/p>\n<p style=\"text-align: justify;\"><strong>\u00dczerinde konu\u015fulan plan \u015f\u00f6yle: PKK&#8217;n\u0131n silahl\u0131 eylemlerinde yer alanlar K\u00fcrt b\u00f6lgesinde kal\u0131p, siyasi faaliyet g\u00f6sterebilecek, di\u011ferleri eve d\u00f6necek ya da bir \u0130skandinav \u00fclkesine gidecek. Bu plana itiraz\u0131n\u0131z var m\u0131?<\/strong><\/p>\n<p style=\"text-align: justify;\">Teorik olarak kula\u011fa ho\u015f geliyor ama realite ba\u015fka. Ne derseniz deyin, PKK K\u00fcrtler ad\u0131na hala T\u00fcrkiye&#8217;deki en b\u00fcy\u00fck g\u00fc\u00e7. Binlerce takip\u00e7ileri var. Bu etkiyi s\u00fcrd\u00fcrmek istiyorlar elbette. B\u00f6yle bir plana raz\u0131 olmazlar.<\/p>\n<p style=\"text-align: justify;\"><strong>Zana Plan\u0131<\/strong><\/p>\n<p style=\"text-align: justify;\"><strong>Sizin 1990&#8217;lar\u0131n sonunda \u00fczerinde \u00e7al\u0131\u015ft\u0131\u011f\u0131n\u0131z bir plan vard\u0131. Neydi o plan?<\/strong><\/p>\n<p style=\"text-align: justify;\">\u00d6calan yakalanmadan \u00f6nce Leyla Zana&#8217;y\u0131 hapisten \u00e7\u0131karma plan\u0131m\u0131z vard\u0131. Mitterand h\u00fck\u00fcmeti ile g\u00f6r\u00fc\u015f\u00fcyorduk. Mitterand, kar\u0131s\u0131 ve Richard Holbrooke da i\u015fin i\u00e7indeydi. Bir deklarasyon yay\u0131nlanacakt\u0131. Zana hapisten \u00e7\u0131k\u0131p, Elise Saray\u0131&#8217;nda Mitterand ile bulu\u015facakt\u0131 ve birlikte Helmut Kohl&#8217;e gideceklerdi. Mesut Y\u0131lmaz Ba\u015fbakan&#8217;d\u0131 ve bu plan\u0131 biliyordu.<\/p>\n<p style=\"text-align: justify;\"><strong>Sonra ne oldu?<\/strong><\/p>\n<p style=\"text-align: justify;\">Zana arkada\u015flar\u0131n\u0131 i\u00e7eride b\u0131rakarak hapisten \u00e7\u0131kmay\u0131 kabul etmedi.<\/p>\n<p style=\"text-align: justify;\"><strong>Etse bug\u00fcnk\u00fc resim nas\u0131l olurdu?<\/strong><\/p>\n<p style=\"text-align: justify;\">Bunu tahmin etmek zor ancak o d\u00f6nem bas\u0131nda b\u00fcy\u00fck yer alacakt\u0131 bu giri\u015fim. PKK ne hissederdi bilmiyorum. San\u0131r\u0131m, Zana&#8217;n\u0131n bu kadar pop\u00fclerle\u015fmesinden ho\u015flanmazd\u0131. Sonra \u00d6calan yakaland\u0131\u011f\u0131nda onu \u0130talya&#8217;da ziyaret ettim. Bana sava\u015f\u0131 kesip, siyasi m\u00fccadeleye ge\u00e7mekten bahsetti. Ama sonras\u0131nda i\u015fler h\u0131zla de\u011fi\u015fti. Tutuklan\u0131p T\u00fcrkiye&#8217;ye getirildi. \u0130\u015fte o d\u00f6nem af \u00e7\u0131ksa i\u015fe yarard\u0131.<\/p>\n<p style=\"text-align: justify;\"><strong>ABD&#8217;nin K\u00fcrt b\u00f6lgesinde \u00fcs kurmas\u0131n\u0131 istiyoruz<\/strong><\/p>\n<p style=\"text-align: justify;\">Celal Talabani&#8217;nin o\u011flu Kubat, &#8216;T\u00fcrkiye ile gelinen diyalog seviyesinden memnunuz&#8217; diyor<\/p>\n<p style=\"text-align: justify;\"><strong>ABD&#8217;de yeni bir y\u00f6netim var ve Irak&#8217;tan \u00e7ekilme planlar\u0131 yap\u0131l\u0131yor. Bir y\u0131l \u00f6ncesine k\u0131yasla kendinizi nas\u0131l hissediyorsunuz?<\/strong><\/p>\n<p style=\"text-align: justify;\">Karma\u015f\u0131k duygular i\u00e7indeyim. Bir sene \u00f6ncesine g\u00f6re \u00e7ok farkl\u0131 meselelerle kar\u015f\u0131 kar\u015f\u0131yay\u0131z. Her \u015feyden \u00f6nce ge\u00e7ti\u011fimiz seneye g\u00f6re T\u00fcrkiye ile ili\u015fkiler inan\u0131lmaz bir geli\u015fme i\u00e7inde. Diyalog seviyesinden \u00e7ok memnunuz. Cumhurba\u015fkan\u0131 Abdullah G\u00fcl ve Ne\u00e7irvan Barzani&#8217;nin Ba\u011fdat&#8217;taki bulu\u015fmas\u0131 da bunun bir kan\u0131t\u0131.<\/p>\n<p style=\"text-align: justify;\">Cumhurba\u015fkan\u0131 G\u00fcl&#8217;\u00fcn &#8216;K\u00fcrdistan&#8217; kelimesini telaffuz edip etmedi\u011fi ile ilgili tart\u0131\u015fmalar\u0131 nas\u0131l buluyorsunuz?<br \/>\nBu, toplant\u0131n\u0131n i\u00e7eri\u011fine g\u00f6lge d\u00fc\u015f\u00fcrmemeli. A\u015f\u0131n bunlar\u0131 art\u0131k. Bizim ismimiz &#8216;K\u00fcrdistan B\u00f6lgesel Y\u00f6netimi&#8217;. Bu, anayasada da yer al\u0131yor.\n<\/p>\n<p style=\"text-align: justify;\"><strong>K\u00fcrtler i\u00e7in dengeleri de\u011fi\u015ftirecek bir geli\u015fme s\u00f6z konusu. ABD&#8217;nin Irak&#8217;\u0131 terk ediyor olu\u015funu nas\u0131l kar\u015f\u0131l\u0131yorsunuz?<\/strong><\/p>\n<p style=\"text-align: justify;\">Irak&#8217;\u0131n, ABD ile g\u00fc\u00e7lerin stat\u00fcs\u00fcn\u00fc belirleyen bir anla\u015fmas\u0131 var. O devam ediyor. Ba\u015fkan Obama da \u00e7ekilme politikas\u0131 hakk\u0131nda gayet net. G\u00f6r\u00fcnen o ki ABD en az birka\u00e7 y\u0131l daha Irak&#8217;ta.<\/p>\n<p style=\"text-align: justify;\"><strong>2011&#8217;de tamamen \u00e7ekilmi\u015f olacak, de\u011fil mi?<\/strong><\/p>\n<p style=\"text-align: justify;\">\u00d6yle deniyor ama bu y\u0131l\u0131n sonunda Irak&#8217;ta hala Afganistan&#8217;dakinden daha fazla ABD askeri olacak. Amerika&#8217;n\u0131n \u00f6yle bir anda Irak&#8217;tan \u00e7\u0131kmas\u0131n\u0131 beklemiyorum&#8230; Diplomatik bir\u00e7ok \u00e7abaya girecektir. O nedenle &#8216;sorumlu \u00e7ekilme&#8217;den bahsediliyor.<\/p>\n<p style=\"text-align: justify;\"><strong>&#8216;Sorumlu \u00e7ekilme&#8217; ne demek?<\/strong><\/p>\n<p style=\"text-align: justify;\">Giderlerken arkalar\u0131nda bir karma\u015fa b\u0131rakmayacaklar demek. Bizim umdu\u011fumuz da bu.<\/p>\n<p style=\"text-align: justify;\"><strong>K\u00fcrt b\u00f6lgesinde bir \u00fcs b\u0131rakmak da buna dahil mi?<\/strong><\/p>\n<p style=\"text-align: justify;\">Olabilir. Biz bunu istiyoruz. Her t\u00fcrl\u00fc ABD g\u00fcc\u00fcn\u00fcn, K\u00fcrt b\u00f6lgesi s\u0131n\u0131rlar\u0131nda olmas\u0131n\u0131 memnuniyetle kar\u015f\u0131lar\u0131z.<br \/>\nB\u00f6yle bir \u00fcs sizi b\u00f6lgede \u0130srail gibi antipatik yapmaz m\u0131?<br \/>\nSanmam. Bu \u00fcs kom\u015fulara y\u00f6nelik olmayacak. Irak&#8217;\u0131n yeniden yap\u0131land\u0131r\u0131lmas\u0131 i\u00e7in olacak. Hala \u00fclkede yap\u0131lacak \u00e7ok i\u015f var. Yak\u0131n zamanda, 2011&#8217;den sonra ABD&#8217;nin Irak&#8217;ta nas\u0131l bulunaca\u011f\u0131 \u00fczerine g\u00f6r\u00fc\u015fmeler ba\u015flamas\u0131n\u0131 bekliyoruz.<br \/>\n\u00d6te yandan yeni y\u00f6netim, K\u00fcrtlere eskisi kadar yak\u0131n de\u011fil sanki. Washington&#8217;daki Nevruz resepsiyonunda y\u00f6netimdeki etkin isimler yoktu.\n<\/p>\n<p style=\"text-align: justify;\"><strong>Bush ile ittifak yapt\u0131\u011f\u0131n\u0131z i\u00e7in dezavantajl\u0131 konuma d\u00fc\u015ft\u00fcn\u00fcz gibi bir hava var&#8230;<\/strong><\/p>\n<p style=\"text-align: justify;\">Buna kat\u0131lm\u0131yorum. Biz hem Cumhuriyet\u00e7iler hem de Demokratlarla iyi ge\u00e7iniyoruz. Zaten ili\u015fkilerimiz ki\u015filerin \u00f6tesinde, kurumsalla\u015fm\u0131\u015f. Ancak yeni y\u00f6netimin ba\u015f\u0131nda \u015fu an \u00e7ok sorun var. D\u00fcnya Irak&#8217;\u0131n etraf\u0131nda d\u00f6nm\u00fcyor. Bunu anl\u0131yoruz.<\/p>\n<p style=\"text-align: justify;\"><strong>Yani ABD&#8217;ye g\u00fcveniyor musunuz? Tarih bunun \u00e7ok da do\u011fru olmayabilece\u011fini s\u00f6yl\u00fcyor&#8230;<\/strong><\/p>\n<p style=\"text-align: justify;\">G\u00fcven, diplomaside kullan\u0131lmayacak kadar g\u00fc\u00e7l\u00fc bir kelime. Sonu\u00e7ta Irak, ABD i\u00e7in hala \u00f6nemli. K\u00fcrdistan b\u00f6lgesi de Irak i\u00e7in. Bu da K\u00fcrdistan b\u00f6lgesini, ABD i\u00e7in \u00f6nemli yap\u0131yor. San\u0131r\u0131m Washington bunun fark\u0131nda.<\/p>\n<p style=\"text-align: justify;\"><span style=\"color: #888888;\">Kaynak : Nagehan AL\u00c7I \/ Ak\u015fam<\/span><\/p>\n","protected":false},"excerpt":{"rendered":"<p style=\"text-align: center;\">\n<p style=\"text-align: justify;\">ABD&#8217;deki K\u00fcrt Enstit\u00fcs\u00fc&#8217;n\u00fcn tezi<\/p>\n<p style=\"text-align: justify;\">K\u00fcrt politikalar\u0131 Erbil&#8217;den oldu\u011fu kadar Washington&#8217;dan da \u015fekillenir. O politikalar\u0131n \u015fekillenmesinde Washington K\u00fcrt Enstit\u00fcs\u00fc \u00f6nemli bir merkez. Merkezin ba\u015f\u0131nda Dr. Necmeldin Kerim yer al\u0131yor. Kerim, Molla Mustafa Barzani&#8217;nin en g\u00fcvendi\u011fi isimlerden biriydi. Halen Barzaniler&#8217;e \u00e7ok yak\u0131n. PKK&#8217;n\u0131n i\u00e7 dinamiklerini ve karar mekanizmalar\u0131n\u0131 iyi tan\u0131yor. <\/p>\n","protected":false},"author":1,"featured_media":0,"comment_status":"open","ping_status":"closed","sticky":false,"template":"","format":"standard","meta":{"footnotes":""},"categories":[105],"tags":[],"class_list":["post-7564","post","type-post","status-publish","format-standard","hentry","category-gundem","odd"],"_links":{"self":[{"href":"http:\/\/www.korhanyilmaz.com\/index.php?rest_route=\/wp\/v2\/posts\/7564","targetHints":{"allow":["GET"]}}],"collection":[{"href":"http:\/\/www.korhanyilmaz.com\/index.php?rest_route=\/wp\/v2\/posts"}],"about":[{"href":"http:\/\/www.korhanyilmaz.com\/index.php?rest_route=\/wp\/v2\/types\/post"}],"author":[{"embeddable":true,"href":"http:\/\/www.korhanyilmaz.com\/index.php?rest_route=\/wp\/v2\/users\/1"}],"replies":[{"embeddable":true,"href":"http:\/\/www.korhanyilmaz.com\/index.php?rest_route=%2Fwp%2Fv2%2Fcomments&post=7564"}],"version-history":[{"count":0,"href":"http:\/\/www.korhanyilmaz.com\/index.php?rest_route=\/wp\/v2\/posts\/7564\/revisions"}],"wp:attachment":[{"href":"http:\/\/www.korhanyilmaz.com\/index.php?rest_route=%2Fwp%2Fv2%2Fmedia&parent=7564"}],"wp:term":[{"taxonomy":"category","embeddable":true,"href":"http:\/\/www.korhanyilmaz.com\/index.php?rest_route=%2Fwp%2Fv2%2Fcategories&post=7564"},{"taxonomy":"post_tag","embeddable":true,"href":"http:\/\/www.korhanyilmaz.com\/index.php?rest_route=%2Fwp%2Fv2%2Ftags&post=7564"}],"curies":[{"name":"wp","href":"https:\/\/api.w.org\/{rel}","templated":true}]}}