{"id":7550,"date":"2009-04-04T10:39:18","date_gmt":"2009-04-04T07:39:18","guid":{"rendered":"http:\/\/www.korhanyilmaz.com\/?p=7550"},"modified":"2009-04-04T10:39:18","modified_gmt":"2009-04-04T07:39:18","slug":"dtp-obamadan-ozerklik-isteyecek","status":"publish","type":"post","link":"http:\/\/www.korhanyilmaz.com\/?p=7550","title":{"rendered":"DTP Obama&#039;dan \u00f6zerklik isteyecek"},"content":{"rendered":"<p style=\"text-align: center;\"><img loading=\"lazy\" decoding=\"async\" class=\"size-full wp-image-7551 aligncenter\" title=\"DTP Obama'dan \u00f6zerklik isteyecek \" src=\"http:\/\/www.korhanyilmaz.com\/wp-content\/uploads\/2009\/04\/040420091038038446361.jpg\" alt=\"DTP Obama'dan \u00f6zerklik isteyecek \" width=\"320\" height=\"100\" \/><\/p>\n<p style=\"text-align: justify;\"><strong>DTP Grup Ba\u015fken Vekili Demirta\u015f, G\u00fcneydo\u011fu i\u00e7in \u00f6zerklik talep edeceklerini a\u00e7\u0131klad\u0131<\/strong><\/p>\n<p style=\"text-align: justify;\">DTP, ABD Ba\u015fkan\u0131 Barack Obama&#8217;dan G\u00fcneydo\u011fu&#8217;da \u00f6zerklik istemeye haz\u0131rlan\u0131yor. Partinin Grup Ba\u015fkan Vekili Selahattin Demirta\u015f, Obama&#8217;n\u0131n ziyareti s\u0131ras\u0131nda kendisine K\u00fcrt sorununun \u00e7\u00f6z\u00fcm\u00fc i\u00e7in \u00f6zerklik talebinin de yer ald\u0131\u011f\u0131 bir dizi \u00f6neri ileteceklerini s\u00f6yledi.<\/p>\n<p style=\"text-align: justify;\">Reuters Haber Ajans\u0131&#8217;na konu\u015fan DTP Grup Ba\u015fkan Vekili Selahattin Demirta\u015f, Obama&#8217;n\u0131n K\u00fcrt sorununun \u00e7\u00f6z\u00fcm\u00fcne yard\u0131mc\u0131 olmas\u0131n\u0131 umduklar\u0131n\u0131 kaydetti.<!--more--><\/p>\n<h5 style=\"text-align: justify;\"><span style=\"color: #993300;\">DTP&#8217;li T\u00fcrk, Obama&#8217;ya &#8220;af mektubu&#8221; verecek<\/span><\/h5>\n<p style=\"text-align: justify;\"><img loading=\"lazy\" decoding=\"async\" class=\"size-full wp-image-7552 aligncenter\" src=\"http:\/\/www.korhanyilmaz.com\/wp-content\/uploads\/2009\/04\/040420091046301131092_3.jpg\" alt=\"\" width=\"250\" height=\"100\" \/><\/p>\n<p style=\"text-align: justify;\"><strong>&#8216;Mektupta, PKK i\u00e7in af ve temel K\u00fcrt haklar\u0131n\u0131n anayasal korumaya al\u0131nmas\u0131 olacak&#8217;<\/strong><\/p>\n<p style=\"text-align: justify;\">ABD Ba\u015fkan\u0131 Barack Obama&#8217;n\u0131n T\u00fcrkiye ziyareti \u00f6ncesi Reuters&#8217;a konu\u015fan DTP Meclis Grubu Ba\u015fkan Vekili Selahattin Demirta\u015f, parti lideri Ahmet T\u00fcrk&#8217;\u00fcn Obama&#8217;ya K\u00fcrt sorunu ile ilgili bir mektup verece\u011fini s\u00f6yledi. Demirta\u015f, &#8220;T\u00fcrk, Obama&#8217;ya DTP&#8217;nin bu sorunu \u00e7\u00f6zmek i\u00e7in d\u00fc\u015f\u00fcnd\u00fc\u011f\u00fc \u00e7\u00f6z\u00fcmlerden olu\u015fan bir mektup verecek. Bu mektupta, PKK i\u00e7in af ve temel K\u00fcrt haklar\u0131n\u0131n anayasal korumaya al\u0131nmas\u0131 olacak. Ayr\u0131ca yerel y\u00f6netime do\u011frudan se\u00e7ilmek i\u00e7in k\u0131s\u0131tl\u0131 otonomi gibi \u00f6neriler de yer alacak&#8221; dedi.<\/p>\n<p style=\"text-align: justify;\"><span style=\"color: #888888;\">Kaynak : Vatan<\/span><\/p>\n<p style=\"text-align: justify;\">\n<p style=\"text-align: justify;\">\n","protected":false},"excerpt":{"rendered":"<p style=\"text-align: center;\">\n<p style=\"text-align: justify;\">DTP Grup Ba\u015fken Vekili Demirta\u015f, G\u00fcneydo\u011fu i\u00e7in \u00f6zerklik talep edeceklerini a\u00e7\u0131klad\u0131<\/p>\n<p style=\"text-align: justify;\">DTP, ABD Ba\u015fkan\u0131 Barack Obama&#8217;dan G\u00fcneydo\u011fu&#8217;da \u00f6zerklik istemeye haz\u0131rlan\u0131yor. Partinin Grup Ba\u015fkan Vekili Selahattin Demirta\u015f, Obama&#8217;n\u0131n ziyareti s\u0131ras\u0131nda kendisine K\u00fcrt sorununun \u00e7\u00f6z\u00fcm\u00fc i\u00e7in \u00f6zerklik talebinin de yer ald\u0131\u011f\u0131 bir dizi \u00f6neri ileteceklerini s\u00f6yledi.<\/p>\n<p style=\"text-align: justify;\">Reuters Haber <\/p>\n","protected":false},"author":1,"featured_media":0,"comment_status":"open","ping_status":"closed","sticky":false,"template":"","format":"standard","meta":{"footnotes":""},"categories":[105],"tags":[],"class_list":["post-7550","post","type-post","status-publish","format-standard","hentry","category-gundem","odd"],"_links":{"self":[{"href":"http:\/\/www.korhanyilmaz.com\/index.php?rest_route=\/wp\/v2\/posts\/7550","targetHints":{"allow":["GET"]}}],"collection":[{"href":"http:\/\/www.korhanyilmaz.com\/index.php?rest_route=\/wp\/v2\/posts"}],"about":[{"href":"http:\/\/www.korhanyilmaz.com\/index.php?rest_route=\/wp\/v2\/types\/post"}],"author":[{"embeddable":true,"href":"http:\/\/www.korhanyilmaz.com\/index.php?rest_route=\/wp\/v2\/users\/1"}],"replies":[{"embeddable":true,"href":"http:\/\/www.korhanyilmaz.com\/index.php?rest_route=%2Fwp%2Fv2%2Fcomments&post=7550"}],"version-history":[{"count":0,"href":"http:\/\/www.korhanyilmaz.com\/index.php?rest_route=\/wp\/v2\/posts\/7550\/revisions"}],"wp:attachment":[{"href":"http:\/\/www.korhanyilmaz.com\/index.php?rest_route=%2Fwp%2Fv2%2Fmedia&parent=7550"}],"wp:term":[{"taxonomy":"category","embeddable":true,"href":"http:\/\/www.korhanyilmaz.com\/index.php?rest_route=%2Fwp%2Fv2%2Fcategories&post=7550"},{"taxonomy":"post_tag","embeddable":true,"href":"http:\/\/www.korhanyilmaz.com\/index.php?rest_route=%2Fwp%2Fv2%2Ftags&post=7550"}],"curies":[{"name":"wp","href":"https:\/\/api.w.org\/{rel}","templated":true}]}}