{"id":7523,"date":"2009-04-03T16:59:23","date_gmt":"2009-04-03T13:59:23","guid":{"rendered":"http:\/\/www.korhanyilmaz.com\/?p=7523"},"modified":"2009-04-03T16:59:23","modified_gmt":"2009-04-03T13:59:23","slug":"sendikaya-veda-mektubu","status":"publish","type":"post","link":"http:\/\/www.korhanyilmaz.com\/?p=7523","title":{"rendered":"Sendikaya veda mektubu"},"content":{"rendered":"<p style=\"text-align: center;\"><img loading=\"lazy\" decoding=\"async\" class=\"aligncenter size-full wp-image-7524\" title=\"Sendikaya veda mektubu \" src=\"http:\/\/www.korhanyilmaz.com\/wp-content\/uploads\/2009\/04\/030420091656218449505.jpg\" alt=\"Sendikaya veda mektubu \" width=\"329\" height=\"210\" \/><\/p>\n<p style=\"text-align: justify;\"><strong>&#8220;Ergenekon&#8221; soru\u015fturmas\u0131 kapsam\u0131nda tutuklanan ve 34 y\u0131ld\u0131r T\u00fcrk Metal Sendikas\u0131 Genel Ba\u015fkanl\u0131\u011f\u0131n\u0131 y\u00fcr\u00fcten Mustafa \u00d6zbek, sendikan\u0131n 13. Ola\u011fan Genel Kurulu&#8217;na g\u00f6nderdi\u011fi mektupla te\u015fkilata veda etti. <\/strong><\/p>\n<p style=\"text-align: justify;\">T\u00fcrk Metal Sendikas\u0131 13. Ola\u011fan Genel Kurulu, B\u00fcy\u00fck Anadolu Oteli&#8217;nde topland\u0131. Genel kurulun a\u00e7\u0131l\u0131\u015f\u0131nda sinevizyonla sendikan\u0131n tarihi anlat\u0131ld\u0131. Ard\u0131ndan Ergenekon&#8217;dan tutuklu Mustafa \u00d6zbek&#8217;in g\u00f6nderdi\u011fi mektup okundu. Mektubu &#8220;haks\u0131z ithamlar neticesinde g\u00f6nderildi\u011fi&#8221; Silivri&#8217;den yazd\u0131\u011f\u0131n\u0131 belirten \u00d6zbek, burada ge\u00e7irdi\u011fi 71 g\u00fcnde yaln\u0131z b\u0131rak\u0131lmad\u0131\u011f\u0131n\u0131 ifade etti. Mektubunda &#8220;Hakk\u0131mda ba\u015flat\u0131lan karalama kampanyalar\u0131nda s\u00f6ylenenler ile burada kar\u015f\u0131la\u015ft\u0131\u011f\u0131m ithamlar \u00e7ok farkl\u0131. Bas\u0131n\u0131n ba\u015flatt\u0131\u011f\u0131 bu karalama kampanyalar\u0131na kesinlikle inanmay\u0131n&#8221; diyen \u00d6zbek, &#8220;yalan ve iftira kampanyas\u0131yla&#8221; \u015fahs\u0131nda T\u00fcrk Metal&#8217;in bitkin d\u00fc\u015f\u00fcr\u00fclmeye \u00e7al\u0131\u015f\u0131ld\u0131\u011f\u0131n\u0131 savundu.<!--more--><\/p>\n<p style=\"text-align: justify;\"><strong>Vasiyetimdir&#8230;<\/strong><\/p>\n<p style=\"text-align: justify;\">Mektubunun, bir veda mektubu oldu\u011funu vurgulayan T\u00fcrk Metal Sendikas\u0131&#8217;n\u0131n 39 y\u0131ll\u0131k ba\u015fkan\u0131 \u00d6zbek, bunun yeni verilmi\u015f bir karar olmad\u0131\u011f\u0131n\u0131, te\u015fkilat\u0131n gelece\u011fini d\u00fc\u015f\u00fcnerek, kendisi i\u00e7in verilmi\u015f en isabetli karar oldu\u011funu belirtti. \u00d6zbek, &#8220;Allah&#8217;a \u015f\u00fck\u00fcrler olsun ki onca iftira kampanyas\u0131na ra\u011fmen sendikam\u0131zdan bir \u00e7ak\u0131l ta\u015f\u0131 bile koparamad\u0131lar&#8221; dedi. Genel Ba\u015fkan olarak olmasa da T\u00fcrk i\u015f\u00e7i hareketinin ve T\u00fcrk Metal&#8217;in bir neferi olarak i\u015f\u00e7ilerle birlikte olaca\u011f\u0131n\u0131 ifade eden \u00d6zbek, T\u00fcrk adaletinin o g\u00fcnleri kendisine g\u00f6sterece\u011fini kaydetti. Mektubunun bir vasiyet olarak kabul edilmesini isteyen \u00d6zbek, \u015fu ifadelere yer verdi: &#8220;\u015eimdi bu esere sahip \u00e7\u0131kma zaman\u0131. \u00c7\u00fcnk\u00fc bu sendika metal i\u015f\u00e7ilerinin s\u0131\u011f\u0131naca\u011f\u0131 tek liman, g\u00fcvendi\u011fi tek da\u011f. Bu da\u011fa kar ya\u011fd\u0131rmay\u0131n. Bu sendikay\u0131 k\u0131s\u0131r tart\u0131\u015fmalara kurban etmeyin. Siyaset\u00e7ilerin arka bah\u00e7esi olmas\u0131na izin vermeyin. Metal i\u015f\u00e7ilerinin ekmek davas\u0131na hizmet edin. Bu ekme\u011fin k\u00fc\u00e7\u00fclmesine izin vermeyin. &#8220;<\/p>\n<p style=\"text-align: justify;\">Genel Kurul&#8217;da sendikan\u0131n yeni bir kadroyla yola \u00e7\u0131kaca\u011f\u0131n\u0131 kaydeden \u00d6zbek, &#8220;Se\u00e7ene\u011finiz i\u015finizi kolayla\u015ft\u0131rmal\u0131. Pevrul Kavlak&#8217;\u0131n ba\u015fkanl\u0131\u011f\u0131ndaki ekip, T\u00fcrk Metal i\u015f\u00e7ilerini hi\u00e7 bir zaman mah\u00e7up etmeyecektir. Hepiniz, yeni ekiple birlikte ve beraber olmal\u0131, birbirinizle kenetlenmelisiniz&#8221; dedi.<\/p>\n<p style=\"text-align: justify;\"><span style=\"color: #888888;\">Kaynak : Vatan<\/span><\/p>\n<p style=\"text-align: justify;\">\n","protected":false},"excerpt":{"rendered":"<p style=\"text-align: center;\">\n<p style=\"text-align: justify;\">&#8220;Ergenekon&#8221; soru\u015fturmas\u0131 kapsam\u0131nda tutuklanan ve 34 y\u0131ld\u0131r T\u00fcrk Metal Sendikas\u0131 Genel Ba\u015fkanl\u0131\u011f\u0131n\u0131 y\u00fcr\u00fcten Mustafa \u00d6zbek, sendikan\u0131n 13. Ola\u011fan Genel Kurulu&#8217;na g\u00f6nderdi\u011fi mektupla te\u015fkilata veda etti. <\/p>\n<p style=\"text-align: justify;\">T\u00fcrk Metal Sendikas\u0131 13. Ola\u011fan Genel Kurulu, B\u00fcy\u00fck Anadolu Oteli&#8217;nde topland\u0131. Genel kurulun a\u00e7\u0131l\u0131\u015f\u0131nda sinevizyonla sendikan\u0131n tarihi anlat\u0131ld\u0131. Ard\u0131ndan Ergenekon&#8217;dan tutuklu Mustafa <\/p>\n","protected":false},"author":1,"featured_media":0,"comment_status":"open","ping_status":"closed","sticky":false,"template":"","format":"standard","meta":{"footnotes":""},"categories":[105],"tags":[],"class_list":["post-7523","post","type-post","status-publish","format-standard","hentry","category-gundem","odd"],"_links":{"self":[{"href":"http:\/\/www.korhanyilmaz.com\/index.php?rest_route=\/wp\/v2\/posts\/7523","targetHints":{"allow":["GET"]}}],"collection":[{"href":"http:\/\/www.korhanyilmaz.com\/index.php?rest_route=\/wp\/v2\/posts"}],"about":[{"href":"http:\/\/www.korhanyilmaz.com\/index.php?rest_route=\/wp\/v2\/types\/post"}],"author":[{"embeddable":true,"href":"http:\/\/www.korhanyilmaz.com\/index.php?rest_route=\/wp\/v2\/users\/1"}],"replies":[{"embeddable":true,"href":"http:\/\/www.korhanyilmaz.com\/index.php?rest_route=%2Fwp%2Fv2%2Fcomments&post=7523"}],"version-history":[{"count":0,"href":"http:\/\/www.korhanyilmaz.com\/index.php?rest_route=\/wp\/v2\/posts\/7523\/revisions"}],"wp:attachment":[{"href":"http:\/\/www.korhanyilmaz.com\/index.php?rest_route=%2Fwp%2Fv2%2Fmedia&parent=7523"}],"wp:term":[{"taxonomy":"category","embeddable":true,"href":"http:\/\/www.korhanyilmaz.com\/index.php?rest_route=%2Fwp%2Fv2%2Fcategories&post=7523"},{"taxonomy":"post_tag","embeddable":true,"href":"http:\/\/www.korhanyilmaz.com\/index.php?rest_route=%2Fwp%2Fv2%2Ftags&post=7523"}],"curies":[{"name":"wp","href":"https:\/\/api.w.org\/{rel}","templated":true}]}}