{"id":7518,"date":"2009-04-03T10:07:09","date_gmt":"2009-04-03T07:07:09","guid":{"rendered":"http:\/\/www.korhanyilmaz.com\/?p=7518"},"modified":"2009-04-03T10:07:09","modified_gmt":"2009-04-03T07:07:09","slug":"rtukun-butcesi-imama-emanet","status":"publish","type":"post","link":"http:\/\/www.korhanyilmaz.com\/?p=7518","title":{"rendered":"RT\u00dcK&#039;\u00fcn b\u00fct\u00e7esi imama emanet"},"content":{"rendered":"<p style=\"text-align: center;\"><img loading=\"lazy\" decoding=\"async\" class=\"aligncenter size-full wp-image-7519\" title=\"RT\u00dcK'\u00fcn b\u00fct\u00e7esi imama emanet \" src=\"http:\/\/www.korhanyilmaz.com\/wp-content\/uploads\/2009\/04\/030420091524066524366.jpg\" alt=\"RT\u00dcK'\u00fcn b\u00fct\u00e7esi imama emanet \" width=\"329\" height=\"210\" \/><\/p>\n<p style=\"text-align: justify;\"><strong>RT\u00dcK&#8217;e imamdan sayman bek\u00e7iden personel m\u00fcd\u00fcr\u00fc <\/strong><\/p>\n<p style=\"text-align: justify;\">\u00dc\u00e7 y\u0131ld\u0131r RT\u00dcK&#8217;te memur olarak \u00e7al\u0131\u015fan eski A\u015eT\u0130 imam\u0131 Adem \u00c7obaner, Mali \u0130\u015fler Daire Ba\u015fkanl\u0131\u011f\u0131&#8217;na &#8216;sayman&#8217;, bek\u00e7i kadrosuyla i\u015fe ba\u015flayan Alaettin Kutlu da Personel Dairesi&#8217;ne &#8216;m\u00fcd\u00fcr&#8217; olarak atand\u0131<\/p>\n<p style=\"text-align: justify;\">RT\u00dcK&#8217;\u00fcn AKP ve CHP kontenjan\u0131ndan se\u00e7ilen \u00fcyeleri aras\u0131nda bu kez de atama krizi ya\u015fan\u0131yor. Kurulun 1 Nisan tarihli toplant\u0131s\u0131nda, bir\u00e7ok \u00fcst kurul uzman\u0131, daire ba\u015fkan yard\u0131mc\u0131l\u0131klar\u0131 ve m\u00fcd\u00fcrl\u00fck kadrolar\u0131na getirildi. Buna g\u00f6re 2006&#8217;da RT\u00dcK&#8217;te \u0130dari ve Mali \u0130\u015fler Daire Ba\u015fkanl\u0131\u011f\u0131&#8217;nda memur olarak i\u015fe ba\u015flayan, 1987-1999 aras\u0131nda Zonguldak Ere\u011fli&#8217;de \u0130mam Hatiplik yapan, daha sonra Ekim 1996-Mart 1997 aras\u0131 A\u015eT\u0130&#8217;de (Ankara \u015eehirleraras\u0131 Otob\u00fcs Terminali) imaml\u0131k g\u00f6revini y\u00fcr\u00fcten Adem \u00c7obaner oldu. \u00c7obaner, son kurul toplant\u0131s\u0131nda al\u0131nan karar uyar\u0131nca \u0130dari ve Mali \u0130\u015fler Dairesi saymanl\u0131\u011f\u0131na getirildi. <!--more-->Yani 144 milyon 829 bin TL&#8217;lik RT\u00dcK b\u00fct\u00e7esinin emanet edilece\u011fi isimlerden birisi de eski bir imam oluyor. 1996&#8217;da RT\u00dcK&#8217;te Savunma Sekreterli\u011fi&#8217;nde bek\u00e7i olarak i\u015fe ba\u015flayan, 1997&#8217;de ayn\u0131 b\u00f6l\u00fcmde memurlu\u011fa getirilen, 2003&#8217;ten bu yana da \u00fcst kurul uzman\u0131 olarak g\u00f6rev yapan Alaettin Kutlu ise, Personel Daire Ba\u015fkanl\u0131\u011f\u0131&#8217;nda m\u00fcd\u00fcr yap\u0131ld\u0131.<\/p>\n<p style=\"text-align: justify;\">1996&#8217;da RT\u00dcK&#8217;e uzman olarak al\u0131nan RP ve FP&#8217;li eski milletvekili R\u0131za Ulucak&#8217;\u0131n o\u011flu olan Emir Miraceddin Ulucak ise son operasyonla \u0130zleme ve De\u011ferlendirme Dairesi Ba\u015fkan Yard\u0131mc\u0131l\u0131\u011f\u0131&#8217;na getirildi.<\/p>\n<p style=\"text-align: justify;\"><strong>CHP&#8217;li \u00fcyeler itiraz etti <\/strong><\/p>\n<p style=\"text-align: justify;\">Atamalar CHP kontenjan\u0131ndan se\u00e7ilen \u00fc\u00e7 RT\u00dcK \u00fcyesinin kar\u015f\u0131 \u00e7\u0131kmas\u0131na ra\u011fmen 3&#8217;e kar\u015f\u0131 6 oyla yap\u0131ld\u0131. RT\u00dcK&#8217;\u00fcn CHP&#8217;li \u00fcyesi Mehmet Dadak, atama konusunun toplant\u0131ya g\u00fcndem d\u0131\u015f\u0131, alalade getirilmesinin usule uygun olmad\u0131\u011f\u0131n\u0131 ifade ederek, atamalara kar\u015f\u0131 \u00e7\u0131k\u0131\u015f nedenlerine ili\u015fkin \u015funlar\u0131 s\u00f6yledi: &#8220;Birincisi toplant\u0131ya konu g\u00fcndem d\u0131\u015f\u0131 geldi. Bu \u015fekilde olmas\u0131 usule uygun de\u011fildir. \u0130kincisi bu ki\u015filer ehil mi de\u011fil mi, g\u00f6revlerinde ba\u015far\u0131l\u0131 m\u0131 de\u011fil mi onlara ili\u015fkin herhangi bir bilgi yok. Ekinde CV&#8217;leri yok. Sadece \u00e7al\u0131\u015fma durumlar\u0131 var. \u00dc\u00e7\u00fcnc\u00fcs\u00fc daha \u00f6nce yapt\u0131rd\u0131\u011f\u0131m\u0131z bir norm kadro \u015femam\u0131z var. Bu &#8221; Norm Kadro \u015eemas\u0131 &#8220;na uygun olup olmad\u0131\u011f\u0131n\u0131 bilmiyoruz. D\u00f6rd\u00fcnc\u00fcs\u00fc ve en \u00f6nemlisi 3984 Say\u0131l\u0131 RT\u00dcK Yasas\u0131&#8217;n\u0131n 15. maddesinin son f\u0131kras\u0131nda, &#8216;\u00dcst Kurul Atama Usulleri Y\u00f6netmeli\u011fi \u00e7\u0131kar\u0131r. Ona g\u00f6re atama yapar&#8217;der. Oysa &#8216;Atama Usulleri Y\u00f6netmeli\u011fi&#8217;kanun \u00e7\u0131kt\u0131\u011f\u0131ndan beri bug\u00fcne kadar \u00e7\u0131kmam\u0131\u015ft\u0131r. \u00c7\u0131kmad\u0131\u011f\u0131 i\u00e7in de objektif kriterlere g\u00f6re de\u011fil; subjektif tarafgir kriterlere g\u00f6re atama yap\u0131lmaktad\u0131r. Atamalar, &#8216;Atama Usulleri Y\u00f6netmeli\u011fi&#8217;\u00e7\u0131kar\u0131lmadan yap\u0131lan keyfi atamalard\u0131r. Be\u015finci ve son olarak, yeni yasa tasar\u0131m\u0131z haz\u0131r. Yasa \u00e7\u0131kacak. Yasa \u00e7\u0131kt\u0131ktan sonra bu atamalar\u0131n yap\u0131laca\u011f\u0131n\u0131n daha uygun olaca\u011f\u0131 d\u00fc\u015f\u00fcncesiyle bu atamalara kar\u015f\u0131 \u00e7\u0131kt\u0131m.&#8221;<\/p>\n<p style=\"text-align: justify;\">Son atamalara ili\u015fkin ele\u015ftiriler \u00fczerine RT\u00dcK, jet h\u0131z\u0131yla yaz\u0131l\u0131 bir a\u00e7\u0131klama yapt\u0131. A\u00e7\u0131klamada atamalar\u0131n &#8220;\u00fcst kurul karar\u0131 ile tamam\u0131 \u00fcst kurul b\u00fcnyesinde \u00e7al\u0131\u015fan personel aras\u0131ndan ger\u00e7ekle\u015ftirildi\u011fi&#8221; bildirildi.<\/p>\n<p style=\"text-align: justify;\">RT\u00dcK&#8217;\u00fcn \u00fclke genelinde yay\u0131n yapan radyo ve televizyonlar\u0131n d\u00fczenlenmesi ve denetlenmesinden sorumlu oldu\u011fu belirtilen a\u00e7\u0131klamada, &#8220;Bu \u00e7er\u00e7evede y\u00fcr\u00fct\u00fclmekte olan ve y\u00fcr\u00fct\u00fclmesi planlanan \u00e7al\u0131\u015fma ve projeleri de uzman personel eliyle ger\u00e7ekle\u015ftirmektedir&#8221; denildi. Bu projelerden baz\u0131lar\u0131n\u0131n, say\u0131sal kay\u0131t ar\u015fivi ve analiz sistemi, medya okuryazarl\u0131\u011f\u0131, kurum i\u00e7i ve yay\u0131nc\u0131lara y\u00f6nelik kurum d\u0131\u015f\u0131 e\u011fitim faaliyetleri, kalite y\u00f6netim sistemi, kurumsal kaynak planlamas\u0131 oldu\u011funun belirtildi\u011fi a\u00e7\u0131klamada, \u015funlar kaydedildi:<\/p>\n<p style=\"text-align: justify;\">&#8220;Bu projelere ba\u011fl\u0131 olarak daire ba\u015fkanl\u0131klar\u0131n\u0131n artan i\u015f y\u00fck\u00fcn\u00fc kar\u015f\u0131lamak \u00fczere kariyer ve liyakat ilkeleri de g\u00f6zetilerek hiyerar\u015fiye uygun bir \u015fekilde tamam\u0131 halen \u00fcst kurul b\u00fcnyesinde, \u00f6nemli bir k\u0131sm\u0131 ise 10-15 y\u0131ld\u0131r \u00fcst kurulda \u00e7al\u0131\u015fmakta olan personel aras\u0131ndan s\u00f6z konusu atamalar ger\u00e7ekle\u015ftirilmi\u015ftir. Bahse konu atamalar norm kadro \u015femas\u0131 da dikkate al\u0131narak \u00fcst kurul karar\u0131 ile ger\u00e7ekle\u015ftirilmi\u015ftir. Yap\u0131lan atamalar 3984 say\u0131l\u0131 Radyo ve Televizyonlar\u0131n Kurulu\u015f ve Yay\u0131nlar\u0131 Hakk\u0131nda Kanun ile 8.11.2002 tarih ve 24930 say\u0131l\u0131 Resmi Gazete&#8217;de yay\u0131mlanan Radyo ve Televizyon \u00dcst Kurulu Personel Y\u00f6netmeli\u011finde \u00f6ng\u00f6r\u00fclen ko\u015fullara uygun olup, hukuka ayk\u0131r\u0131 herhangi bir husus bulunmamaktad\u0131r.&#8221;<\/p>\n<p style=\"text-align: justify;\"><span style=\"color: #888888;\">Kaynak : \u015eebnem Ho\u015fg\u00f6r &#8211; Vatan<\/span><\/p>\n<p style=\"text-align: justify;\">\n","protected":false},"excerpt":{"rendered":"<p style=\"text-align: center;\">\n<p style=\"text-align: justify;\">RT\u00dcK&#8217;e imamdan sayman bek\u00e7iden personel m\u00fcd\u00fcr\u00fc <\/p>\n<p style=\"text-align: justify;\">\u00dc\u00e7 y\u0131ld\u0131r RT\u00dcK&#8217;te memur olarak \u00e7al\u0131\u015fan eski A\u015eT\u0130 imam\u0131 Adem \u00c7obaner, Mali \u0130\u015fler Daire Ba\u015fkanl\u0131\u011f\u0131&#8217;na &#8216;sayman&#8217;, bek\u00e7i kadrosuyla i\u015fe ba\u015flayan Alaettin Kutlu da Personel Dairesi&#8217;ne &#8216;m\u00fcd\u00fcr&#8217; olarak atand\u0131<\/p>\n<p style=\"text-align: justify;\">RT\u00dcK&#8217;\u00fcn AKP ve CHP kontenjan\u0131ndan se\u00e7ilen \u00fcyeleri aras\u0131nda bu kez de <\/p>\n","protected":false},"author":1,"featured_media":0,"comment_status":"open","ping_status":"closed","sticky":false,"template":"","format":"standard","meta":{"footnotes":""},"categories":[105],"tags":[],"class_list":["post-7518","post","type-post","status-publish","format-standard","hentry","category-gundem","odd"],"_links":{"self":[{"href":"http:\/\/www.korhanyilmaz.com\/index.php?rest_route=\/wp\/v2\/posts\/7518","targetHints":{"allow":["GET"]}}],"collection":[{"href":"http:\/\/www.korhanyilmaz.com\/index.php?rest_route=\/wp\/v2\/posts"}],"about":[{"href":"http:\/\/www.korhanyilmaz.com\/index.php?rest_route=\/wp\/v2\/types\/post"}],"author":[{"embeddable":true,"href":"http:\/\/www.korhanyilmaz.com\/index.php?rest_route=\/wp\/v2\/users\/1"}],"replies":[{"embeddable":true,"href":"http:\/\/www.korhanyilmaz.com\/index.php?rest_route=%2Fwp%2Fv2%2Fcomments&post=7518"}],"version-history":[{"count":0,"href":"http:\/\/www.korhanyilmaz.com\/index.php?rest_route=\/wp\/v2\/posts\/7518\/revisions"}],"wp:attachment":[{"href":"http:\/\/www.korhanyilmaz.com\/index.php?rest_route=%2Fwp%2Fv2%2Fmedia&parent=7518"}],"wp:term":[{"taxonomy":"category","embeddable":true,"href":"http:\/\/www.korhanyilmaz.com\/index.php?rest_route=%2Fwp%2Fv2%2Fcategories&post=7518"},{"taxonomy":"post_tag","embeddable":true,"href":"http:\/\/www.korhanyilmaz.com\/index.php?rest_route=%2Fwp%2Fv2%2Ftags&post=7518"}],"curies":[{"name":"wp","href":"https:\/\/api.w.org\/{rel}","templated":true}]}}