{"id":7513,"date":"2009-04-04T08:04:05","date_gmt":"2009-04-04T05:04:05","guid":{"rendered":"http:\/\/www.korhanyilmaz.com\/?p=7513"},"modified":"2009-04-04T08:04:05","modified_gmt":"2009-04-04T05:04:05","slug":"kralin-onunde-egildi","status":"publish","type":"post","link":"http:\/\/www.korhanyilmaz.com\/?p=7513","title":{"rendered":"Kral\u0131n \u00f6n\u00fcnde e\u011fildi"},"content":{"rendered":"<p style=\"text-align: center;\"><img loading=\"lazy\" decoding=\"async\" class=\"aligncenter size-full wp-image-7514\" title=\"Kral\u0131n \u00f6n\u00fcnde e\u011fildi \" src=\"http:\/\/www.korhanyilmaz.com\/wp-content\/uploads\/2009\/04\/040420090504509864503.jpg\" alt=\"Kral\u0131n \u00f6n\u00fcnde e\u011fildi \" width=\"329\" height=\"210\" \/><\/p>\n<p style=\"text-align: justify;\"><strong>D\u00fcnya lideri konumundaki Ba\u015fkan Obama&#8217;n\u0131n Suudi Kral\u0131 Abdullah ile tokala\u015f\u0131rken fazla e\u011filip adeta iki b\u00fckl\u00fcm olmas\u0131 ABD&#8217;de tepki yaratt\u0131. <\/strong><\/p>\n<p style=\"text-align: justify;\">Gizli bir M\u00fcsl\u00fcman oldu\u011fu iddia edilen Obama&#8217;n\u0131n kendisine &#8216;Selam\u00fcn Aleyk\u00fcm&#8217; diyen Kral&#8217;a &#8216;Aleyk\u00fcm Selam&#8217; diye kar\u015f\u0131l\u0131k vermesi de dikkat \u00e7ekti.<br \/>\nMuhafazakar TV yorumcusu Ellis, &#8220;\u00d6zg\u00fcr d\u00fcnyan\u0131n lideri, insan haklar\u0131n\u0131 ayaklar alt\u0131na alan diktat\u00f6r kar\u015f\u0131s\u0131nda e\u011filir mi?&#8221; dedi. Muhafazakar sitelerde, &#8220;Bir liderin ba\u015fka \u00fclke lideri \u00f6n\u00fcnde e\u011filmesi diplomaside onun g\u00fcc\u00fcn\u00fc kabul etti\u011fi anlam\u0131na gelir. Bu nedenle hi\u00e7bir ABD Ba\u015fkan\u0131, \u0130ngiltere Krali\u00e7esi&#8217;nin \u00f6n\u00fcnde e\u011filmez. Suudi Kral\u0131&#8217;n\u0131n \u00f6n\u00fcnde e\u011filmek utan\u00e7 verici&#8221; ifadesi yer ald\u0131.\n<\/p>\n<p style=\"text-align: justify;\"><span style=\"color: #888888;\">Kaynak : Vatan<\/span><\/p>\n","protected":false},"excerpt":{"rendered":"<p style=\"text-align: center;\">\n<p style=\"text-align: justify;\">D\u00fcnya lideri konumundaki Ba\u015fkan Obama&#8217;n\u0131n Suudi Kral\u0131 Abdullah ile tokala\u015f\u0131rken fazla e\u011filip adeta iki b\u00fckl\u00fcm olmas\u0131 ABD&#8217;de tepki yaratt\u0131. <\/p>\n<p style=\"text-align: justify;\">Gizli bir M\u00fcsl\u00fcman oldu\u011fu iddia edilen Obama&#8217;n\u0131n kendisine &#8216;Selam\u00fcn Aleyk\u00fcm&#8217; diyen Kral&#8217;a &#8216;Aleyk\u00fcm Selam&#8217; diye kar\u015f\u0131l\u0131k vermesi de dikkat \u00e7ekti. Muhafazakar TV yorumcusu Ellis, &#8220;\u00d6zg\u00fcr d\u00fcnyan\u0131n lideri, insan <\/p>\n","protected":false},"author":1,"featured_media":0,"comment_status":"open","ping_status":"closed","sticky":false,"template":"","format":"standard","meta":{"footnotes":""},"categories":[3],"tags":[],"class_list":["post-7513","post","type-post","status-publish","format-standard","hentry","category-dunya","odd"],"_links":{"self":[{"href":"http:\/\/www.korhanyilmaz.com\/index.php?rest_route=\/wp\/v2\/posts\/7513","targetHints":{"allow":["GET"]}}],"collection":[{"href":"http:\/\/www.korhanyilmaz.com\/index.php?rest_route=\/wp\/v2\/posts"}],"about":[{"href":"http:\/\/www.korhanyilmaz.com\/index.php?rest_route=\/wp\/v2\/types\/post"}],"author":[{"embeddable":true,"href":"http:\/\/www.korhanyilmaz.com\/index.php?rest_route=\/wp\/v2\/users\/1"}],"replies":[{"embeddable":true,"href":"http:\/\/www.korhanyilmaz.com\/index.php?rest_route=%2Fwp%2Fv2%2Fcomments&post=7513"}],"version-history":[{"count":0,"href":"http:\/\/www.korhanyilmaz.com\/index.php?rest_route=\/wp\/v2\/posts\/7513\/revisions"}],"wp:attachment":[{"href":"http:\/\/www.korhanyilmaz.com\/index.php?rest_route=%2Fwp%2Fv2%2Fmedia&parent=7513"}],"wp:term":[{"taxonomy":"category","embeddable":true,"href":"http:\/\/www.korhanyilmaz.com\/index.php?rest_route=%2Fwp%2Fv2%2Fcategories&post=7513"},{"taxonomy":"post_tag","embeddable":true,"href":"http:\/\/www.korhanyilmaz.com\/index.php?rest_route=%2Fwp%2Fv2%2Ftags&post=7513"}],"curies":[{"name":"wp","href":"https:\/\/api.w.org\/{rel}","templated":true}]}}