{"id":7508,"date":"2009-04-04T08:04:06","date_gmt":"2009-04-04T05:04:06","guid":{"rendered":"http:\/\/www.korhanyilmaz.com\/?p=7508"},"modified":"2009-04-04T08:04:06","modified_gmt":"2009-04-04T05:04:06","slug":"turk-vetosu-rasmussen%e2%80%99in-hevesini-kursaginda-birakti","status":"publish","type":"post","link":"http:\/\/www.korhanyilmaz.com\/?p=7508","title":{"rendered":"T\u00fcrk vetosu Rasmussen\u2019in hevesini kursa\u011f\u0131nda b\u0131rakt\u0131"},"content":{"rendered":"<p style=\"text-align: center;\"><img loading=\"lazy\" decoding=\"async\" class=\"aligncenter size-full wp-image-7509\" src=\"http:\/\/www.korhanyilmaz.com\/wp-content\/uploads\/2009\/04\/040420090450088720596.jpg\" alt=\"\" width=\"329\" height=\"210\" \/><\/p>\n<p style=\"text-align: justify;\"><strong>NATO&#8217;nun yeni genel sekreterinin a\u00e7\u0131klanmas\u0131n\u0131n beklendi\u011fi zirvede T\u00fcrkiye&#8217;nin inad\u0131 k\u0131r\u0131lamad\u0131<\/strong>.<\/p>\n<p style=\"text-align: justify;\">Erdo\u011fan, Londra&#8217;da Danimarka Ba\u015fbakan\u0131 Anders Fogh Rasmussen&#8217;e kar\u015f\u0131 oldu\u011funu a\u00e7\u0131klad\u0131; G\u00fcl, Ankara&#8217;dan destek verdi. Danimarka lideri adayl\u0131\u011f\u0131n\u0131 resmen a\u00e7\u0131klad\u0131 ama T\u00fcrkiye&#8217;nin veto tehdidi nedeniyle NATO&#8217;nun yeni \u015fefi belirlenemedi.<\/p>\n<p style=\"text-align: justify;\">Kuzey Atlantik \u0130ttifak\u0131&#8217;na (NATO) \u00fcye 28 \u00fclkenin devlet ve h\u00fck\u00fcmet ba\u015fkanlar\u0131n\u0131 bir araya getiren Strasbourg-Kehl zirvesine T\u00fcrkiye damgas\u0131n\u0131 vurdu. \u0130ttifak\u0131n 60&#8217;\u0131nc\u0131 kurulu\u015f y\u0131ld\u00f6n\u00fcm\u00fcn\u00fcn de kutlanaca\u011f\u0131 iki g\u00fcnl\u00fck zirve i\u00e7in d\u00fcn bir araya gelen \u00fclke liderleri, temmuzda g\u00f6rev s\u00fcresi dolacak Hollandal\u0131 NATO Genel Sekreteri Jaap de Hoop Scheffer&#8217;dan koltu\u011fu devralacak ismi de a\u00e7\u0131klamay\u0131 planl\u0131yordu. <!--more-->\u00dczerinde uzla\u015fma sa\u011flanan isim Danimarka Ba\u015fbakan\u0131 Anders Fogh Rasmussen&#8217;di. Ancak ter\u00f6r \u00f6rg\u00fct\u00fc PKK&#8217;n\u0131n yay\u0131n organ\u0131 Roj TV&#8217;nin kapat\u0131lmamas\u0131 ve \u0130slam d\u00fcnyas\u0131n\u0131 aya\u011fa kald\u0131ran Hz. Muhammed karikat\u00fcrlerinin yaratt\u0131\u011f\u0131 krize tepkisiz kalmas\u0131 nedeniyle bu isme kar\u015f\u0131 \u00e7\u0131kan T\u00fcrkiye&#8217;nin geri ad\u0131m atmamas\u0131 yeni genel sekreterin belirlenmesini engelledi.<\/p>\n<p style=\"text-align: justify;\"><strong>Roj TV ve karikat\u00fcr krizi<\/strong><\/p>\n<p style=\"text-align: justify;\">T\u00fcrkiye, uzun s\u00fcredir ad\u0131 g\u00fcndemde olan Rasmussen&#8217;in genel sekreterli\u011fine kar\u015f\u0131 \u00e7\u0131k\u0131yordu. Ankara bu konuda bir\u00e7ok \u0130slam \u00fclkesinden de destek ald\u0131\u011f\u0131n\u0131 a\u00e7\u0131klam\u0131\u015ft\u0131. Bu g\u00f6reve getirilecek isim \u00fczerinde t\u00fcm \u00fcye \u00fclkelerin onay\u0131 al\u0131nmas\u0131 gerekti\u011fi halde diplomatik geleneklere ayk\u0131r\u0131 olarak sabah saatlerinde ajanslara NATO zirvesi i\u00e7in hareket eden Rasmussen&#8217;in resmen aday oldu\u011fun\u0131 a\u00e7\u0131klad\u0131\u011f\u0131 bilgisi geldi. Ancak Ba\u015fbakan Tayyip Erdo\u011fan NATO zirvesi ba\u015flamadan \u00f6nce Londra&#8217;da yapt\u0131\u011f\u0131 a\u00e7\u0131klamada Rasmussen&#8217;e kar\u015f\u0131 olduklar\u0131n\u0131 yineledi. T\u00fcrkiye&#8217;nin NATO&#8217;nun g\u00fc\u00e7 kaybetmemesini istedi\u011fini belirten Erdo\u011fan, \u015f\u00f6yle konu\u015ftu: &#8220;NATO, bar\u0131\u015f\u0131 g\u00fcvence alt\u0131na alma durumunda olan bir kurum. Fakat, \u00fclkemdeki ter\u00f6r \u00f6rg\u00fct\u00fcn\u00fcn yay\u0131n organ\u0131 Danimarka merkezli olarak yay\u0131n yap\u0131yor. 4 y\u0131l \u00f6nce Rasmussen&#8217;den ricada bulundum. &#8216;Bunu durdurun&#8217; dememize ra\u011fmen durdurmam\u0131\u015ft\u0131r veya durduramam\u0131\u015ft\u0131r. Hi\u00e7bir netice almad\u0131k. Nas\u0131l bu bar\u0131\u015f\u0131 koruma, g\u00fcvence alt\u0131na almad\u0131r. Bir karikat\u00fcr krizi ya\u015fad\u0131k. Kendilerinden ricada bulundum. \u00dclkenizdeki \u0130slam \u00fclkelerinin b\u00fcy\u00fckel\u00e7ilerini davet edin, onlara durumu anlat\u0131n, durumu nas\u0131l a\u015faca\u011f\u0131z bunlar\u0131 konu\u015fun dedik. Olumlu yakla\u015f\u0131lmad\u0131. Bu t\u00fcr bar\u0131\u015f s\u00fcrecine katk\u0131s\u0131 olamayanlar acaba bundan sonra nas\u0131l olacak. Bu bizde soru i\u015fareti meydana getiriyor. Do\u011frusu benim ki\u015fisel kanaatim, olumsuz bak\u0131yorum.&#8221;<\/p>\n<p style=\"text-align: justify;\"><strong>&#8216;So\u011fuk du\u015f etkisi yaratt\u0131&#8217;<\/strong><\/p>\n<p style=\"text-align: justify;\">Erdo\u011fan&#8217;\u0131n bu a\u00e7\u0131klamalar\u0131 d\u00fcnyan\u0131n \u00f6nde gelen haber ajanslar\u0131na fla\u015f haber olarak d\u00fc\u015ft\u00fc. Anadolu ajans\u0131 da &#8220;Erdo\u011fan NATO kulislerini \u015foke etti&#8221; ba\u015fl\u0131kl\u0131 bir haber ge\u00e7ti. Zirvede T\u00fcrkiye&#8217;yi temsil eden Cumhurba\u015fkan\u0131 Abdullah G\u00fcl de birka\u00e7 saat sonra Almanya&#8217;ya hareketinden \u00f6nce yapt\u0131\u011f\u0131 a\u00e7\u0131klamada Erdo\u011fan&#8217;a destek verdi: &#8220;T\u00fcrkiye&#8217;nin g\u00f6r\u00fc\u015f\u00fc tektir. Uluslar aras\u0131 meseleler s\u00f6z konusu oldu\u011funda, kendi i\u00e7 mekanizmalar\u0131m\u0131zda bunlar\u0131 g\u00f6r\u00fc\u015f\u00fcr\u00fcz. Bizce \u00f6nemli olan NATO&#8217;nun g\u00fc\u00e7l\u00fc olmas\u0131d\u0131r ve i\u015flevlerini en iyi \u015fekilde yapabilmesidir. Her \u015feyden \u00f6nce bu gelir, isim meselesi de\u011fil. NATO&#8217;da kararlar endi\u015felerin payla\u015f\u0131lmas\u0131, hassasiyetlerin dikkate al\u0131nmas\u0131 sonucunda oy birli\u011fiyle al\u0131n\u0131r. Bu bazen uzun s\u00fcrer, bazen sanc\u0131l\u0131 olur ama sonunda hep &#8216;kazan kazan&#8217; \u00e7er\u00e7evesi i\u00e7inde NATO g\u00fc\u00e7l\u00fc \u00e7\u0131kar.&#8221; Bu a\u00e7\u0131klamalar\u0131n ard\u0131ndan bir NATO yetkilisi &#8220;\u015eu an i\u00e7in zirvede yeni genel sekreterin belirlenmesine y\u00f6nelik bir plan yok&#8221; dedi. Bu g\u00f6rev i\u00e7in Rasmussen d\u0131\u015f\u0131nda Norve\u00e7 D\u0131\u015fi\u015fleri Bakan\u0131 Jonas Gahr Stoere ve Kanada Savunma Bakan\u0131 Peter MacKay&#8217;\u0131n da ad\u0131 ge\u00e7iyor. NATO kaynaklar\u0131na g\u00f6re 31 Temmuz&#8217;a kadar uzla\u015fma sa\u011flanamazsa, Scheffer&#8217;\u0131n g\u00f6rev s\u00fcresinin uzat\u0131lmas\u0131 da g\u00fcndeme gelebilir. Daha \u00f6nce hi\u00e7bir genel sekreterin g\u00f6rev s\u00fcresi uzat\u0131lmad\u0131. Scheffer&#8217;\u0131n se\u00e7ilmesi i\u00e7in kulis \u00e7al\u0131\u015fmalar\u0131 da sekiz ay s\u00fcrm\u00fc\u015ft\u00fc.<\/p>\n<p style=\"text-align: justify;\"><strong>&#8220;Derin nefes al\u0131p d\u00fc\u015f\u00fcnseler Erdo\u011fan&#8217;a hak verecekler&#8221;<\/strong><\/p>\n<p style=\"text-align: justify;\">\u0130NG\u0130LTERE&#8217;DE yay\u0131nlanan The Telegraph gazetesi, Rasmussen tercihinin Ba\u015fkan Obama i\u00e7in k\u00f6t\u00fc olabilece\u011fini yazd\u0131. Karikat\u00fcr krizinin Afganistan&#8217;da b\u00fcy\u00fck yank\u0131 buldu\u011funu ve Taliban&#8217;\u0131n bununla propaganda yapt\u0131\u011f\u0131n\u0131 hat\u0131rlatan gazete, bir diplomat\u0131n &#8220;NATO&#8217;da Rasmussen&#8217;in M\u00fcsl\u00fcman \u00fclkelere gitti\u011finde sert protestolarla kar\u015f\u0131la\u015faca\u011f\u0131 endi\u015feleri var&#8221; s\u00f6zlerine yer verdi. Rasmussen&#8217;in se\u00e7ilirse g\u00f6reve ba\u015flayaca\u011f\u0131 a\u011fustosta hem T\u00fcrkiye&#8217;nin Afganistan&#8217;daki NATO g\u00fc\u00e7lerinin komutas\u0131n\u0131 devralaca\u011f\u0131n\u0131 hem de \u00fclkenin \u00f6nemli bir se\u00e7ime gidece\u011fini hat\u0131rlatan gazete &#8220;Tart\u0131\u015fma \u00e7ok hassas bir d\u00f6neme geldi. Bu Obama&#8217;n\u0131n Afganistan stratejisine zarar verebilir&#8221;diye yazd\u0131. Gazeteye konu\u015fan bir T\u00fcrk diplomat da &#8220;NATO, M\u00fcsl\u00fcman d\u00fcnyas\u0131ndaki imaj\u0131n\u0131 d\u00fc\u015f\u00fcnmek zorunda&#8221; dedi. Ayr\u0131ca Rasmussen&#8217;in 2003&#8217;te bir \u00c7e\u00e7en lideri Rusya&#8217;ya iade etmemesi nedeniyle iki \u00fclke aras\u0131nda kriz ya\u015fand\u0131\u011f\u0131 hat\u0131rlat\u0131l\u0131rken, &#8220;Rusya ile ili\u015fkileri d\u00fczeltmek isteyen Obama i\u00e7in bu tercih sorun yaratabilir&#8221; yorumlar\u0131 yap\u0131l\u0131yor.<\/p>\n<p style=\"text-align: justify;\">Genel sekreter se\u00e7iminin ittifak i\u00e7in &#8220;kilit&#8221; \u00f6nemi ta\u015f\u0131d\u0131\u011f\u0131na da vurgu yapan The Times gazetesi ise Obama&#8217;n\u0131n Ankara ziyareti s\u0131ras\u0131nda T\u00fcrkiye&#8217;yi ikna i\u00e7in &#8216;t\u00fcm cazibesi&#8217;ni kullanmas\u0131 gerekti\u011fini yazd\u0131. The Independent ise, yap\u0131lan hummal\u0131 m\u00fczakerelere ra\u011fmen T\u00fcrkiye&#8217;nin hen\u00fcz ikna edilemedi\u011fini yazd\u0131.<\/p>\n<p style=\"text-align: justify;\">Alman Die Zeit gazetesi de &#8216;di\u011fer NATO \u00fclkelerinin devlet ve h\u00fck\u00fcmet ba\u015fkanlar\u0131 bu duruma ne kadar \u00f6fkelenseler de derin bir nefes al\u0131p d\u00fc\u015f\u00fcnd\u00fckleri takdirde, Erdo\u011fan&#8217;\u0131n belki de kendilerinin b\u00fcy\u00fck bir hata yapmalar\u0131n\u0131 \u00f6nlemi\u015f oldu\u011funu anlayabilece\u011fi&#8217; yorumunu yapt\u0131. Gazete yorumunda, &#8220;NATO&#8217;yu g\u00fcn\u00fcm\u00fcz d\u00fcnyas\u0131nda temsil etmek i\u00e7in do\u011fru ki\u015finin Rasmussen olmad\u0131\u011f\u0131n\u0131 Merkel, Sarkozy, Brown ve Obama&#8217;ya g\u00f6stermesi i\u00e7in neden T\u00fcrkiye&#8217;nin bu m\u00fcdahalesine gerek vard\u0131&#8221; ifadesi kullan\u0131ld\u0131.<\/p>\n<p style=\"text-align: justify;\"><strong>Zirvede T\u00fcrkiye&#8217;ye Rasmussen bask\u0131s\u0131<\/strong><\/p>\n<p style=\"text-align: justify;\">NATO&#8217;ya yeni genel sekreter aray\u0131\u015flar\u0131na ili\u015fkin temaslar s\u00fcr\u00fcyor. NATO \u00fcyesi \u00fclkelerin devlet ve h\u00fck\u00fcmet ba\u015fkanlar\u0131n\u0131 biraraya getiren \u00e7al\u0131\u015fma yeme\u011finde Danimarka Ba\u015fbakan\u0131 Anders Fogh Rasmussen&#8217;in adayl\u0131\u011f\u0131 konusu ele al\u0131nd\u0131. ABD Ba\u015fkan\u0131 Barack Obama ile Almanya Ba\u015fbakan\u0131 Angela Merkel dahil liderler, Cumhurba\u015fkan\u0131 Abdullah G\u00fcl&#8217;le konuyu g\u00f6r\u00fc\u015ft\u00fc. Diplomatik kaynaklar bu temaslarda G\u00fcl&#8217;\u00fcn, Rasmussen&#8217;in adayl\u0131\u011f\u0131 konusunda \u00e7ekinceleri dile getirdi\u011fini ve bir uzla\u015fman\u0131n m\u00fcmk\u00fcn g\u00f6z\u00fckmedi\u011fini, konunun bug\u00fcn de ele al\u0131naca\u011f\u0131n\u0131 bildirdi.<\/p>\n<p style=\"text-align: justify;\"><span style=\"color: #888888;\">Kaynak : Vatan<\/span><\/p>\n<p style=\"text-align: justify;\">\n","protected":false},"excerpt":{"rendered":"<p style=\"text-align: center;\">\n<p style=\"text-align: justify;\">NATO&#8217;nun yeni genel sekreterinin a\u00e7\u0131klanmas\u0131n\u0131n beklendi\u011fi zirvede T\u00fcrkiye&#8217;nin inad\u0131 k\u0131r\u0131lamad\u0131.<\/p>\n<p style=\"text-align: justify;\">Erdo\u011fan, Londra&#8217;da Danimarka Ba\u015fbakan\u0131 Anders Fogh Rasmussen&#8217;e kar\u015f\u0131 oldu\u011funu a\u00e7\u0131klad\u0131; G\u00fcl, Ankara&#8217;dan destek verdi. Danimarka lideri adayl\u0131\u011f\u0131n\u0131 resmen a\u00e7\u0131klad\u0131 ama T\u00fcrkiye&#8217;nin veto tehdidi nedeniyle NATO&#8217;nun yeni \u015fefi belirlenemedi.<\/p>\n<p style=\"text-align: justify;\">Kuzey Atlantik \u0130ttifak\u0131&#8217;na (NATO) \u00fcye 28 \u00fclkenin devlet <\/p>\n","protected":false},"author":1,"featured_media":0,"comment_status":"open","ping_status":"closed","sticky":false,"template":"","format":"standard","meta":{"footnotes":""},"categories":[105],"tags":[],"class_list":["post-7508","post","type-post","status-publish","format-standard","hentry","category-gundem","odd"],"_links":{"self":[{"href":"http:\/\/www.korhanyilmaz.com\/index.php?rest_route=\/wp\/v2\/posts\/7508","targetHints":{"allow":["GET"]}}],"collection":[{"href":"http:\/\/www.korhanyilmaz.com\/index.php?rest_route=\/wp\/v2\/posts"}],"about":[{"href":"http:\/\/www.korhanyilmaz.com\/index.php?rest_route=\/wp\/v2\/types\/post"}],"author":[{"embeddable":true,"href":"http:\/\/www.korhanyilmaz.com\/index.php?rest_route=\/wp\/v2\/users\/1"}],"replies":[{"embeddable":true,"href":"http:\/\/www.korhanyilmaz.com\/index.php?rest_route=%2Fwp%2Fv2%2Fcomments&post=7508"}],"version-history":[{"count":0,"href":"http:\/\/www.korhanyilmaz.com\/index.php?rest_route=\/wp\/v2\/posts\/7508\/revisions"}],"wp:attachment":[{"href":"http:\/\/www.korhanyilmaz.com\/index.php?rest_route=%2Fwp%2Fv2%2Fmedia&parent=7508"}],"wp:term":[{"taxonomy":"category","embeddable":true,"href":"http:\/\/www.korhanyilmaz.com\/index.php?rest_route=%2Fwp%2Fv2%2Fcategories&post=7508"},{"taxonomy":"post_tag","embeddable":true,"href":"http:\/\/www.korhanyilmaz.com\/index.php?rest_route=%2Fwp%2Fv2%2Ftags&post=7508"}],"curies":[{"name":"wp","href":"https:\/\/api.w.org\/{rel}","templated":true}]}}