{"id":7502,"date":"2009-04-03T14:17:07","date_gmt":"2009-04-03T11:17:07","guid":{"rendered":"http:\/\/www.korhanyilmaz.com\/?p=7502"},"modified":"2009-04-03T14:17:07","modified_gmt":"2009-04-03T11:17:07","slug":"bakan-yanlistan-dondu","status":"publish","type":"post","link":"http:\/\/www.korhanyilmaz.com\/?p=7502","title":{"rendered":"Bakan yanl\u0131\u015ftan d\u00f6nd\u00fc"},"content":{"rendered":"<p><img loading=\"lazy\" decoding=\"async\" class=\"aligncenter size-full wp-image-7504\" title=\"0404200904482521726081\" src=\"http:\/\/www.korhanyilmaz.com\/wp-content\/uploads\/2009\/04\/0404200904482521726081.jpg\" alt=\"0404200904482521726081\" width=\"329\" height=\"166\" \/><\/p>\n<p style=\"text-align: justify;\"><strong><\/strong>Adalet Bakan\u0131 Mehmet Ali \u015eahin&#8217;in 13 ve 15 ya\u015f\u0131ndaki \u00e7ocuklar\u0131n\u0131 yeni Sosyal G\u00fcvenlik yasas\u0131 y\u00fcr\u00fcrl\u00fc\u011fe girmeden k\u0131sa s\u00fcre \u00f6nce sigortal\u0131 yapt\u0131rd\u0131\u011f\u0131 ortaya \u00e7\u0131km\u0131\u015ft\u0131. Bakan \u015eahin SGK&#8217;ya ba\u015fvurarak \u00e7ocuklar\u0131n\u0131n bilgisi d\u0131\u015f\u0131nda sigortal\u0131 yap\u0131ld\u0131\u011f\u0131n\u0131 belirtip sigortal\u0131l\u0131klar\u0131n\u0131 iptal ettirdi<br \/>\nAdalet Bakan\u0131 Mehmet Ali \u015eahin, 13 ya\u015f\u0131ndaki o\u011flu ve 15 ya\u015f\u0131ndaki k\u0131z\u0131n\u0131n, yeni Sosyal G\u00fcvenlik Yasas\u0131&#8217;n\u0131n y\u00fcr\u00fcrl\u00fc\u011fe girmesinden birka\u00e7 g\u00fcn \u00f6nce yap\u0131lan sigortal\u0131l\u0131\u011f\u0131n\u0131 iptal ettirdi. Adalet Bakan\u0131 \u015eahin&#8217;in iki \u00e7ocu\u011funun vatanda\u015fa mezarda emeklilik getiren Sosyal G\u00fcvenlik Reformu&#8217;ndan kurtarmak i\u00e7in yeni yasan\u0131n y\u00fcr\u00fcrl\u00fc\u011f\u00fcnden bir ka\u00e7 g\u00fcn \u00f6nce sigortal\u0131 yap\u0131ld\u0131\u011f\u0131 haberini VATAN g\u00fcndeme getirmi\u015fti.<!--more-->\n<\/p>\n<p style=\"text-align: justify;\">Adalet Bakan\u0131 \u015eahin&#8217;in 1993 do\u011fumlu k\u0131z\u0131 B\u00fc\u015fra&#8217;n\u0131n, yeni yasa y\u00fcr\u00fcrl\u00fc\u011fe girmeden 18 g\u00fcn \u00f6nce, 12 Nisan&#8217;da i\u015fe giri\u015f ve yine ayn\u0131 g\u00fcn i\u015ften \u00e7\u0131k\u0131\u015f g\u00f6sterilerek sigortal\u0131 giri\u015fi yap\u0131lm\u0131\u015ft\u0131. B\u00f6ylece B\u00fc\u015fra \u015eahin, 1 g\u00fcnl\u00fck prim \u00f6demesiyle yeni Sosyal G\u00fcvenlik Yasas\u0131&#8217;n\u0131n emeklilik ya\u015f\u0131, prim \u00f6deme g\u00fcn say\u0131s\u0131 gibi olumsuzluklar\u0131ndan kurtulmas\u0131 sa\u011flanm\u0131\u015ft\u0131.<\/p>\n<p style=\"text-align: justify;\"><strong>\u0130\u015flemleri iptal ettirdi<\/strong><a href=\"http:\/\/haber.gazetevatan.com\/haberdetay.asp?Newsid=230390\" target=\"_blank\"> <\/a><\/p>\n<p style=\"text-align: justify;\">\u015eahin&#8217;in 1995 do\u011fumlu o\u011flu Burak \u015eahin de, yeni yasan\u0131n y\u00fcr\u00fcrl\u00fc\u011fe girmesinden sadece 4 g\u00fcn \u00f6nce i\u015fe ba\u015flam\u0131\u015f g\u00f6sterilerek, 10 May\u0131s tarihine kadar 15 g\u00fcn sistemde kald\u0131. Geli\u015fmenin 28 Mart tarihli VATAN gazetesinde yer almas\u0131 \u00fczerine a\u00e7\u0131klama yapan Bakan \u015eahin, &#8220;Durumu gazeteden \u00f6\u011frendim. O sebeple benim iznim al\u0131nmadan, m\u00fcracaat\u0131m olmadan \u00e7ocuklar\u0131m\u0131n sigorta i\u015fleminin nas\u0131l yap\u0131ld\u0131\u011f\u0131n\u0131 resmi mercilerden \u00f6\u011frenmek istiyorum. \u015eu anda se\u00e7im b\u00f6lgem Antalya&#8217;da bulunuyorum. Bunun i\u00e7in de Pazartesi g\u00fcn\u00fcn\u00fc beklemem gerekiyor&#8221; \u015feklinde konu\u015fmu\u015ftu.<br \/>\nBakan \u015eahin, konuyla ilgili gerekli ad\u0131m\u0131 d\u00fcn atarak, iki \u00e7ocu\u011fununu sigorta i\u015flemlerini iptal ettirdi. \u015eahin&#8217;in, iki \u00e7ocu\u011funun kendi bilgisi d\u0131\u015f\u0131nda sigorta kapsam\u0131nda yer ald\u0131\u011f\u0131 gerek\u00e7esiyle SGK&#8217;ya ba\u015fvurmas\u0131 \u00fczerine, kurum sigortal\u0131l\u0131k i\u015flemlerini iptal etti. \u00c7al\u0131\u015fma ve Sosyal G\u00fcvenlik Bakanl\u0131\u011f\u0131&#8217;na dilek\u00e7eyle ba\u015fvuran \u015eahin, \u00e7ocuklar\u0131n\u0131n kendi bilgisi d\u0131\u015f\u0131nda sigortal\u0131 yapt\u0131r\u0131ld\u0131\u011f\u0131n\u0131 bildirdi.\n<\/p>\n<p style=\"text-align: justify;\">\u015eahin&#8217;in dilek\u00e7esinde &#8220;\u00c7ocuk ve Gen\u00e7 \u0130\u015f\u00e7ilerin \u00c7al\u0131\u015ft\u0131r\u0131lma Usul ve Esaslar\u0131 Hakk\u0131ndaki Y\u00f6netmelik&#8217;te yeralan &#8216;\u00c7ocuk ve gen\u00e7 i\u015f\u00e7inin velisi veya vasisi ile yaz\u0131l\u0131 i\u015f s\u00f6zle\u015fmesi yapmak zorundad\u0131r&#8217; h\u00fckm\u00fcne dikkat \u00e7ekildi.&#8221; SGK Ba\u015fkan Vekili Fatih Acar imzas\u0131yla Bakan \u015eahin&#8217;e d\u00fcn g\u00f6nderilen yaz\u0131da sigortal\u0131l\u0131k i\u015flemlerinin iptal edildi\u011fi ifade edildi.<\/p>\n<p style=\"text-align: justify;\"><strong>Yadigar G\u00f6kalp&#8217;in k\u0131z\u0131 h\u00e2l\u00e2 sigortal\u0131<\/strong><\/p>\n<p style=\"text-align: justify;\">Sosyal G\u00fcvenlik Reformu&#8217;nun mimarlar\u0131ndan biri ve halen kurumun \u00fcst d\u00fczey y\u00f6neticisi olan Primsiz \u00d6demeler Genel M\u00fcd\u00fcr\u00fc Yadigar G\u00f6kalp&#8217;in de k\u0131z\u0131n\u0131 reformdan korumak i\u00e7in, bir cep telefonu bayiinde \u00e7al\u0131\u015f\u0131yor g\u00f6sterdi\u011finin anla\u015f\u0131lmas\u0131 \u00fczerine, G\u00f6kalp&#8217;le ilgili de bir inceleme ba\u015flat\u0131lmas\u0131 gere\u011fi do\u011fdu.<\/p>\n<p style=\"text-align: justify;\">Ancak s\u00f6zkonusu inceleme h\u00e2l\u00e2 ba\u015flat\u0131lmad\u0131. G\u00f6kalp&#8217;in de bu y\u00f6nde bir talebi olmad\u0131. Baz\u0131 SGK yetkilileri, &#8220;Kurum y\u00f6neticisi kendisi hakk\u0131nda soru\u015fturma ba\u015flat\u0131r m\u0131?&#8221; demekle yetindi. Kay\u0131tlara g\u00f6re Ocak 2008&#8217;de Lise 2. s\u0131n\u0131f \u00f6\u011frencisi k\u0131z\u0131n\u0131n 30 g\u00fcnl\u00fck i\u015fe giri\u015f \u00e7\u0131k\u0131\u015f kayd\u0131n\u0131 yapt\u0131ran Yadigar G\u00f6kalp&#8217;in k\u0131z\u0131 Bengisu da b\u00f6ylece yasan\u0131n olumsuzluklar\u0131ndan kurtarm\u0131\u015f oldu.<\/p>\n<p style=\"text-align: justify;\">Ba\u015fbakan Tayyip Erdo\u011fan&#8217;a yak\u0131nl\u0131\u011f\u0131yla tan\u0131nan G\u00f6kalp&#8217;in ad\u0131 SGK Ba\u015fkanl\u0131\u011f\u0131 i\u00e7in ge\u00e7iyor.<\/p>\n<p style=\"text-align: justify;\"><span style=\"color: #888888;\">Kaynak : Vatan<\/span><\/p>\n","protected":false},"excerpt":{"rendered":"<\/p>\n<p style=\"text-align: justify;\">Adalet Bakan\u0131 Mehmet Ali \u015eahin&#8217;in 13 ve 15 ya\u015f\u0131ndaki \u00e7ocuklar\u0131n\u0131 yeni Sosyal G\u00fcvenlik yasas\u0131 y\u00fcr\u00fcrl\u00fc\u011fe girmeden k\u0131sa s\u00fcre \u00f6nce sigortal\u0131 yapt\u0131rd\u0131\u011f\u0131 ortaya \u00e7\u0131km\u0131\u015ft\u0131. Bakan \u015eahin SGK&#8217;ya ba\u015fvurarak \u00e7ocuklar\u0131n\u0131n bilgisi d\u0131\u015f\u0131nda sigortal\u0131 yap\u0131ld\u0131\u011f\u0131n\u0131 belirtip sigortal\u0131l\u0131klar\u0131n\u0131 iptal ettirdi Adalet Bakan\u0131 Mehmet Ali \u015eahin, 13 ya\u015f\u0131ndaki o\u011flu ve 15 ya\u015f\u0131ndaki k\u0131z\u0131n\u0131n, yeni Sosyal G\u00fcvenlik Yasas\u0131&#8217;n\u0131n <\/p>\n","protected":false},"author":1,"featured_media":0,"comment_status":"open","ping_status":"closed","sticky":false,"template":"","format":"standard","meta":{"footnotes":""},"categories":[105],"tags":[],"class_list":["post-7502","post","type-post","status-publish","format-standard","hentry","category-gundem","odd"],"_links":{"self":[{"href":"http:\/\/www.korhanyilmaz.com\/index.php?rest_route=\/wp\/v2\/posts\/7502","targetHints":{"allow":["GET"]}}],"collection":[{"href":"http:\/\/www.korhanyilmaz.com\/index.php?rest_route=\/wp\/v2\/posts"}],"about":[{"href":"http:\/\/www.korhanyilmaz.com\/index.php?rest_route=\/wp\/v2\/types\/post"}],"author":[{"embeddable":true,"href":"http:\/\/www.korhanyilmaz.com\/index.php?rest_route=\/wp\/v2\/users\/1"}],"replies":[{"embeddable":true,"href":"http:\/\/www.korhanyilmaz.com\/index.php?rest_route=%2Fwp%2Fv2%2Fcomments&post=7502"}],"version-history":[{"count":0,"href":"http:\/\/www.korhanyilmaz.com\/index.php?rest_route=\/wp\/v2\/posts\/7502\/revisions"}],"wp:attachment":[{"href":"http:\/\/www.korhanyilmaz.com\/index.php?rest_route=%2Fwp%2Fv2%2Fmedia&parent=7502"}],"wp:term":[{"taxonomy":"category","embeddable":true,"href":"http:\/\/www.korhanyilmaz.com\/index.php?rest_route=%2Fwp%2Fv2%2Fcategories&post=7502"},{"taxonomy":"post_tag","embeddable":true,"href":"http:\/\/www.korhanyilmaz.com\/index.php?rest_route=%2Fwp%2Fv2%2Ftags&post=7502"}],"curies":[{"name":"wp","href":"https:\/\/api.w.org\/{rel}","templated":true}]}}