{"id":7495,"date":"2009-04-03T14:50:02","date_gmt":"2009-04-03T11:50:02","guid":{"rendered":"http:\/\/www.korhanyilmaz.com\/?p=7495"},"modified":"2009-04-03T14:50:02","modified_gmt":"2009-04-03T11:50:02","slug":"guneydoguda-secimler-tehdit-altinda-yapildi","status":"publish","type":"post","link":"http:\/\/www.korhanyilmaz.com\/?p=7495","title":{"rendered":"G\u00fcneydo\u011fu&#039;da se\u00e7imler tehdit alt\u0131nda yap\u0131ld\u0131"},"content":{"rendered":"<p style=\"text-align: center;\"><img loading=\"lazy\" decoding=\"async\" class=\"aligncenter size-full wp-image-7496\" src=\"http:\/\/www.korhanyilmaz.com\/wp-content\/uploads\/2009\/04\/040420090453127941271.jpg\" alt=\"\" width=\"329\" height=\"210\" \/><\/p>\n<p style=\"text-align: justify;\"><strong>Ba\u015fbakan Erdo\u011fan Londra&#8217;da d\u00fczenledi\u011fi bas\u0131n toplant\u0131s\u0131nda G\u00fcneydo\u011fu&#8217;da yerel se\u00e7imlerin tehdit alt\u0131nda yap\u0131ld\u0131\u011f\u0131n\u0131 a\u00e7\u0131klad\u0131: &#8220;Yani buna demokratik ortamd\u0131r diyemem&#8221;<\/strong><\/p>\n<p style=\"text-align: justify;\">Ba\u015fbakan Erdo\u011fan, G-20 zirvesi i\u00e7in gitti\u011fi Londra&#8217;da d\u00fczenledi\u011fi bas\u0131n toplant\u0131s\u0131nda yerli ve yabanc\u0131 bas\u0131n mensuplar\u0131n\u0131n sorular\u0131n\u0131 yan\u0131tlad\u0131. Erdo\u011fan Konaklad\u0131\u011f\u0131 The Dorchester Otel&#8217;de&#8217;ki bas\u0131n toplant\u0131s\u0131nda bir gazetecinin Genelkurmay&#8217;\u0131n G\u00fcneydo\u011fu&#8217;da al\u0131nan se\u00e7im sonu\u00e7lar\u0131na ili\u015fkin a\u00e7\u0131klamas\u0131n\u0131n hat\u0131rlat\u0131lmas\u0131 \u00fczerine \u015funlar\u0131 s\u00f6yledi:<!--more--><\/p>\n<p style=\"text-align: justify;\"><strong>DEMOKRAT\u0130K D\u0130YEMEM:<\/strong> Bunu de\u011ferlendirme yetkisi bende de\u011fil. Ki\u015fisel bir de\u011ferlendirme, o bende kalmal\u0131. Her a\u00e7\u0131klama sahibi bu de\u011ferlendirmeyi halka verdi\u011fi gibi, tabii ki ki\u015fisel olarak bir de\u011ferlendirme varsa o bende kalmal\u0131. \u00c7\u00fcnk\u00fc ben de \u015fu anda yetkili konumday\u0131m ve o b\u00f6lgede se\u00e7im yar\u0131\u015f\u0131n\u0131n i\u00e7inden \u00e7\u0131km\u0131\u015f birisiyim. Hangi \u015fartlarda nas\u0131l bir se\u00e7im ya\u015fad\u0131\u011f\u0131m\u0131z\u0131 a\u00e7\u0131klad\u0131k. Yani tehditlerle bir se\u00e7im yar\u0131\u015f\u0131 orada ya\u015fanm\u0131\u015ft\u0131r. Vatanda\u015flar evlerinin alt\u0131ndan at\u0131lm\u0131\u015f mektuplarla ciddi tehditler alm\u0131\u015ft\u0131r. Yani demokratik ortamd\u0131r buna diyemem.<\/p>\n<p style=\"text-align: justify;\"><strong>PART\u0130M\u0130Z B\u0130R\u0130NC\u0130D\u0130R:<\/strong> S\u0131k\u0131nt\u0131l\u0131 bir ortamda ne yaz\u0131k ki G\u00fcneydo\u011fuda bir se\u00e7im ya\u015fanm\u0131\u015ft\u0131r. Ama buna ra\u011fmen birilerinin iddia etti\u011fi gibi, \u015fu anda se\u00e7imin oradaki neticesinde, G\u00fcneydo\u011fu&#8217;da da Do\u011fuda da y\u00fczde 34,24 gibi bir oy oran\u0131yla, miktara vurdu\u011funuz zaman da miktarla da partimiz yine birinci parti olarak \u00e7\u0131km\u0131\u015ft\u0131r. G\u00fcneydo\u011fuda da Do\u011fu Anadolu&#8217;da da, bunun alt\u0131n\u0131 \u00f6zellikle \u00e7iziyorum.<\/p>\n<p style=\"text-align: justify;\"><strong>GENELKURMAY: \u00dczerinde d\u00fc\u015f\u00fcn\u00fcyoruz<\/strong><\/p>\n<p style=\"text-align: justify;\">GENELKURMAY Ba\u015fkanl\u0131\u011f\u0131 \u0130leti\u015fim Daire Ba\u015fkan\u0131 Tu\u011fgeneral Metin G\u00fcrak haftal\u0131k bas\u0131n toplant\u0131s\u0131nda, Genelkurmay Ba\u015fkanl\u0131\u011f\u0131&#8217;n\u0131n, gazetecilerin Do\u011fu ve G\u00fcneydo\u011fu Anadolu&#8217;daki yerel se\u00e7im sonu\u00e7lar\u0131na ili\u015fkin de\u011ferlendirmesinin istemesi \u00fczerine se\u00e7im sonu\u00e7lar\u0131na ili\u015fkin bir de\u011ferlendirme yapmalar\u0131n\u0131n m\u00fcmk\u00fcn olmad\u0131\u011f\u0131n\u0131 s\u00f6yledi. Tu\u011fgeneral G\u00fcrak, &#8220;Ancak bu durum \u00f6zellikle G\u00fcneydo\u011fu Anadolu b\u00f6lgesinde al\u0131nan sonu\u00e7lar\u0131n nedenleri \u00fczerinde d\u00fc\u015f\u00fcnmemize de engel de\u011fildir&#8221; dedi.<\/p>\n<p style=\"text-align: justify;\"><strong>TEHD\u0130T B\u0130LD\u0130R\u0130S\u0130<\/strong><\/p>\n<p style=\"text-align: justify;\">Van&#8217;da se\u00e7imlerden bir gece \u00f6nce baz\u0131 evlerin \u00f6n\u00fcne kendilerini Halk Fedai \u0130ntikam Birlikleri olarak tan\u0131tan ki\u015filer tehdit bildirileri atm\u0131\u015ft\u0131. Erdo\u011fan&#8217;\u0131n Londra&#8217;daki konu\u015fmas\u0131nda at\u0131fta bulundu\u011fu bildirilerde DTP&#8217;ye oy vermeyenlere tehditler savruluyordu.<\/p>\n<p style=\"text-align: justify;\"><img loading=\"lazy\" decoding=\"async\" class=\"aligncenter size-full wp-image-7497\" src=\"http:\/\/www.korhanyilmaz.com\/wp-content\/uploads\/2009\/04\/040420090455108070976_3.jpg\" alt=\"\" width=\"500\" height=\"707\" \/><\/p>\n<p style=\"text-align: justify;\"><a href=\"http:\/\/w9.gazetevatan.com\/Guneydoguda_secimler_tehdit_altinda_yapildi\/231344\/9\/Siyaset\" target=\"_blank\"><span style=\"color: #888888;\">Kaynak : Vatan<\/span><\/a><\/p>\n","protected":false},"excerpt":{"rendered":"<p style=\"text-align: center;\">\n<p style=\"text-align: justify;\">Ba\u015fbakan Erdo\u011fan Londra&#8217;da d\u00fczenledi\u011fi bas\u0131n toplant\u0131s\u0131nda G\u00fcneydo\u011fu&#8217;da yerel se\u00e7imlerin tehdit alt\u0131nda yap\u0131ld\u0131\u011f\u0131n\u0131 a\u00e7\u0131klad\u0131: &#8220;Yani buna demokratik ortamd\u0131r diyemem&#8221;<\/p>\n<p style=\"text-align: justify;\">Ba\u015fbakan Erdo\u011fan, G-20 zirvesi i\u00e7in gitti\u011fi Londra&#8217;da d\u00fczenledi\u011fi bas\u0131n toplant\u0131s\u0131nda yerli ve yabanc\u0131 bas\u0131n mensuplar\u0131n\u0131n sorular\u0131n\u0131 yan\u0131tlad\u0131. Erdo\u011fan Konaklad\u0131\u011f\u0131 The Dorchester Otel&#8217;de&#8217;ki bas\u0131n toplant\u0131s\u0131nda bir gazetecinin Genelkurmay&#8217;\u0131n G\u00fcneydo\u011fu&#8217;da al\u0131nan se\u00e7im <\/p>\n","protected":false},"author":1,"featured_media":0,"comment_status":"open","ping_status":"closed","sticky":false,"template":"","format":"standard","meta":{"footnotes":""},"categories":[105],"tags":[],"class_list":["post-7495","post","type-post","status-publish","format-standard","hentry","category-gundem","odd"],"_links":{"self":[{"href":"http:\/\/www.korhanyilmaz.com\/index.php?rest_route=\/wp\/v2\/posts\/7495","targetHints":{"allow":["GET"]}}],"collection":[{"href":"http:\/\/www.korhanyilmaz.com\/index.php?rest_route=\/wp\/v2\/posts"}],"about":[{"href":"http:\/\/www.korhanyilmaz.com\/index.php?rest_route=\/wp\/v2\/types\/post"}],"author":[{"embeddable":true,"href":"http:\/\/www.korhanyilmaz.com\/index.php?rest_route=\/wp\/v2\/users\/1"}],"replies":[{"embeddable":true,"href":"http:\/\/www.korhanyilmaz.com\/index.php?rest_route=%2Fwp%2Fv2%2Fcomments&post=7495"}],"version-history":[{"count":0,"href":"http:\/\/www.korhanyilmaz.com\/index.php?rest_route=\/wp\/v2\/posts\/7495\/revisions"}],"wp:attachment":[{"href":"http:\/\/www.korhanyilmaz.com\/index.php?rest_route=%2Fwp%2Fv2%2Fmedia&parent=7495"}],"wp:term":[{"taxonomy":"category","embeddable":true,"href":"http:\/\/www.korhanyilmaz.com\/index.php?rest_route=%2Fwp%2Fv2%2Fcategories&post=7495"},{"taxonomy":"post_tag","embeddable":true,"href":"http:\/\/www.korhanyilmaz.com\/index.php?rest_route=%2Fwp%2Fv2%2Ftags&post=7495"}],"curies":[{"name":"wp","href":"https:\/\/api.w.org\/{rel}","templated":true}]}}