{"id":7488,"date":"2009-04-02T18:58:20","date_gmt":"2009-04-02T15:58:20","guid":{"rendered":"http:\/\/www.korhanyilmaz.com\/?p=7488"},"modified":"2009-04-02T18:58:20","modified_gmt":"2009-04-02T15:58:20","slug":"wall-street-journal-iddiasi","status":"publish","type":"post","link":"http:\/\/www.korhanyilmaz.com\/?p=7488","title":{"rendered":"Wall Street Journal iddias\u0131"},"content":{"rendered":"<p><img loading=\"lazy\" decoding=\"async\" class=\"aligncenter size-full wp-image-7489\" title=\"Wall Street Journal iddias\u0131 \" src=\"http:\/\/www.korhanyilmaz.com\/wp-content\/uploads\/2009\/04\/030420090424107485907.jpg\" alt=\"Wall Street Journal iddias\u0131 \" width=\"320\" height=\"100\" \/><strong><\/strong><\/p>\n<p style=\"text-align: justify;\"><strong>&#8216;Erivan&#8217;la 16 Nisan&#8217;da yeni bir d\u00f6nem a\u00e7\u0131lacak&#8217; <\/strong><\/p>\n<p style=\"text-align: justify;\">Amerikan gazetesi, T\u00fcrkiye ile Ermenistan&#8217;\u0131n s\u0131n\u0131rlar\u0131n a\u00e7\u0131lmas\u0131 ve diplomatik ili\u015fkilerin ba\u015flamas\u0131 i\u00e7in 16 Nisan&#8217;da anla\u015fma imzalayaca\u011f\u0131n\u0131 yazd\u0131. Buna k\u0131zan Azerbaycan, T\u00fcrkiye&#8217;yi do\u011falgaz\u0131 kesmekle tehdit ediyor.<\/p>\n<p style=\"text-align: justify;\">T\u00fcrkiye-Ermenistan ili\u015fkileri, Cumhurba\u015fkan\u0131 Abdullah G\u00fcl&#8217;\u00fcn Erivan ziyareti ve kar\u015f\u0131l\u0131kl\u0131 olumlu a\u00e7\u0131klamalarla yeni bir d\u00f6neme girerken, Wall Street Journal ortaya \u00f6nemli bir iddia att\u0131. Habere g\u00f6re, T\u00fcrkiye ile Ermenistan s\u0131n\u0131rlar\u0131n a\u00e7\u0131lmas\u0131 ve diplomatik ili\u015fkilerin yeniden ba\u015flat\u0131lmas\u0131 i\u00e7in uzla\u015fma sa\u011fland\u0131. Anla\u015fma b\u00fcy\u00fck olas\u0131l\u0131kla 16 Nisan&#8217;da imzalanacak. Gazeteye g\u00f6re, anla\u015fma \u015funlar\u0131 kaps\u0131yor:<!--more--><\/p>\n<p style=\"text-align: justify;\">1) S\u0131n\u0131rlar\u0131n resmen tan\u0131nmas\u0131 ve s\u0131n\u0131r kap\u0131lar\u0131n\u0131n a\u00e7\u0131lmas\u0131.<\/p>\n<p style=\"text-align: justify;\">2) Diplomatik ili\u015fkilerin tamamen yeniden ba\u015flamas\u0131.<\/p>\n<p style=\"text-align: justify;\">3) \u0130ki \u00fclke aras\u0131ndaki anla\u015fmazl\u0131klar\u0131n \u00e7\u00f6z\u00fclmesi i\u00e7in ortak komisyonlar\u0131n kurulmas\u0131.<\/p>\n<p style=\"text-align: justify;\"><strong>Bak\u00fc&#8217;y\u00fc ABD ikna edecek<\/strong><\/p>\n<p style=\"text-align: justify;\">Gazeteye g\u00f6re, uzla\u015fmay\u0131 Kafkaslar&#8217;da istikrar i\u00e7in \u00e7ok \u00f6nemli bir ad\u0131m olarak g\u00f6ren Bat\u0131 \u00fclkeleri memnun. Ancak Azerbaycan&#8217;da b\u00fcy\u00fck rahats\u0131zl\u0131k var. Azeri bas\u0131n\u0131na g\u00f6re, Devlet Ba\u015fkan\u0131 \u0130lham Aliyev, anla\u015fma olursa T\u00fcrkiye ile enerji i\u015fbirli\u011finin sona erece\u011fi resti \u00e7ekti. Bu da Orta Asya do\u011falgaz\u0131n\u0131 T\u00fcrkiye \u00fczerinden Avrupa&#8217;ya ta\u015f\u0131yacak Nabucco Projesi&#8217;nin zarar g\u00f6rmesi endi\u015fesini yaratt\u0131. Bir grup Azeri ayd\u0131n da d\u00fcn ortak bir a\u00e7\u0131klamayla anla\u015fmayla Karaba\u011f sorununun \u00e7\u00f6z\u00fcm\u00fcn\u00fc zorla\u015ft\u0131raca\u011f\u0131n\u0131 savunarak, T\u00fcrkiye&#8217;yi vazge\u00e7meye \u00e7a\u011f\u0131rd\u0131.<\/p>\n<p style=\"text-align: justify;\">WSJ bu sorunun a\u015f\u0131lmas\u0131 i\u00e7in ABD&#8217;nin devrede oldu\u011funu yazd\u0131. Bu \u00e7er\u00e7evede, Avrasya&#8217;dan sorumlu ABD D\u0131\u015fi\u015fleri M\u00fcste\u015far Yard\u0131mc\u0131s\u0131 Matt Bryza sal\u0131 g\u00fcn\u00fc Bak\u00fc&#8217;ye giderek, Azeri yetkililerle g\u00f6r\u00fc\u015fecek.<\/p>\n<p style=\"text-align: justify;\">ABD Ba\u015fkan\u0131 Barack Obama&#8217;n\u0131n T\u00fcrkiye ziyareti dikkate al\u0131narak yap\u0131ld\u0131\u011f\u0131n\u0131 s\u00f6yledi. Bu \u015fekilde, Ankara, &#8220;soyk\u0131r\u0131m g\u00fcn\u00fc&#8221; olarak kabul edilen 24 Nisan&#8217;dan \u00f6nce anla\u015fmay\u0131 hayata ge\u00e7irerek, ABD Kongresi&#8217;ndeki soyk\u0131r\u0131m tasar\u0131s\u0131n\u0131 engelleyebilece\u011fini umuyor.<\/p>\n<p style=\"text-align: justify;\"><strong><br \/>\nErmenice radyo yay\u0131nda<\/strong>\n<\/p>\n<p style=\"text-align: justify;\">T\u00dcRK\u0130YE&#8217;N\u0130N Ermenistan&#8217;la anla\u015fma imzalayaca\u011f\u0131 haberleri b\u00fcy\u00fck ses getirirken, TRT d\u00fcn Ermenice radyo yay\u0131n\u0131na ba\u015flad\u0131. &#8220;T\u00fcrkiye&#8217;nin Sesi&#8221; radyosunda 31&#8217;inci yabanc\u0131 dil olarak kat\u0131lan Ermenice yay\u0131n\u0131, Do\u011fu Anadolu&#8217;da Ermenistan&#8217;a yak\u0131n b\u00f6lgelerde FM Band\u0131 106.25 MHz \u00fczerinden dinlemek m\u00fcmk\u00fcn olacak. Ermenice yay\u0131n, T\u00fcrkiye saati ile 07.00-07.30 saatleri aras\u0131, ak\u015famlar\u0131 ise 18.00-18.30 saatleri aras\u0131nda yap\u0131lacak. Uluslararas\u0131 AP ajans\u0131 da bu giri\u015fimin Obama&#8217;n\u0131n ziyareti \u00f6ncesi bir &#8220;iyi niyet jesti&#8221; oldu\u011fu yorumu yapt\u0131.<\/p>\n<p style=\"text-align: justify;\"><span style=\"color: #888888;\">Kaynak : Vatan<\/span><\/p>\n","protected":false},"excerpt":{"rendered":"<\/p>\n<p style=\"text-align: justify;\">&#8216;Erivan&#8217;la 16 Nisan&#8217;da yeni bir d\u00f6nem a\u00e7\u0131lacak&#8217; <\/p>\n<p style=\"text-align: justify;\">Amerikan gazetesi, T\u00fcrkiye ile Ermenistan&#8217;\u0131n s\u0131n\u0131rlar\u0131n a\u00e7\u0131lmas\u0131 ve diplomatik ili\u015fkilerin ba\u015flamas\u0131 i\u00e7in 16 Nisan&#8217;da anla\u015fma imzalayaca\u011f\u0131n\u0131 yazd\u0131. Buna k\u0131zan Azerbaycan, T\u00fcrkiye&#8217;yi do\u011falgaz\u0131 kesmekle tehdit ediyor.<\/p>\n<p style=\"text-align: justify;\">T\u00fcrkiye-Ermenistan ili\u015fkileri, Cumhurba\u015fkan\u0131 Abdullah G\u00fcl&#8217;\u00fcn Erivan ziyareti ve kar\u015f\u0131l\u0131kl\u0131 olumlu a\u00e7\u0131klamalarla yeni bir d\u00f6neme girerken, <\/p>\n","protected":false},"author":1,"featured_media":0,"comment_status":"open","ping_status":"closed","sticky":false,"template":"","format":"standard","meta":{"footnotes":""},"categories":[3],"tags":[],"class_list":["post-7488","post","type-post","status-publish","format-standard","hentry","category-dunya","odd"],"_links":{"self":[{"href":"http:\/\/www.korhanyilmaz.com\/index.php?rest_route=\/wp\/v2\/posts\/7488","targetHints":{"allow":["GET"]}}],"collection":[{"href":"http:\/\/www.korhanyilmaz.com\/index.php?rest_route=\/wp\/v2\/posts"}],"about":[{"href":"http:\/\/www.korhanyilmaz.com\/index.php?rest_route=\/wp\/v2\/types\/post"}],"author":[{"embeddable":true,"href":"http:\/\/www.korhanyilmaz.com\/index.php?rest_route=\/wp\/v2\/users\/1"}],"replies":[{"embeddable":true,"href":"http:\/\/www.korhanyilmaz.com\/index.php?rest_route=%2Fwp%2Fv2%2Fcomments&post=7488"}],"version-history":[{"count":0,"href":"http:\/\/www.korhanyilmaz.com\/index.php?rest_route=\/wp\/v2\/posts\/7488\/revisions"}],"wp:attachment":[{"href":"http:\/\/www.korhanyilmaz.com\/index.php?rest_route=%2Fwp%2Fv2%2Fmedia&parent=7488"}],"wp:term":[{"taxonomy":"category","embeddable":true,"href":"http:\/\/www.korhanyilmaz.com\/index.php?rest_route=%2Fwp%2Fv2%2Fcategories&post=7488"},{"taxonomy":"post_tag","embeddable":true,"href":"http:\/\/www.korhanyilmaz.com\/index.php?rest_route=%2Fwp%2Fv2%2Ftags&post=7488"}],"curies":[{"name":"wp","href":"https:\/\/api.w.org\/{rel}","templated":true}]}}