{"id":7483,"date":"2009-04-02T16:46:53","date_gmt":"2009-04-02T13:46:53","guid":{"rendered":"http:\/\/www.korhanyilmaz.com\/?p=7483"},"modified":"2009-04-02T16:46:53","modified_gmt":"2009-04-02T13:46:53","slug":"trt-haber%e2%80%99in-basina-samanyolu%e2%80%99ndan-mudur","status":"publish","type":"post","link":"http:\/\/www.korhanyilmaz.com\/?p=7483","title":{"rendered":"TRT Haber\u2019in ba\u015f\u0131na Samanyolu\u2019ndan m\u00fcd\u00fcr"},"content":{"rendered":"<p><img loading=\"lazy\" decoding=\"async\" class=\"aligncenter size-full wp-image-7484\" title=\"TRT Haber\u2019in ba\u015f\u0131na Samanyolu\u2019ndan m\u00fcd\u00fcr \" src=\"http:\/\/www.korhanyilmaz.com\/wp-content\/uploads\/2009\/04\/030420090406179834416.jpg\" alt=\"TRT Haber\u2019in ba\u015f\u0131na Samanyolu\u2019ndan m\u00fcd\u00fcr \" width=\"320\" height=\"100\" \/><\/p>\n<p style=\"text-align: justify;\"><strong>Samanyolu Haber TV Genel Yay\u0131n Y\u00f6netmeni Ahmet B\u00f6ken, TRT&#8217;de s\u00f6zle\u015fmeli personel olarak ba\u015flad\u0131<\/strong><\/p>\n<p style=\"text-align: justify;\">BBC World format\u0131nda haber yay\u0131n\u0131na haz\u0131rlanan TRT&#8217;nin yeni uluslararas\u0131 kanal\u0131n\u0131n ba\u015f\u0131na, Samanyolu Haber Televizyonu Genel Yay\u0131n Y\u00f6netmeni Ahmet B\u00f6ken getirildi<\/p>\n<p style=\"text-align: justify;\">Samanyolu Haber TV Genel Yay\u0131n Y\u00f6netmeni Ahmet B\u00f6ken, TRT&#8217;de s\u00f6zle\u015fmeli personel olarak ba\u015flad\u0131. TRT y\u00f6netmeli\u011fine g\u00f6re s\u00f6zle\u015fmeli personel, y\u00f6netici olarak atanam\u0131yor. 2954 say\u0131l\u0131 TRT yasas\u0131n\u0131n 50. madddesinin (I) bendine g\u00f6re s\u00f6zle\u015fmeli personel, kurumda sadece televizyon yay\u0131n, yap\u0131m, teknik ve bili\u015fim hizmetlerinde g\u00f6rev yapabiliyor. TRT&#8217;de kadrolu olmad\u0131\u011f\u0131 i\u00e7in B\u00f6ken i\u00e7in resmi atama karar\u0131 al\u0131namad\u0131\u011f\u0131 \u00f6\u011frenildi. <!--more-->Haber Dairesi Ba\u015fkanl\u0131\u011f\u0131&#8217;ndaki haber ak\u0131\u015f\u0131ndan, Haber Dairesi Ba\u015fkan Yard\u0131mc\u0131s\u0131 Ersin K\u00fc\u00e7\u00fckbarak sorumluydu. Samanyolu TV&#8217;den transfer edilen Ahmet B\u00f6ken&#8217;in getirilmesiyle, K\u00fc\u00e7\u00fckbarak bu g\u00f6revinden al\u0131nd\u0131. Ankara \u00dcniversitesi \u0130leti\u015fim Fak\u00fcltesi mezunu olan B\u00f6ken, uzun y\u0131llar Samanyolu Televizyonu&#8217;nda \u00e7al\u0131\u015ft\u0131. 2007 y\u0131l\u0131nda Samanyolu Haber TV&#8217;nin kurulmas\u0131yla, genel yay\u0131n y\u00f6netmeni oldu. B\u00f6ken, ayn\u0131 zamanda kanalda haber ve program sunuculu\u011fu da yap\u0131yordu. B\u00f6ken&#8217;in samanyoluhaber.com isimli sitede de makaleleri yay\u0131mlan\u0131yor.<\/p>\n<p style=\"text-align: justify;\"><span style=\"color: #888888;\">Kaynak : Vatan<\/span><\/p>\n","protected":false},"excerpt":{"rendered":"<\/p>\n<p style=\"text-align: justify;\">Samanyolu Haber TV Genel Yay\u0131n Y\u00f6netmeni Ahmet B\u00f6ken, TRT&#8217;de s\u00f6zle\u015fmeli personel olarak ba\u015flad\u0131<\/p>\n<p style=\"text-align: justify;\">BBC World format\u0131nda haber yay\u0131n\u0131na haz\u0131rlanan TRT&#8217;nin yeni uluslararas\u0131 kanal\u0131n\u0131n ba\u015f\u0131na, Samanyolu Haber Televizyonu Genel Yay\u0131n Y\u00f6netmeni Ahmet B\u00f6ken getirildi<\/p>\n<p style=\"text-align: justify;\">Samanyolu Haber TV Genel Yay\u0131n Y\u00f6netmeni Ahmet B\u00f6ken, TRT&#8217;de s\u00f6zle\u015fmeli personel olarak ba\u015flad\u0131. TRT y\u00f6netmeli\u011fine <\/p>\n","protected":false},"author":1,"featured_media":0,"comment_status":"open","ping_status":"closed","sticky":false,"template":"","format":"standard","meta":{"footnotes":""},"categories":[105],"tags":[],"class_list":["post-7483","post","type-post","status-publish","format-standard","hentry","category-gundem","odd"],"_links":{"self":[{"href":"http:\/\/www.korhanyilmaz.com\/index.php?rest_route=\/wp\/v2\/posts\/7483","targetHints":{"allow":["GET"]}}],"collection":[{"href":"http:\/\/www.korhanyilmaz.com\/index.php?rest_route=\/wp\/v2\/posts"}],"about":[{"href":"http:\/\/www.korhanyilmaz.com\/index.php?rest_route=\/wp\/v2\/types\/post"}],"author":[{"embeddable":true,"href":"http:\/\/www.korhanyilmaz.com\/index.php?rest_route=\/wp\/v2\/users\/1"}],"replies":[{"embeddable":true,"href":"http:\/\/www.korhanyilmaz.com\/index.php?rest_route=%2Fwp%2Fv2%2Fcomments&post=7483"}],"version-history":[{"count":0,"href":"http:\/\/www.korhanyilmaz.com\/index.php?rest_route=\/wp\/v2\/posts\/7483\/revisions"}],"wp:attachment":[{"href":"http:\/\/www.korhanyilmaz.com\/index.php?rest_route=%2Fwp%2Fv2%2Fmedia&parent=7483"}],"wp:term":[{"taxonomy":"category","embeddable":true,"href":"http:\/\/www.korhanyilmaz.com\/index.php?rest_route=%2Fwp%2Fv2%2Fcategories&post=7483"},{"taxonomy":"post_tag","embeddable":true,"href":"http:\/\/www.korhanyilmaz.com\/index.php?rest_route=%2Fwp%2Fv2%2Ftags&post=7483"}],"curies":[{"name":"wp","href":"https:\/\/api.w.org\/{rel}","templated":true}]}}