{"id":7467,"date":"2009-04-02T17:01:31","date_gmt":"2009-04-02T14:01:31","guid":{"rendered":"http:\/\/www.korhanyilmaz.com\/?p=7467"},"modified":"2009-04-02T17:01:31","modified_gmt":"2009-04-02T14:01:31","slug":"musa-anter-dosyasi-17-yil-sonra-yeniden-acildi","status":"publish","type":"post","link":"http:\/\/www.korhanyilmaz.com\/?p=7467","title":{"rendered":"Musa Anter dosyas\u0131 17 y\u0131l sonra yeniden a\u00e7\u0131ld\u0131"},"content":{"rendered":"<p style=\"text-align: center;\"><img loading=\"lazy\" decoding=\"async\" class=\"aligncenter size-full wp-image-7468\" title=\"Musa Anter dosyas\u0131 17 y\u0131l sonra yeniden a\u00e7\u0131ld\u0131\" src=\"http:\/\/www.korhanyilmaz.com\/wp-content\/uploads\/2009\/04\/fft28_mf148320.jpeg\" alt=\"Musa Anter dosyas\u0131 17 y\u0131l sonra yeniden a\u00e7\u0131ld\u0131\" width=\"306\" height=\"204\" \/><\/p>\n<p style=\"text-align: center;\">\n<p style=\"text-align: justify;\"><strong>Diyarbak\u0131r&#8217;da 17 y\u0131l \u00f6nce J\u0130TEM ad\u0131na \u00e7al\u0131\u015fan PKK itiraf\u00e7\u0131lar\u0131 taraf\u0131ndan \u00f6ld\u00fcr\u00fcld\u00fc\u011f\u00fc iddia edilen gazeteci yazar Musa Anter cinayeti ile ilgili soru\u015fturma evrak\u0131, faili me\u00e7hul dosyalar aras\u0131ndan indirildi.<\/strong><\/p>\n<p style=\"text-align: justify;\">Abdulkadir Aygan&#8217;\u0131n itiraflar\u0131n\u0131 ihbar kabul eden Diyarbak\u0131r \u00f6zel yetkili Ba\u015fsavc\u0131l\u0131\u011f\u0131, olaya ad\u0131 kar\u0131\u015fan J\u0130TEM elemanlar\u0131 hakk\u0131nda yakalama karar\u0131 \u00e7\u0131kard\u0131. Aygan&#8217;\u0131n ise bu olaya kat\u0131ld\u0131\u011f\u0131 gerek\u00e7esiyle yeniden \u0130sve\u00e7&#8217;ten iadesi istendi.<\/p>\n<p style=\"text-align: justify;\">Diyarbak\u0131r&#8217;da 20 Eyl\u00fcl 1992 g\u00fcn\u00fc Musa Anter&#8217;i ka\u00e7\u0131r\u0131p \u00f6ld\u00fcrd\u00fckleri iddias\u0131yla 6 J\u0130TEM eleman\u0131 hakk\u0131nda 17 y\u0131l aradan sonra soru\u015fturma ba\u015flat\u0131ld\u0131. Olay\u0131n ya\u015fand\u0131\u011f\u0131 tarihten beri Diyarbak\u0131r Cumhuriyet Ba\u015fsavc\u0131l\u0131\u011f\u0131&#8217;n\u0131n tozlu raflar\u0131ndaki faili me\u00e7hul dosyalar aras\u0131nda bulunan Musa Anter dosyas\u0131, \u00f6zel yetkili savc\u0131 taraf\u0131ndan yeniden incelemeye al\u0131nd\u0131. <!--more-->Faillerin tespit edilerek dava a\u00e7\u0131l\u0131p yarg\u0131 \u00f6n\u00fcne \u00e7\u0131kar\u0131lmamas\u0131 halinde 3 y\u0131l sonra zamana\u015f\u0131m\u0131 nedeniyle ortadan kald\u0131r\u0131lacak olan Anter cinayeti dosyas\u0131n\u0131n, zamana\u015f\u0131m\u0131na u\u011framamas\u0131 i\u00e7in Ba\u015fsavc\u0131l\u0131k dosyay\u0131 mercek alt\u0131na ald\u0131. Ba\u015fsavc\u0131l\u0131k, Abdulkadir Aygan&#8217;\u0131n itiraflar\u0131n\u0131 ihbar kabul ederek, olay\u0131 failleri oldu\u011fu ileri s\u00fcr\u00fclen PKK itiraf\u00e7\u0131lar\u0131 Cemil I\u015f\u0131k, Ali Ozansoy, Abdulkadir Aygan, Hamit Y\u0131ld\u0131r\u0131m, &#8216;Ye\u015fil&#8217; kod adl\u0131 Mahmut Y\u0131ld\u0131r\u0131m ve Ankara&#8217;da \u00f6ld\u00fcr\u00fclen Binba\u015f\u0131 Ahmet Cem Ersever ile ilgili \u00e7ok y\u00f6nl\u00fc bir soru\u015fturma ba\u015flatt\u0131.<\/p>\n<p style=\"text-align: justify;\"><strong>T\u00dcM ZANLILAR HAKKINDA YAKALAMA KARARI<\/strong><\/p>\n<p style=\"text-align: justify;\">Ersever d\u0131\u015f\u0131ndaki t\u00fcm zanl\u0131lar hakk\u0131nda yakalama karar\u0131 \u00e7\u0131kar\u0131ld\u0131. Binba\u015f\u0131 Ersever&#8217;in 1993 y\u0131l\u0131nda Ankara&#8217;da faili me\u00e7hul bir cinayete kurban gitmesi nedeniyle hakk\u0131nda y\u00fcr\u00fct\u00fclen soru\u015fturmada, ba\u011fl\u0131 bulundu\u011fu n\u00fcfus m\u00fcd\u00fcrl\u00fc\u011f\u00fcnden istenecek \u00f6l\u00fcm kayd\u0131 sonras\u0131nda hakk\u0131nda ek takipsizlik karar\u0131 verilecek. Bu arada \u0130sve\u00e7 h\u00fck\u00fcmeti Abdulkadir Aygan&#8217;\u0131n iade edilmesine ili\u015fkin Adalet Bakanl\u0131\u011f\u0131 Uluslararas\u0131 Hukuk ve D\u0131\u015f \u0130li\u015fkiler Genel M\u00fcd\u00fcrl\u00fc\u011f\u00fc&#8217;nden bilgi istedi. Aygan&#8217;\u0131n hangi s\u0131fatla ve ne ama\u00e7la iadesinin istenmesinin a\u00e7\u0131k\u00e7a belirtilmedi\u011fi T\u00fcrkiye&#8217;ye soruldu.<br \/>\nBunun \u00fczerine hakk\u0131nda Diyarbak\u0131r Cumhuriyet Ba\u015fsavc\u0131l\u0131\u011f\u0131&#8217;nca yakalama emri bulunan Aygan&#8217;\u0131n itiraf ve faaliyetlerini i\u00e7eren bir dosya &#8216;\u0130vedi&#8217; olarak Adalet Bakanl\u0131\u011f\u0131&#8217;na g\u00f6nderildi. itiraf\u00e7\u0131 Aygan&#8217;\u0131n, Musa Anter cinayeti ba\u015fta olmak \u00fczere itiraflar\u0131nda s\u00f6z\u00fcn\u00fc etti\u011fi bir\u00e7ok olay\u0131n faili ve tan\u0131\u011f\u0131 oldu\u011fu, ad\u0131 ge\u00e7en olaylarla ilgili dosyalar\u0131n halen faili me\u00e7hul olarak Ba\u015fsavc\u0131l\u0131k kay\u0131tlar\u0131nda yer ald\u0131\u011f\u0131, iade edilmesi halinde t\u00fcm bu olaylar\u0131n faillerinin tespit edilerek, dosyalar\u0131n zamana\u015f\u0131m\u0131na u\u011framayaca\u011f\u0131 ifade edildi.\n<\/p>\n<p style=\"text-align: justify;\"><strong>YEN\u0130 K\u0130ML\u0130K ALIP ALMADIKLARI<\/strong><\/p>\n<p style=\"text-align: justify;\">Musa Anter cinayetine ad\u0131 kar\u0131\u015fan Mahmut Y\u0131ld\u0131r\u0131m, Cemil I\u015f\u0131k, Ali Ozansoy, Hamit Y\u0131ld\u0131r\u0131m hakk\u0131nda da 81 il emniyet m\u00fcd\u00fcrl\u00fc\u011f\u00fc ve jandarma birimlerine yakalama emri \u00e7\u0131kar\u0131ld\u0131. Ad\u0131 ge\u00e7enlerin ayr\u0131ca kulland\u0131klar\u0131 kimliklerle yurtd\u0131\u015f\u0131na giri\u015f- \u00e7\u0131k\u0131\u015f yap\u0131p yapmad\u0131klar\u0131n\u0131n Emniyet Genel M\u00fcd\u00fcrl\u00fc\u011f\u00fc Pasaport Daire Ba\u015fkanl\u0131\u011f\u0131&#8217;na sorulmas\u0131 i\u00e7in yaz\u0131 yaz\u0131ld\u0131. Ba\u015fsavc\u0131l\u0131k ayr\u0131ca ad\u0131 ge\u00e7en bu ki\u015filerin tan\u0131k koruma kanunundan faydalan\u0131p yeni kimlik al\u0131p almad\u0131klar\u0131, alm\u0131\u015flarsa yeni kimlik bilgilerinin soru\u015fturma dosyas\u0131na g\u00f6nderilmesi i\u00e7in de \u0130\u00e7i\u015fleri Bakanl\u0131\u011f\u0131 Vatanda\u015fl\u0131k Genel M\u00fcd\u00fcrl\u00fc\u011f\u00fc&#8217;ne yaz\u0131 g\u00f6nderdi.<\/p>\n<p style=\"text-align: justify;\"><a href=\"http:\/\/www.radikal.com.tr\/Radikal.aspx?aType=RadikalDetay&amp;ArticleID=929206&amp;Date=02.04.2009&amp;CategoryID=77\" target=\"_blank\"><span style=\"color: #888888;\">Kaynak : Radikal<\/span><\/a><\/p>\n","protected":false},"excerpt":{"rendered":"<p style=\"text-align: center;\">\n<p style=\"text-align: center;\">\n<p style=\"text-align: justify;\">Diyarbak\u0131r&#8217;da 17 y\u0131l \u00f6nce J\u0130TEM ad\u0131na \u00e7al\u0131\u015fan PKK itiraf\u00e7\u0131lar\u0131 taraf\u0131ndan \u00f6ld\u00fcr\u00fcld\u00fc\u011f\u00fc iddia edilen gazeteci yazar Musa Anter cinayeti ile ilgili soru\u015fturma evrak\u0131, faili me\u00e7hul dosyalar aras\u0131ndan indirildi.<\/p>\n<p style=\"text-align: justify;\">Abdulkadir Aygan&#8217;\u0131n itiraflar\u0131n\u0131 ihbar kabul eden Diyarbak\u0131r \u00f6zel yetkili Ba\u015fsavc\u0131l\u0131\u011f\u0131, olaya ad\u0131 kar\u0131\u015fan J\u0130TEM elemanlar\u0131 hakk\u0131nda yakalama karar\u0131 <\/p>\n","protected":false},"author":1,"featured_media":0,"comment_status":"open","ping_status":"closed","sticky":false,"template":"","format":"standard","meta":{"footnotes":""},"categories":[105],"tags":[],"class_list":["post-7467","post","type-post","status-publish","format-standard","hentry","category-gundem","odd"],"_links":{"self":[{"href":"http:\/\/www.korhanyilmaz.com\/index.php?rest_route=\/wp\/v2\/posts\/7467","targetHints":{"allow":["GET"]}}],"collection":[{"href":"http:\/\/www.korhanyilmaz.com\/index.php?rest_route=\/wp\/v2\/posts"}],"about":[{"href":"http:\/\/www.korhanyilmaz.com\/index.php?rest_route=\/wp\/v2\/types\/post"}],"author":[{"embeddable":true,"href":"http:\/\/www.korhanyilmaz.com\/index.php?rest_route=\/wp\/v2\/users\/1"}],"replies":[{"embeddable":true,"href":"http:\/\/www.korhanyilmaz.com\/index.php?rest_route=%2Fwp%2Fv2%2Fcomments&post=7467"}],"version-history":[{"count":0,"href":"http:\/\/www.korhanyilmaz.com\/index.php?rest_route=\/wp\/v2\/posts\/7467\/revisions"}],"wp:attachment":[{"href":"http:\/\/www.korhanyilmaz.com\/index.php?rest_route=%2Fwp%2Fv2%2Fmedia&parent=7467"}],"wp:term":[{"taxonomy":"category","embeddable":true,"href":"http:\/\/www.korhanyilmaz.com\/index.php?rest_route=%2Fwp%2Fv2%2Fcategories&post=7467"},{"taxonomy":"post_tag","embeddable":true,"href":"http:\/\/www.korhanyilmaz.com\/index.php?rest_route=%2Fwp%2Fv2%2Ftags&post=7467"}],"curies":[{"name":"wp","href":"https:\/\/api.w.org\/{rel}","templated":true}]}}