{"id":7457,"date":"2009-04-02T17:45:44","date_gmt":"2009-04-02T14:45:44","guid":{"rendered":"http:\/\/www.korhanyilmaz.com\/?p=7457"},"modified":"2009-04-02T17:45:44","modified_gmt":"2009-04-02T14:45:44","slug":"sanal-alemde-izmirlilerin-secim-geyigi","status":"publish","type":"post","link":"http:\/\/www.korhanyilmaz.com\/?p=7457","title":{"rendered":"Sanal alemde \u0130zmirliler&#039;in se\u00e7im geyi\u011fi"},"content":{"rendered":"<p style=\"text-align: center;\"><img loading=\"lazy\" decoding=\"async\" class=\"aligncenter size-full wp-image-7458\" title=\"Sanal alemde \u0130zmirliler'in se\u00e7im geyi\u011fi \" src=\"http:\/\/www.korhanyilmaz.com\/wp-content\/uploads\/2009\/04\/fft28_mf148296.jpeg\" alt=\"Sanal alemde \u0130zmirliler'in se\u00e7im geyi\u011fi \" width=\"321\" height=\"214\" \/><\/p>\n<p style=\"text-align: center;\">\n<p style=\"text-align: justify;\"><strong>&#8216;Daha da \u0130zmir&#8217;e gelme&#8217;, &#8216;Ampulun voltaj\u0131 d\u00fc\u015ft\u00fc&#8217;<\/strong><\/p>\n<p style=\"text-align: justify;\">\u0130ZM\u0130R &#8211; Yerel se\u00e7imlerle konusunda \u0130zmirliler internette ilgin\u00e7 yorumlar yapt\u0131. CHP&#8217;nin kazand\u0131\u011f\u0131 \u0130zmir B\u00fcy\u00fck\u015fehir Belediyesi ve 28 il\u00e7e belediye ba\u015fkanl\u0131\u011f\u0131 ile ilgili \u0130zmirliler, \u00f6zellikle Ba\u015fbakan Recep Tayyip Erdo\u011fan&#8217;\u0131n Davos&#8217;taki \u00e7\u0131k\u0131\u015f\u0131, Erdo\u011fan&#8217;\u0131n Kas\u0131mpa\u015fal\u0131 olmas\u0131na at\u0131fta bulunarak ilgin\u00e7 sloganlara yer verdi.<\/p>\n<p style=\"text-align: justify;\">\u0130nternet \u00fczerinden yaz\u0131\u015fma, konu\u015fma ve g\u00f6r\u00fc\u015fmeye olanak sa\u011flayan MSN program\u0131nda kullan\u0131c\u0131lar, ki\u015fisel iletiler b\u00f6l\u00fcm\u00fcnde, yerel se\u00e7imlere ili\u015fkin g\u00f6r\u00fc\u015flerini birbiriyle payla\u015ft\u0131. Sloganlar halindeki ki\u015fisel iletilerde Ba\u015fbakan Erdo\u011fan&#8217;\u0131n &#8216;Gavur \u0130zmir&#8217; imas\u0131nda bulundu\u011fu iddia edilen konu\u015fmas\u0131ndan, Davos&#8217;taki \u00e7\u0131k\u0131\u015f\u0131na, \u0130zmir&#8217;in arsenikli su problemine kadar at\u0131fta bulunulan bir\u00e7ok, de\u011fi\u015fik sloganlar dikkat \u00e7ekti. <!--more--><\/p>\n<p style=\"text-align: justify;\">Ba\u015fbakan&#8217;\u0131n Davos&#8217;taki \u00e7\u0131k\u0131\u015f\u0131n\u0131 an\u0131msatan yerel se\u00e7imlere ili\u015fkin ki\u015filer iletilerde, &#8216;Daha da \u0130zmir&#8217;e gelme&#8217;, &#8216;Halk &#8216;one minute&#8217; dedi&#8217;, &#8216;One munite sory&#8217;, &#8216;E\u015frefpa\u015fal\u0131&#8217;n\u0131n tokad\u0131 Davos&#8217;tan duyulur&#8217; olarak yer ald\u0131. Ba\u015fbakan Erdo\u011fan&#8217;\u0131n \u00f6zellikle ekonomik kriz ile ilgili konu\u015fmalar\u0131nda kulland\u0131\u011f\u0131 &#8216;Hamdolsun&#8217; kelimesine ili\u015fkin olarak da se\u00e7im yorumlar\u0131nda bir \u0130zmirli, &#8216;Hamdolsun \u0130zmirliyiz&#8217; diye yazd\u0131. Yine Ba\u015fbakan Erdo\u011fan&#8217;\u0131n Mersin&#8217;de bir \u00e7ift\u00e7iye &#8216;Anan\u0131 da al git&#8217; \u00e7\u0131k\u0131\u015f\u0131na y\u00f6nelik, &#8216;Anam\u0131z\u0131 da ald\u0131k, parayla alt\u0131nla de\u011fil, y\u00fcre\u011fimizle geldik sand\u0131\u011fa&#8217; diye yaz\u0131ld\u0131.<\/p>\n<p style=\"text-align: justify;\">Ki\u015fisel iletilerde en \u00e7ok Ba\u015fbakan Erdo\u011fan&#8217;\u0131n &#8216;Gavur \u0130zmir&#8217; imas\u0131nda bulundu\u011fu iddia edilen konu\u015fmas\u0131n\u0131 an\u0131msatanlar yer ald\u0131. Bunlar, &#8216;Yine gavurlu\u011fumuzu yapt\u0131k. Gavur de\u011filiz, insan\u0131z&#8217;, &#8216;\u0130zmir&#8217;den anan\u0131 da al git Tayyip&#8217;, &#8216;Senin dininde biz gavursak, daha da gelme&#8217;, &#8216;gavur da olsak mutluyuz&#8217;, &#8216;Gavurum, \u0130zmirliyim, mutlu ve gururluyum&#8217;, &#8216;S\u00fcrpriz de\u011fil, beklenen son, \u015fa\u015f\u0131rmad\u0131k, \u015fa\u015f\u0131rtmad\u0131k, \u0130zmirim hala gavur, hala g\u00fczel, hala bizim&#8217;, &#8216;Biz gavur \u0130zmiriz, adam\u0131 ya denize d\u00f6ker ya da sand\u0131\u011fa g\u00f6meriz&#8217;, &#8216;Arseni\u011fi sek i\u00e7er yine de \u0130zmir&#8217;i vermeyiz&#8217;, &#8216;\u0130zmir de t\u00fcm T\u00fcrkiye de bizimdir. Ayd\u0131n, \u00e7a\u011fda\u015f, laik ve ilerici bir toplumdur hedefimiz. Bu hedefi ne bozmaya ne de engellemeye g\u00fcc\u00fcn\u00fcz yeter. Gavur \u0130zmir, en g\u00fczel cevab\u0131n\u0131 verdi&#8217; c\u00fcmleleriyle yer ald\u0131.<\/p>\n<p style=\"text-align: justify;\">Se\u00e7im \u00f6ncesi yap\u0131lan yard\u0131mlara ili\u015fkin, &#8216;Oy namustur sat\u0131lmaz, \u0130zmir bizimdir bizden al\u0131nmaz&#8217;, &#8216;\u0130zmir&#8217;i almaya k\u00f6m\u00fcr yetmez, buzdolab\u0131 yetmez, \u00e7ama\u015f\u0131r makinesi yetmez&#8217; ki\u015fisel iletileri g\u00f6r\u00fcld\u00fc. AKP&#8217;nin simgesi olan ampule ili\u015fkin, &#8216;Ege&#8217;nin, Akdeniz&#8217;in, Trakya&#8217;n\u0131n t\u00fcm\u00fcnde ampuller patlad\u0131&#8217;, &#8216;Biz Atat\u00fcrk&#8217;\u00fcn evlatlar\u0131y\u0131z, ampulle de\u011fil Cumhuriyet&#8217;le ayd\u0131nlan\u0131r\u0131z&#8217;, &#8216;Yenilgiye doymayan pehlivan Aksoy, ampul\u00fcn voltaj\u0131 d\u00fc\u015ft\u00fc&#8217; iletileri yer ald\u0131.<\/p>\n<p style=\"text-align: justify;\">Se\u00e7imleri kazanan CHP&#8217;li Belediye Ba\u015fkan\u0131 Aziz Kocao\u011flu&#8217;na destek verenler iletilerde &#8216;Azizler&#8217;in \u015fehri \u0130zmir kalesi y\u0131k\u0131lmaz. \u0130zmir Aziz&#8217;dir, Aziz kalacak&#8217; denildi.<\/p>\n<p style=\"text-align: justify;\">\u0130zmir&#8217;in \u00e7a\u011fda\u015f, laik bir kent oldu\u011funa, Atat\u00fcrk\u00e7\u00fc d\u00fc\u015f\u00fcnceye ili\u015fkin yaz\u0131lan ki\u015fisel iletilerde, &#8216;Tavr\u0131na hayran olay\u0131m, Cumhuriyet&#8217;in, devrimlerin kalesidir \u0130zmir&#8217;, &#8216;Laikli\u011fin ba\u015fkenti \u0130zmir AKP&#8217;nin olmayacakt\u0131r&#8217;, &#8216;\u0130zmir&#8217;in da\u011flar\u0131nda \u00e7i\u00e7ekler a\u00e7ar, se\u00e7im sonucunda havai fi\u015fekler patlar, \u0130zmir bizimdir sonsuza kadar, Atat\u00fcrk&#8217;\u00fcn \u00e7ocuklar\u0131 \u0130zmir&#8217;de ya\u015far. Mustafa Kemal&#8217;in askerleriyiz&#8217; c\u00fcmleleri yaz\u0131ld\u0131.<\/p>\n<p style=\"text-align: justify;\"><a href=\"http:\/\/www.radikal.com.tr\/Radikal.aspx?aType=RadikalDetay&amp;ArticleID=929203&amp;Date=02.04.2009&amp;CategoryID=78\" target=\"_blank\"><span style=\"color: #888888;\">Kaynak : Radikal<\/span><\/a><\/p>\n","protected":false},"excerpt":{"rendered":"<p style=\"text-align: center;\">\n<p style=\"text-align: center;\">\n<p style=\"text-align: justify;\">&#8216;Daha da \u0130zmir&#8217;e gelme&#8217;, &#8216;Ampulun voltaj\u0131 d\u00fc\u015ft\u00fc&#8217;<\/p>\n<p style=\"text-align: justify;\">\u0130ZM\u0130R &#8211; Yerel se\u00e7imlerle konusunda \u0130zmirliler internette ilgin\u00e7 yorumlar yapt\u0131. CHP&#8217;nin kazand\u0131\u011f\u0131 \u0130zmir B\u00fcy\u00fck\u015fehir Belediyesi ve 28 il\u00e7e belediye ba\u015fkanl\u0131\u011f\u0131 ile ilgili \u0130zmirliler, \u00f6zellikle Ba\u015fbakan Recep Tayyip Erdo\u011fan&#8217;\u0131n Davos&#8217;taki \u00e7\u0131k\u0131\u015f\u0131, Erdo\u011fan&#8217;\u0131n Kas\u0131mpa\u015fal\u0131 olmas\u0131na at\u0131fta bulunarak ilgin\u00e7 sloganlara yer <\/p>\n","protected":false},"author":1,"featured_media":0,"comment_status":"open","ping_status":"closed","sticky":false,"template":"","format":"standard","meta":{"footnotes":""},"categories":[105],"tags":[],"class_list":["post-7457","post","type-post","status-publish","format-standard","hentry","category-gundem","odd"],"_links":{"self":[{"href":"http:\/\/www.korhanyilmaz.com\/index.php?rest_route=\/wp\/v2\/posts\/7457","targetHints":{"allow":["GET"]}}],"collection":[{"href":"http:\/\/www.korhanyilmaz.com\/index.php?rest_route=\/wp\/v2\/posts"}],"about":[{"href":"http:\/\/www.korhanyilmaz.com\/index.php?rest_route=\/wp\/v2\/types\/post"}],"author":[{"embeddable":true,"href":"http:\/\/www.korhanyilmaz.com\/index.php?rest_route=\/wp\/v2\/users\/1"}],"replies":[{"embeddable":true,"href":"http:\/\/www.korhanyilmaz.com\/index.php?rest_route=%2Fwp%2Fv2%2Fcomments&post=7457"}],"version-history":[{"count":0,"href":"http:\/\/www.korhanyilmaz.com\/index.php?rest_route=\/wp\/v2\/posts\/7457\/revisions"}],"wp:attachment":[{"href":"http:\/\/www.korhanyilmaz.com\/index.php?rest_route=%2Fwp%2Fv2%2Fmedia&parent=7457"}],"wp:term":[{"taxonomy":"category","embeddable":true,"href":"http:\/\/www.korhanyilmaz.com\/index.php?rest_route=%2Fwp%2Fv2%2Fcategories&post=7457"},{"taxonomy":"post_tag","embeddable":true,"href":"http:\/\/www.korhanyilmaz.com\/index.php?rest_route=%2Fwp%2Fv2%2Ftags&post=7457"}],"curies":[{"name":"wp","href":"https:\/\/api.w.org\/{rel}","templated":true}]}}