{"id":7452,"date":"2009-04-02T16:29:54","date_gmt":"2009-04-02T13:29:54","guid":{"rendered":"http:\/\/www.korhanyilmaz.com\/?p=7452"},"modified":"2009-04-02T16:29:54","modified_gmt":"2009-04-02T13:29:54","slug":"kemerdeki-%e2%80%98ask-heykeli-depoya-kaldirildi","status":"publish","type":"post","link":"http:\/\/www.korhanyilmaz.com\/?p=7452","title":{"rendered":"Kemer&#039;deki \u2018A\u015fk heykeli&#039; depoya kald\u0131r\u0131ld\u0131"},"content":{"rendered":"<p style=\"text-align: center;\"><img loading=\"lazy\" decoding=\"async\" class=\"aligncenter size-full wp-image-7453\" title=\"Kemer'deki \u2018A\u015fk heykeli' depoya kald\u0131r\u0131ld\u0131 \" src=\"http:\/\/www.korhanyilmaz.com\/wp-content\/uploads\/2009\/04\/fft28_mf148619.jpeg\" alt=\"Kemer'deki \u2018A\u015fk heykeli' depoya kald\u0131r\u0131ld\u0131 \" width=\"321\" height=\"214\" \/><\/p>\n<p style=\"text-align: center;\">\n<p style=\"text-align: justify;\"><strong>Belediye Ba\u015fkan\u0131 olan MHP&#8217;li Mustafa G\u00fcl ilk icraat\u0131n\u0131 yapt\u0131.<\/strong><\/p>\n<p style=\"text-align: justify;\">ANTALYA &#8211; Kemer il\u00e7esinde eski belediye ba\u015fkan\u0131 Hasan \u015eeker taraf\u0131ndan heykelt\u0131ra\u015f Zafer Sar\u0131&#8217;ya yapt\u0131r\u0131lan \u00e7\u0131plak bir kad\u0131n\u0131 belinden tutup havaya kald\u0131ran erkek fig\u00fcr\u00fcn\u00fcn tasvir edildi\u011fi metal heykel, yeni ba\u015fkan MHP&#8217;li Mustafa G\u00fcl taraf\u0131ndan kald\u0131r\u0131ld\u0131. G\u00fcl, &#8220;Heykel turistler ve vatanda\u015flar taraf\u0131ndan kabul g\u00f6rmedi. \u0130stenileni yapt\u0131k&#8221; dedi.<!--more--><\/p>\n<p style=\"text-align: justify;\">Kemer&#8217;de yeni belediye ba\u015fkan\u0131 MHP&#8217;li Mustafa G\u00fcl&#8217;\u00fcn ilk icraat\u0131, 2004 y\u0131l\u0131nda CHP&#8217;den se\u00e7ilip daha sonra AKP&#8217;ye ge\u00e7en eski ba\u015fkan Hasan \u015eeker taraf\u0131ndan yapt\u0131r\u0131lan &#8216;A\u015fk heykeli&#8217;ni kald\u0131rmak oldu. Sanat\u00e7\u0131 Zafer Sar\u0131 taraf\u0131ndan yap\u0131lan ve 2007 y\u0131l\u0131nda il\u00e7e merkezindeki kav\u015fa\u011fa yerle\u015ftirilen heykel, Kemer Belediyesi i\u015f\u00e7ileri taraf\u0131ndan kaidesinden vin\u00e7 yard\u0131m\u0131yla s\u00f6k\u00fclerek Belediye&#8217;nin Fen \u0130\u015fleri M\u00fcd\u00fcrl\u00fc\u011f\u00fc&#8217;ne ait depoya kald\u0131r\u0131ld\u0131. Heykelin s\u00f6k\u00fclmesini izleyen kalabal\u0131ktan baz\u0131lar\u0131 heykelin kald\u0131r\u0131lmas\u0131n\u0131 desteklerken, baz\u0131lar\u0131 olay\u0131 protesto etti. Rus turist Boris Stratov, &#8220;1994 y\u0131l\u0131ndan beri Kemer&#8217;de tatil yap\u0131yorum. Burada T\u00fcrk k\u00fclt\u00fcr\u00fcn\u00fc yans\u0131tan bir heykel olmal\u0131. B\u00f6yle bir heykeli ben Kemer&#8217;e yak\u0131\u015ft\u0131ram\u0131yorum&#8221; dedi. Yusuf Saydam adl\u0131 ki\u015fi ise heykelin kald\u0131r\u0131lmas\u0131na tepki g\u00f6stererek, &#8220;Bu sanata yap\u0131lan bir sayg\u0131s\u0131zl\u0131kt\u0131r. Nas\u0131l bu heykeli kald\u0131r\u0131rs\u0131n\u0131z?&#8221; dedi.<br \/>\nHeykeli yapan Zafer Sar\u0131, telif haklar\u0131 yasas\u0131 gere\u011fince savc\u0131l\u0131\u011fa su\u00e7 duyurusunda bulunaca\u011f\u0131n\u0131 s\u00f6yledi. Belediye Ba\u015fkan\u0131 Mustafa G\u00fcl&#8217;\u00fcn kendisine sorarak bu heykeli kald\u0131rabilece\u011fini kaydeden Sar\u0131, &#8220;Bana g\u00f6re bu ya\u015fanan ikinci Melih G\u00f6k\u00e7ek vakas\u0131d\u0131r. Melih G\u00f6k\u00e7ek&#8217;in s\u00f6kt\u00fcrd\u00fc\u011f\u00fc heykel 11 y\u0131l sonra Ankara&#8217;da yerine konulmu\u015ftu. Bu da benzer bir \u00f6rnektir. S\u00f6yleyecek hi\u00e7bir \u015fey bulam\u0131yorum&#8221; dedi.\n<\/p>\n<p style=\"text-align: justify;\">Kemer Belediye Ba\u015fkan\u0131 MHP&#8217;li Mustafa G\u00fcl, heykelin yerle\u015ftirildi\u011fi g\u00fcn de tepki g\u00f6sterdi\u011fini hat\u0131rlatarak, &#8220;Kemer&#8217;in yerli halk\u0131 ve tatil yapan turistler heykelin kald\u0131r\u0131lmas\u0131n\u0131 talep ettiler. Heykel turistlerce ve vatanda\u015flarca kabul g\u00f6rmedi. Biz de istenileni yapt\u0131k. Oraya turizme faydal\u0131 bir yap\u0131 in\u015fa edece\u011fiz&#8221; dedi.<\/p>\n<p style=\"text-align: justify;\"><span style=\"color: #888888;\">DHA<\/span><\/p>\n","protected":false},"excerpt":{"rendered":"<p style=\"text-align: center;\">\n<p style=\"text-align: center;\">\n<p style=\"text-align: justify;\">Belediye Ba\u015fkan\u0131 olan MHP&#8217;li Mustafa G\u00fcl ilk icraat\u0131n\u0131 yapt\u0131.<\/p>\n<p style=\"text-align: justify;\">ANTALYA &#8211; Kemer il\u00e7esinde eski belediye ba\u015fkan\u0131 Hasan \u015eeker taraf\u0131ndan heykelt\u0131ra\u015f Zafer Sar\u0131&#8217;ya yapt\u0131r\u0131lan \u00e7\u0131plak bir kad\u0131n\u0131 belinden tutup havaya kald\u0131ran erkek fig\u00fcr\u00fcn\u00fcn tasvir edildi\u011fi metal heykel, yeni ba\u015fkan MHP&#8217;li Mustafa G\u00fcl taraf\u0131ndan kald\u0131r\u0131ld\u0131. G\u00fcl, &#8220;Heykel <\/p>\n","protected":false},"author":1,"featured_media":0,"comment_status":"open","ping_status":"closed","sticky":false,"template":"","format":"standard","meta":{"footnotes":""},"categories":[105],"tags":[],"class_list":["post-7452","post","type-post","status-publish","format-standard","hentry","category-gundem","odd"],"_links":{"self":[{"href":"http:\/\/www.korhanyilmaz.com\/index.php?rest_route=\/wp\/v2\/posts\/7452","targetHints":{"allow":["GET"]}}],"collection":[{"href":"http:\/\/www.korhanyilmaz.com\/index.php?rest_route=\/wp\/v2\/posts"}],"about":[{"href":"http:\/\/www.korhanyilmaz.com\/index.php?rest_route=\/wp\/v2\/types\/post"}],"author":[{"embeddable":true,"href":"http:\/\/www.korhanyilmaz.com\/index.php?rest_route=\/wp\/v2\/users\/1"}],"replies":[{"embeddable":true,"href":"http:\/\/www.korhanyilmaz.com\/index.php?rest_route=%2Fwp%2Fv2%2Fcomments&post=7452"}],"version-history":[{"count":0,"href":"http:\/\/www.korhanyilmaz.com\/index.php?rest_route=\/wp\/v2\/posts\/7452\/revisions"}],"wp:attachment":[{"href":"http:\/\/www.korhanyilmaz.com\/index.php?rest_route=%2Fwp%2Fv2%2Fmedia&parent=7452"}],"wp:term":[{"taxonomy":"category","embeddable":true,"href":"http:\/\/www.korhanyilmaz.com\/index.php?rest_route=%2Fwp%2Fv2%2Fcategories&post=7452"},{"taxonomy":"post_tag","embeddable":true,"href":"http:\/\/www.korhanyilmaz.com\/index.php?rest_route=%2Fwp%2Fv2%2Ftags&post=7452"}],"curies":[{"name":"wp","href":"https:\/\/api.w.org\/{rel}","templated":true}]}}