{"id":7445,"date":"2009-04-02T17:21:12","date_gmt":"2009-04-02T14:21:12","guid":{"rendered":"http:\/\/www.korhanyilmaz.com\/?p=7445"},"modified":"2009-04-02T17:21:12","modified_gmt":"2009-04-02T14:21:12","slug":"dspde-kilicdaroglu-depremi","status":"publish","type":"post","link":"http:\/\/www.korhanyilmaz.com\/?p=7445","title":{"rendered":"DSP&#039;de K\u0131l\u0131\u00e7daro\u011flu depremi..!"},"content":{"rendered":"<p style=\"text-align: center;\"><img loading=\"lazy\" decoding=\"async\" class=\"aligncenter size-full wp-image-7476\" src=\"http:\/\/www.korhanyilmaz.com\/wp-content\/uploads\/2009\/04\/020420092117092172197.jpg\" alt=\"\" width=\"329\" height=\"210\" \/><\/p>\n<p style=\"text-align: justify;\">DSP, parti y\u00f6netimine CHP \u0130stanbul Aday\u0131 Kemal K\u0131l\u0131\u00e7daro\u011flu&#8217;nu destek \u00e7a\u011fr\u0131s\u0131 yapan 5 milletvekilini ihra\u00e7 istemiyle parti disiplin kuruluna sevk etti.<\/p>\n<p style=\"text-align: justify;\">DSP milletvekilleri Ahmet Tan, Emrehan Hal\u0131c\u0131, M\u00fccahit Pehlivan, Recai Birg\u00fcn ve Tayfun \u0130\u00e7li ortak bir yaz\u0131l\u0131 a\u00e7\u0131klama yaparak Ba\u015fkanlar\u0131 Zeki Sezer&#8217;e \u0130stanbul&#8217;da CHP&#8217;nin aday\u0131 Kemal K\u0131l\u0131\u00e7daro\u011flu&#8217;nun desteklenmesi i\u00e7in \u00e7a\u011fr\u0131da bulunmu\u015ftu.<br \/>\nAyn\u0131 mektupta DSP&#8217;nin \u0130stanbul&#8217;dan Ahmet Vefik Alp&#8217;i aday g\u00f6stermemesi iste\u011fi de dile getirilmi\u015fti.<!--more-->\n<\/p>\n<p style=\"text-align: justify;\"><strong>DSP OLA\u011eAN\u00dcST\u00dc KURULTAYA G\u0130DEB\u0130L\u0130R<\/strong><\/p>\n<p style=\"text-align: justify;\">Yerel se\u00e7imlerin ard\u0131ndan sonu\u00e7lar\u0131 de\u011ferlendirmek \u00fczere toplanan DSP Ba\u015fkanl\u0131k Kurulu, &#8220;partinin g\u00fcvenli gelece\u011fi a\u00e7\u0131s\u0131ndan kadrolar\u0131n\u0131 g\u00fc\u00e7lendirmeyi, demokratik yeni a\u00e7\u0131l\u0131mlar sa\u011flamay\u0131, yeniden yap\u0131lanmay\u0131 ve t\u00fcz\u00fck de\u011fi\u015fikli\u011fini de \u00f6ng\u00f6ren&#8221; bir ola\u011fan\u00fcst\u00fc kurultay mesaj\u0131 verdi.<br \/>\nDSP Genel Sekreteri S\u00fcleyman Ya\u011f\u0131z, DSP Ba\u015fkanl\u0131k Kurulu&#8217;nun, Genel Ba\u015fkan Zeki Sezer Ba\u015fkanl\u0131\u011f\u0131nda toplanarak, yerel se\u00e7im sonu\u00e7lar\u0131n\u0131 de\u011ferlendirdi\u011fini bildirdi.<br \/>\nYa\u011f\u0131z, sonu\u00e7 raporuna ili\u015fkin yapt\u0131\u011f\u0131 a\u00e7\u0131klamada, yerel se\u00e7imlerde al\u0131nan sonu\u00e7lar\u0131n arzu edilen d\u00fczeyde olmad\u0131\u011f\u0131n\u0131 belirterek, &#8220;Ald\u0131\u011f\u0131m\u0131z sonu\u00e7lar\u0131n nedenleri elbette ki \u00e7e\u015fitlidir. Bunun hem i\u00e7imizden, hem de d\u0131\u015f\u0131m\u0131zdan kaynaklanan nedenleri vard\u0131r. Belli ki, iki nedene de dayal\u0131 olarak baz\u0131 eksiklerimiz ve yapamad\u0131klar\u0131m\u0131z olmu\u015ftur&#8221; dedi.<br \/>\nYa\u011f\u0131z, bu anlamda Genel Ba\u015fkan Sezer&#8217;in, partinin g\u00fcvenli gelece\u011fi a\u00e7\u0131s\u0131ndan kadrolar\u0131n\u0131 g\u00fc\u00e7lendirmeyi, demokratik yeni a\u00e7\u0131l\u0131mlar sa\u011flamay\u0131, yeniden yap\u0131lanmay\u0131 ve t\u00fcz\u00fck de\u011fi\u015fikli\u011fini de \u00f6ng\u00f6ren bir ola\u011fan\u00fcst\u00fc kurultaya gidilmesinin gereklili\u011fi \u00fczerinde durdu\u011funu bildirdi. Ya\u011f\u0131z, sonu\u00e7 raporunda yer alan ifadeleri \u015f\u00f6yle aktard\u0131:<br \/>\n&#8220;Ecevit&#8217;in bize b\u0131rakt\u0131\u011f\u0131 Demokratik Sol&#8217;a her zaman gereksinim vard\u0131r. \u00c7\u00fcnk\u00fc Demokratik Sol, \u00fclkemiz siyasal ya\u015fam\u0131nda her a\u00e7\u0131dan g\u00fcvenin en sa\u011fl\u0131kl\u0131 adresidir. Ecevit, bize bu miras\u0131 b\u0131rak\u0131rken, \u00fcnl\u00fc \u015fairimiz Attila \u0130lhan&#8217;\u0131n bir \u015fiirine g\u00f6nderme yaparak, &#8216;Biz sana mecburuz Demokratik Sol&#8217; demi\u015ftir. Demokratik Sol Partililer olarak, Ecevit&#8217;in bu mesaj\u0131n\u0131n bilinci ve gere\u011fini yapman\u0131n kararl\u0131l\u0131\u011f\u0131 i\u00e7indeyiz. Ama ge\u00e7mi\u015fte oldu\u011fu gibi bu s\u00fcre\u00e7te de bir kez daha g\u00f6rd\u00fck ki, \u00f6n\u00fcm\u00fczde bir\u00e7ok engel bulunmaktad\u0131r. Ecevit bize, Demokratik Sol duyarl\u0131l\u0131kta bir i\u015fbirli\u011fi yap\u0131lmas\u0131n\u0131 vasiyet etmi\u015fti. Ama Demokratik Sol&#8217;un kap\u0131s\u0131na kilit vurulmas\u0131n\u0131 istememi\u015fti. Ecevit&#8217;in bu vasiyetini hi\u00e7 kimse ba\u015fka ama\u00e7 ve hevesleri i\u00e7in kullanamaz. Ecevit&#8217;in vasiyeti \u00e7er\u00e7evesinde biz, 2007 Se\u00e7imleri&#8217;ne girmeyerek \u00fczerimize d\u00fc\u015feni yapt\u0131k. 2009 Yerel Se\u00e7imleri \u00f6ncesinde de \u00e7ok somut \u00f6nerilerde bulunarak yasal \u00e7er\u00e7eveye uygun i\u015fbirli\u011finin kap\u0131s\u0131n\u0131 a\u00e7t\u0131k. Ama baz\u0131 kimseler, bunu anlamak yerine, Ecevit&#8217;i alg\u0131lamak yerine, Ecevit&#8217;in olmayan vasiyetine s\u0131\u011f\u0131nd\u0131lar ve i\u015fbirli\u011fi \u00f6nerimizi reddeden CHP&#8217;nin se\u00e7im otob\u00fcslerine binerek g\u00f6r\u00fclmemi\u015f bir ilkesizli\u011fe ve etik d\u0131\u015f\u0131l\u0131\u011f\u0131 tart\u0131\u015f\u0131lamayacak bir davran\u0131\u015fa imza att\u0131lar. \u00c7ok a\u00e7\u0131k ve \u00e7ok net olarak, Ecevit&#8217;in bize en b\u00fcy\u00fck miras\u0131 olan Demokratik Sol&#8217;a tuzak kurdular, ihanet ettiler. Onun i\u00e7indir ki, bu t\u00fcr kimseler i\u00e7in biz, &#8216;i\u00e7imizde g\u00f6z\u00fckenler&#8217; diyoruz. Bunlar i\u00e7in partimizin yetkili organlar\u0131n\u0131n en k\u0131sa s\u00fcrede gere\u011fini yapaca\u011f\u0131na inan\u0131yoruz.&#8221;\n<\/p>\n<p style=\"text-align: justify;\"><strong>5 VEK\u0130L SEZER&#8217;E MEKTUP YAZMI\u015eTI <\/strong><\/p>\n<p style=\"text-align: justify;\">DSP lideri Zeki Sezer&#8217;e g\u00f6nderilen 5 milletvekilinin mektubu:<\/p>\n<p style=\"text-align: justify;\">&#8220;Say\u0131n Genel Ba\u015fkan,<br \/>\nE\u011fer do\u011fruysa, \u0130stanbul aday\u0131m\u0131z A.Vefik Alp adl\u0131 &#8220;\u00fcnl\u00fc&#8221; mimarm\u0131\u015f.<br \/>\nBir parti, e\u011fer bir yere aday g\u00f6sterecekse, bu aday\u0131 \u00f6nce kendi partisi i\u00e7inde arar.<br \/>\nUygun birini bulamazsa, temel siyasi ilke, o partinin &#8220;Partisiz&#8221; birini aday g\u00f6stermesidir.<br \/>\nDSP acaba \u0130stanbul&#8217;da &#8220;\u00c7ok Partili&#8221; ya da &#8220;Her Se\u00e7im Ayr\u0131 Partili&#8221; birini mi ar\u0131yor?<br \/>\nAday g\u00f6sterdi\u011finiz y\u00fczlerce DSP&#8217;li Ba\u015fkan aday\u0131n\u0131n ka\u00e7\u0131 Ecevit\u00e7i ve DSP&#8217;lidir?<br \/>\nBa\u015fka partilerde hayal k\u0131r\u0131kl\u0131\u011f\u0131 ya\u015fayanlar\u0131n, kap\u0131 d\u0131\u015f\u0131nda kalanlar\u0131n &#8220;Teselli Aday\u0131&#8221; yap\u0131lmas\u0131 DSP&#8217;nin yeni misyonu mudur?<br \/>\nMerhum Ecevit sonras\u0131nda 6 y\u0131ldan beri &#8220;\u00d6rg\u00fct.. \u00d6rg\u00fct..&#8221; dedik durduk. \u015eimdi ise \u00f6rg\u00fctleri yok sayarak hem kendimizi, hem milletimizi kand\u0131r\u0131yoruz.<br \/>\nBa\u015far\u0131l\u0131 g\u00f6r\u00fcnmek u\u011fruna, partinin asl\u0131nda millete ait olan milyonlarca liras\u0131 bu d\u00f6nemde soka\u011fa at\u0131lacakt\u0131r.<br \/>\nDaha da vahimi&#8230;<br \/>\n\u00d6v\u00fcn\u00e7 duydu\u011fumuz birka\u00e7 Belediye Ba\u015fkan\u0131m\u0131z d\u0131\u015f\u0131ndaki &#8220;Teselli Adaylar\u0131&#8221; y\u00fcz\u00fcnden oylar b\u00f6l\u00fcnmekle kalmayacak, parti olarak AKP&#8217;nin de\u011firmenine de su ta\u015f\u0131nm\u0131\u015f olacak.<br \/>\n\u0130stanbul&#8217;da, Kemal K\u0131l\u0131\u00e7daro\u011flu&#8217;na kar\u015f\u0131, hele de b\u00f6ylesi bir aday \u00e7\u0131kartmak demek,her demecinizde hakl\u0131 olarak, &#8220;Sivil ve Tarikat\u00e7\u0131 Darbe Giri\u015fimcisi&#8221; diye niteledi\u011finiz AKP iktidar\u0131na ve &#8220;P\u0131rlantal\u0131 Ortakl\u0131k D\u00fczeni&#8221;ne destek olmak demektir.<br \/>\n&#8220;Ecevit&#8217;in izindeyiz!..&#8221; s\u00f6z\u00fcn\u00fcn bir anlam\u0131 kald\u0131ysa hi\u00e7 de\u011filse \u0130stanbul&#8217;da bu t\u00fcr bir aday g\u00f6stermekten l\u00fctfen vazge\u00e7iniz.<br \/>\n\u0130lla aday \u00e7\u0131kartmak istiyorsan\u0131z, \u0130stanbul Belediye Ba\u015fkanl\u0131\u011f\u0131&#8217;na siz, evet siz aday olunuz.<br \/>\nSHP Lideri Karayal\u00e7\u0131n Ankara&#8217;dan aday oldu, iyi de yapt\u0131.<br \/>\nDSP Genel Ba\u015fkan\u0131 olarak ayn\u0131 ad\u0131m\u0131 siz de \u0130stanbul&#8217;da at\u0131n\u0131z.<br \/>\nL\u00fctfen adayl\u0131\u011f\u0131n\u0131z\u0131 en k\u0131sa zamanda ilan ediniz.<br \/>\nBu DSP&#8217;nin siyasetteki iddias\u0131n\u0131 kan\u0131tlamak i\u00e7in \u00e7ok \u00f6nemli bir f\u0131rsat olacakt\u0131r.<br \/>\nAyr\u0131ca AKP-CHP adaylar\u0131na kilitlenen \u0130stanbul se\u00e7imlerinde &#8220;Genel Ba\u015fkanl\u0131k&#8221; s\u0131fat\u0131n\u0131z nedeniyle otomatik olarak DSP&#8217;yi ilk \u00fc\u00e7 parti aras\u0131na sokacakt\u0131r.<br \/>\nAlaca\u011f\u0131n\u0131z oy, DSP&#8217;nin T\u00fcrkiye taban oyu olarak kabul edilecektir.<br \/>\nTopba\u015f ve K\u0131l\u0131\u00e7daro\u011flu&#8217;nun birbirlerini y\u0131pratmalar\u0131 sonucu sizin se\u00e7ilmeseniz bile DSP&#8217;nin oyunu \u00e7ok y\u00fckse\u011fe f\u0131rlatacakt\u0131r.<br \/>\nAday olman\u0131z\u0131n bir yarar\u0131 da 1,5 ay boyunca her g\u00fcn medyada g\u00f6r\u00fcnme imk\u00e2n\u0131 nedeniyle DSP&#8217;ye ve size sa\u011flayaca\u011f\u0131 bulunmaz bir PR f\u0131rsat\u0131 sunmas\u0131d\u0131r.<br \/>\nAyr\u0131ca Ecevit&#8217;in oylar\u0131n\u0131n miras\u0131 da rasgele adaylar\u0131n \u00fcnlerinin, isimlerinin parlat\u0131lmas\u0131na harcanm\u0131\u015f olmayacakt\u0131r.<br \/>\nKonuyu l\u00fctfen iyi de\u011ferlendiriniz. Milletvekilli\u011fi olmak istemedi\u011finiz gibi, Belediye Ba\u015fkan\u0131 da olmak istemiyorsan\u0131z&#8230;<br \/>\nAnkara&#8217;da yapt\u0131\u011f\u0131m\u0131z gibi, \u0130stanbul&#8217;un &#8220;en g\u00fc\u00e7l\u00fc aday\u0131&#8221;, K\u0131l\u0131\u00e7daro\u011flu&#8217;nu destekleme karar\u0131 al\u0131n\u0131z? \u00c7\u00fcnk\u00fc \u0130stanbul, T\u00fcrkiye&#8217;dir. Ecevit&#8217;in partisi de T\u00fcrkiye&#8217;ye zarar veremez. Vermemelidir. Sayg\u0131lar\u0131m\u0131zla.&#8221;\n<\/p>\n<p style=\"text-align: justify;\"><span style=\"color: #888888;\">Kaynak : Vatan<\/span><\/p>\n","protected":false},"excerpt":{"rendered":"<p style=\"text-align: center;\">\n<p style=\"text-align: justify;\">DSP, parti y\u00f6netimine CHP \u0130stanbul Aday\u0131 Kemal K\u0131l\u0131\u00e7daro\u011flu&#8217;nu destek \u00e7a\u011fr\u0131s\u0131 yapan 5 milletvekilini ihra\u00e7 istemiyle parti disiplin kuruluna sevk etti.<\/p>\n<p style=\"text-align: justify;\">DSP milletvekilleri Ahmet Tan, Emrehan Hal\u0131c\u0131, M\u00fccahit Pehlivan, Recai Birg\u00fcn ve Tayfun \u0130\u00e7li ortak bir yaz\u0131l\u0131 a\u00e7\u0131klama yaparak Ba\u015fkanlar\u0131 Zeki Sezer&#8217;e \u0130stanbul&#8217;da CHP&#8217;nin aday\u0131 Kemal K\u0131l\u0131\u00e7daro\u011flu&#8217;nun desteklenmesi i\u00e7in <\/p>\n","protected":false},"author":1,"featured_media":0,"comment_status":"open","ping_status":"closed","sticky":false,"template":"","format":"standard","meta":{"footnotes":""},"categories":[105],"tags":[],"class_list":["post-7445","post","type-post","status-publish","format-standard","hentry","category-gundem","odd"],"_links":{"self":[{"href":"http:\/\/www.korhanyilmaz.com\/index.php?rest_route=\/wp\/v2\/posts\/7445","targetHints":{"allow":["GET"]}}],"collection":[{"href":"http:\/\/www.korhanyilmaz.com\/index.php?rest_route=\/wp\/v2\/posts"}],"about":[{"href":"http:\/\/www.korhanyilmaz.com\/index.php?rest_route=\/wp\/v2\/types\/post"}],"author":[{"embeddable":true,"href":"http:\/\/www.korhanyilmaz.com\/index.php?rest_route=\/wp\/v2\/users\/1"}],"replies":[{"embeddable":true,"href":"http:\/\/www.korhanyilmaz.com\/index.php?rest_route=%2Fwp%2Fv2%2Fcomments&post=7445"}],"version-history":[{"count":0,"href":"http:\/\/www.korhanyilmaz.com\/index.php?rest_route=\/wp\/v2\/posts\/7445\/revisions"}],"wp:attachment":[{"href":"http:\/\/www.korhanyilmaz.com\/index.php?rest_route=%2Fwp%2Fv2%2Fmedia&parent=7445"}],"wp:term":[{"taxonomy":"category","embeddable":true,"href":"http:\/\/www.korhanyilmaz.com\/index.php?rest_route=%2Fwp%2Fv2%2Fcategories&post=7445"},{"taxonomy":"post_tag","embeddable":true,"href":"http:\/\/www.korhanyilmaz.com\/index.php?rest_route=%2Fwp%2Fv2%2Ftags&post=7445"}],"curies":[{"name":"wp","href":"https:\/\/api.w.org\/{rel}","templated":true}]}}