{"id":7441,"date":"2009-04-02T15:59:37","date_gmt":"2009-04-02T12:59:37","guid":{"rendered":"http:\/\/www.korhanyilmaz.com\/?p=7441"},"modified":"2009-04-02T15:59:37","modified_gmt":"2009-04-02T12:59:37","slug":"secimdeki-elektirik-kesintisi-sabotaj-cikti","status":"publish","type":"post","link":"http:\/\/www.korhanyilmaz.com\/?p=7441","title":{"rendered":"Se\u00e7imdeki elektirik kesintisi sabotaj \u00e7\u0131kt\u0131..!"},"content":{"rendered":"<p style=\"text-align: center;\"><img loading=\"lazy\" decoding=\"async\" class=\"aligncenter size-full wp-image-7473\" src=\"http:\/\/www.korhanyilmaz.com\/wp-content\/uploads\/2009\/04\/fft28_mf148575.jpeg\" alt=\"\" width=\"306\" height=\"204\" \/><\/p>\n<p style=\"text-align: justify;\">29 Mart&#8217;ta yap\u0131lan yerel se\u00e7imlerde, Ankara&#8217;n\u0131n baz\u0131 b\u00f6lgelerinde elektrik kesintisi ya\u015fanmas\u0131yla ilgili ilk inceleme tamamland\u0131, Ankara&#8217;daki elektrik \u015febekerinin sabote edildi\u011fi ortaya \u00e7\u0131kt\u0131.<\/p>\n<p style=\"text-align: justify;\">Ankara Dikmen&#8217;deki bir okulda elektrik kesintisi s\u0131ras\u0131nda m\u00fckerrer oylar\u0131, sand\u0131ktakilerle de\u011fi\u015ftirmek isteyen bir ki\u015finin yakalanmas\u0131n\u0131n ard\u0131ndan, Ankara \u0130l Se\u00e7im Kurulu&#8217;nun ba\u015flatt\u0131\u011f\u0131 soru\u015fturmada, emniyet yetkilileri ilgin\u00e7 bulgularla kar\u015f\u0131la\u015ft\u0131. Bu b\u00f6lgeye elektrik da\u011f\u0131t\u0131m\u0131n sa\u011flayan trafolar\u0131 inceleyen polis yetkilileri, baz\u0131 ki\u015fi ya da ki\u015filerin lokal aksakl\u0131k sa\u011flamak i\u00e7in elektri\u011fi kestikleri anla\u015f\u0131ld\u0131.<\/p>\n<p style=\"text-align: justify;\">TEDA\u015e uzmanlar\u0131yla beraber Olay Yeri \u0130nceleme Polisi&#8217;nin yapt\u0131\u011f\u0131 incelemede, trafolarda b\u00f6lgesel eletrik kayb\u0131na sebep olacak i\u015flemlerin yap\u0131ld\u0131\u011f\u0131 belirlendi. Se\u00e7im Kurulu&#8217;na bilgi g\u00f6nderen TEDA\u015e, Ankara&#8217;da meydana gelen elektrik kesintilerinin kendilerinden kaynaklanmad\u0131\u011f\u0131n\u0131 ve lokal aksakl\u0131klar oldu\u011funu bildirdi.<!--more--><\/p>\n<p style=\"text-align: justify;\">Ankara Emniyet M\u00fcd\u00fcrl\u00fc\u011f\u00fc yetkilileri ise olayla ilgili inceleme ba\u015flatarak bu trafolar\u0131 bozan ki\u015fileri bulmak i\u00e7in \u00e7al\u0131\u015fma ba\u015flatt\u0131. Polisin de \u0130l Se\u00e7im Kurulu&#8217;na elektrik kesintilerine ili\u015fkin g\u00f6nderdi\u011fi raporda, &#8220;Kesintilerin trafolara haricen yap\u0131lan m\u00fcdahaleler nedeniyle ger\u00e7ekle\u015fti\u011fi&#8221; y\u00f6n\u00fcnde oldu.<\/p>\n<p style=\"text-align: justify;\"><strong>\u0130L SE\u00c7\u0130M KURULU&#8217;NDAN A\u00c7IKLAMA<\/strong><\/p>\n<p style=\"text-align: justify;\">Ankara \u0130l Se\u00e7im Kurulu Ba\u015fkan\u0131 Mustafa Dan\u0131\u015fman, Ankara&#8217;da baz\u0131 semtlerde se\u00e7im gecesi elektriklerin kesilmesinin &#8220;sabotaj oldu\u011fu ve bu konuda inceleme ba\u015flat\u0131ld\u0131\u011f\u0131&#8221; iddialar\u0131yla ilgili, &#8220;kendilerine bu konuda herhangi bir \u015fey gelmedi\u011fini&#8221; ve &#8220;\u0130l Se\u00e7im Kurulunun da herhangi bir i\u015flem yapmad\u0131\u011f\u0131n\u0131&#8221; bildirdi.<\/p>\n<p style=\"text-align: justify;\">Dan\u0131\u015fman, AA muhabirine yapt\u0131\u011f\u0131 a\u00e7\u0131klamada, se\u00e7im g\u00fcn\u00fc ya\u015fanan elektrik kesintilerinin &#8220;\u015febekenin sabote edilmesi&#8221; sonucu ya\u015fand\u0131\u011f\u0131 y\u00f6n\u00fcnde Emniyet ve TEDA\u015e&#8217;tan \u0130l Se\u00e7im Kuruluna yaz\u0131l\u0131 veya s\u00f6zl\u00fc herhangi bir \u015fey gelmedi\u011fini kaydetti.<\/p>\n<p style=\"text-align: justify;\">Dan\u0131\u015fman, &#8220;Ama bundan sonra bir \u015fey gelir mi bilmiyorum. \u0130l Se\u00e7im Kurulu olarak biz de herhangi bir i\u015flem yapmad\u0131k&#8221; dedi.<\/p>\n<p style=\"text-align: justify;\"><span style=\"color: #888888;\">ANKA<\/span><\/p>\n","protected":false},"excerpt":{"rendered":"<p style=\"text-align: center;\">\n<p style=\"text-align: justify;\">29 Mart&#8217;ta yap\u0131lan yerel se\u00e7imlerde, Ankara&#8217;n\u0131n baz\u0131 b\u00f6lgelerinde elektrik kesintisi ya\u015fanmas\u0131yla ilgili ilk inceleme tamamland\u0131, Ankara&#8217;daki elektrik \u015febekerinin sabote edildi\u011fi ortaya \u00e7\u0131kt\u0131.<\/p>\n<p style=\"text-align: justify;\">Ankara Dikmen&#8217;deki bir okulda elektrik kesintisi s\u0131ras\u0131nda m\u00fckerrer oylar\u0131, sand\u0131ktakilerle de\u011fi\u015ftirmek isteyen bir ki\u015finin yakalanmas\u0131n\u0131n ard\u0131ndan, Ankara \u0130l Se\u00e7im Kurulu&#8217;nun ba\u015flatt\u0131\u011f\u0131 soru\u015fturmada, emniyet yetkilileri ilgin\u00e7 bulgularla <\/p>\n","protected":false},"author":1,"featured_media":0,"comment_status":"open","ping_status":"closed","sticky":false,"template":"","format":"standard","meta":{"footnotes":""},"categories":[105],"tags":[],"class_list":["post-7441","post","type-post","status-publish","format-standard","hentry","category-gundem","odd"],"_links":{"self":[{"href":"http:\/\/www.korhanyilmaz.com\/index.php?rest_route=\/wp\/v2\/posts\/7441","targetHints":{"allow":["GET"]}}],"collection":[{"href":"http:\/\/www.korhanyilmaz.com\/index.php?rest_route=\/wp\/v2\/posts"}],"about":[{"href":"http:\/\/www.korhanyilmaz.com\/index.php?rest_route=\/wp\/v2\/types\/post"}],"author":[{"embeddable":true,"href":"http:\/\/www.korhanyilmaz.com\/index.php?rest_route=\/wp\/v2\/users\/1"}],"replies":[{"embeddable":true,"href":"http:\/\/www.korhanyilmaz.com\/index.php?rest_route=%2Fwp%2Fv2%2Fcomments&post=7441"}],"version-history":[{"count":0,"href":"http:\/\/www.korhanyilmaz.com\/index.php?rest_route=\/wp\/v2\/posts\/7441\/revisions"}],"wp:attachment":[{"href":"http:\/\/www.korhanyilmaz.com\/index.php?rest_route=%2Fwp%2Fv2%2Fmedia&parent=7441"}],"wp:term":[{"taxonomy":"category","embeddable":true,"href":"http:\/\/www.korhanyilmaz.com\/index.php?rest_route=%2Fwp%2Fv2%2Fcategories&post=7441"},{"taxonomy":"post_tag","embeddable":true,"href":"http:\/\/www.korhanyilmaz.com\/index.php?rest_route=%2Fwp%2Fv2%2Ftags&post=7441"}],"curies":[{"name":"wp","href":"https:\/\/api.w.org\/{rel}","templated":true}]}}