{"id":7435,"date":"2009-04-02T14:59:22","date_gmt":"2009-04-02T11:59:22","guid":{"rendered":"http:\/\/www.korhanyilmaz.com\/?p=7435"},"modified":"2009-04-02T14:59:22","modified_gmt":"2009-04-02T11:59:22","slug":"gokcekten-yanit-geldi","status":"publish","type":"post","link":"http:\/\/www.korhanyilmaz.com\/?p=7435","title":{"rendered":"G\u00f6k\u00e7ek&#039;ten yan\u0131t geldi"},"content":{"rendered":"<p style=\"text-align: center;\"><img loading=\"lazy\" decoding=\"async\" class=\"aligncenter size-full wp-image-7436\" title=\"G\u00f6k\u00e7ek'ten yan\u0131t geldi \" src=\"http:\/\/www.korhanyilmaz.com\/wp-content\/uploads\/2009\/04\/020420091634177317923.jpg\" alt=\"G\u00f6k\u00e7ek'ten yan\u0131t geldi \" width=\"329\" height=\"210\" \/><\/p>\n<p style=\"text-align: justify;\">Ankara B\u00fcy\u00fck\u015fehir Belediye Ba\u015fkan\u0131 Melih G\u00f6k\u00e7ek, &#8220;hakk\u0131nda soru\u015fturma a\u00e7\u0131ld\u0131\u011f\u0131&#8221; y\u00f6n\u00fcndeki haberler konusunda, &#8220;Bunun rutin bir i\u015flem oldu\u011funu, bir soru\u015fturma s\u00f6z konusu olmad\u0131\u011f\u0131n\u0131&#8221; bildirdi.<\/p>\n<p style=\"text-align: justify;\">G\u00f6k\u00e7ek, yapt\u0131\u011f\u0131 yaz\u0131l\u0131 a\u00e7\u0131klamada, konuya ili\u015fkin baz\u0131 bas\u0131n yay\u0131n organlar\u0131nda yap\u0131lan haberlerin &#8220;tarz olarak do\u011fru olmad\u0131\u011f\u0131n\u0131&#8221; savunarak, \u015funlar\u0131 kaydetti:<br \/>\n&#8220;Olaylar\u0131n geli\u015fim s\u00fcrecini a\u00e7\u0131klamak gerekirse, her vatanda\u015f\u0131n savc\u0131l\u0131\u011fa gidip dilek\u00e7e verme hakk\u0131 vard\u0131r. Savc\u0131l\u0131k ise gelen dilek\u00e7eyi inceledikten sonra hakk\u0131mda herhangi bir soru\u015fturma a\u00e7\u0131l\u0131p a\u00e7\u0131lmayaca\u011f\u0131na dair \u0130\u00e7i\u015fleri Bakanl\u0131\u011f\u0131&#8217;na bu dilek\u00e7eyi g\u00f6nderir. Bakanl\u0131k da bu konuda soru\u015fturma a\u00e7\u0131l\u0131p a\u00e7\u0131lmayaca\u011f\u0131na karar verir.&#8221;<!--more--><br \/>\n&#8220;Baz\u0131 internet siteleri ve televizyonlarda yer alan haberlerin iki \u015fekilde ortaya \u00e7\u0131kt\u0131\u011f\u0131n\u0131&#8221; ifade eden G\u00f6k\u00e7ek, \u015fu bilgileri verdi:<br \/>\n&#8220;Bunlardan birincisi, T\u00fcrkiye Kom\u00fcnist Partisi benimle ilgili savc\u0131l\u0131\u011fa bir dilek\u00e7e veriyor. Savc\u0131l\u0131\u011fa verilen dilek\u00e7e de \u0130\u00e7i\u015fleri Bakanl\u0131\u011f\u0131&#8217;na intikal<br \/>\nettiriliyor ve dilek\u00e7e inceleniyor. Her ay b\u00f6yle en az 8-10 hatta 20 tane incelemem olur. \u00c7\u00fcnk\u00fc vatanda\u015f\u0131n \u015fikayet hakk\u0131 vard\u0131r. \u0130nceleme yap\u0131l\u0131r,<br \/>\nsoru\u015fturma yap\u0131l\u0131p yap\u0131lmayaca\u011f\u0131na da \u0130\u00e7i\u015fleri Bakanl\u0131\u011f\u0131 karar verir. \u015eu anda \u0130\u00e7i\u015fleri Bakanl\u0131\u011f\u0131&#8217;n\u0131n bu konuda soru\u015fturma yap\u0131laca\u011f\u0131na dair vermi\u015f oldu\u011fu herhangi bir karar\u0131 yoktur.&#8221;\n<\/p>\n<p style=\"text-align: justify;\"><strong>-DANI\u015eTAY KARARI-<\/strong><\/p>\n<p style=\"text-align: justify;\">&#8220;Hakk\u0131nda 5 ayr\u0131 \u015fikayet bulundu\u011funu&#8221; belirten G\u00f6k\u00e7ek, \u015funlar\u0131 kaydetti:<br \/>\n&#8220;\u0130\u00e7i\u015fleri Bakanl\u0131\u011f\u0131 bu konuda kendisine intikal eden dosyalar\u0131 incelemi\u015f ve herhangi bir i\u015flem yapmaya gerek duymad\u0131\u011f\u0131 i\u00e7in de geri \u00e7evirmi\u015ftir. Bunlar da kalkm\u0131\u015f Dan\u0131\u015ftay&#8217;a gitmi\u015fler. Dan\u0131\u015ftay da &#8216;Bunlar\u0131 bir incelemeniz laz\u0131m&#8217; demi\u015f.\n<\/p>\n<p style=\"text-align: justify;\">Bu y\u00fczden ayn\u0131 konular yeniden \u0130\u00e7i\u015fleri Bakanl\u0131\u011f\u0131&#8217;na geliyor. Olay bundan ibaret.\u0130\u00e7i\u015fleri Bakanl\u0131\u011f\u0131 ayn\u0131 konuyu incelemeye gerek g\u00f6rmedi\u011fi, dosya \u00fczerinde inceleyip de herhangi bir su\u00e7 unsuruna rastlamad\u0131\u011f\u0131 olay\u0131 Dan\u0131\u015ftay &#8216;Yeniden inceleyeceksiniz&#8217; dedi\u011fi i\u00e7in bir daha inceleyecek.<\/p>\n<p style=\"text-align: justify;\">Bug\u00fcne kadar b\u00f6yle rutin i\u015fler onlarca, y\u00fczlerce kez olmu\u015ftur. Bu durum bir avu\u00e7 suda f\u0131rt\u0131na koparma olay\u0131d\u0131r. Anlayan da anlamayan da sevin\u00e7 \u00e7\u0131\u011fl\u0131klar\u0131 i\u00e7erisinde sanki bir soru\u015fturma varm\u0131\u015f gibi s\u00f6yl\u00fcyorlar. B\u00f6yle bir soru\u015fturma yoktur.&#8221;<br \/>\nG\u00f6k\u00e7ek, &#8220;kendisinin yeniden se\u00e7ilmesinden baz\u0131 \u00e7evrelerin rahats\u0131z oldu\u011funu&#8221; savunarak, &#8220;Kendisi hakk\u0131nda iftira atanlar hakk\u0131nda dava a\u00e7aca\u011f\u0131n\u0131&#8221; da bildirdi.\n<\/p>\n<p style=\"text-align: justify;\"><span style=\"color: #888888;\">Kaynak : Vatan<\/span><\/p>\n","protected":false},"excerpt":{"rendered":"<p style=\"text-align: center;\">\n<p style=\"text-align: justify;\">Ankara B\u00fcy\u00fck\u015fehir Belediye Ba\u015fkan\u0131 Melih G\u00f6k\u00e7ek, &#8220;hakk\u0131nda soru\u015fturma a\u00e7\u0131ld\u0131\u011f\u0131&#8221; y\u00f6n\u00fcndeki haberler konusunda, &#8220;Bunun rutin bir i\u015flem oldu\u011funu, bir soru\u015fturma s\u00f6z konusu olmad\u0131\u011f\u0131n\u0131&#8221; bildirdi.<\/p>\n<p style=\"text-align: justify;\">G\u00f6k\u00e7ek, yapt\u0131\u011f\u0131 yaz\u0131l\u0131 a\u00e7\u0131klamada, konuya ili\u015fkin baz\u0131 bas\u0131n yay\u0131n organlar\u0131nda yap\u0131lan haberlerin &#8220;tarz olarak do\u011fru olmad\u0131\u011f\u0131n\u0131&#8221; savunarak, \u015funlar\u0131 kaydetti: &#8220;Olaylar\u0131n geli\u015fim s\u00fcrecini a\u00e7\u0131klamak gerekirse, her <\/p>\n","protected":false},"author":1,"featured_media":0,"comment_status":"open","ping_status":"closed","sticky":false,"template":"","format":"standard","meta":{"footnotes":""},"categories":[105],"tags":[],"class_list":["post-7435","post","type-post","status-publish","format-standard","hentry","category-gundem","odd"],"_links":{"self":[{"href":"http:\/\/www.korhanyilmaz.com\/index.php?rest_route=\/wp\/v2\/posts\/7435","targetHints":{"allow":["GET"]}}],"collection":[{"href":"http:\/\/www.korhanyilmaz.com\/index.php?rest_route=\/wp\/v2\/posts"}],"about":[{"href":"http:\/\/www.korhanyilmaz.com\/index.php?rest_route=\/wp\/v2\/types\/post"}],"author":[{"embeddable":true,"href":"http:\/\/www.korhanyilmaz.com\/index.php?rest_route=\/wp\/v2\/users\/1"}],"replies":[{"embeddable":true,"href":"http:\/\/www.korhanyilmaz.com\/index.php?rest_route=%2Fwp%2Fv2%2Fcomments&post=7435"}],"version-history":[{"count":0,"href":"http:\/\/www.korhanyilmaz.com\/index.php?rest_route=\/wp\/v2\/posts\/7435\/revisions"}],"wp:attachment":[{"href":"http:\/\/www.korhanyilmaz.com\/index.php?rest_route=%2Fwp%2Fv2%2Fmedia&parent=7435"}],"wp:term":[{"taxonomy":"category","embeddable":true,"href":"http:\/\/www.korhanyilmaz.com\/index.php?rest_route=%2Fwp%2Fv2%2Fcategories&post=7435"},{"taxonomy":"post_tag","embeddable":true,"href":"http:\/\/www.korhanyilmaz.com\/index.php?rest_route=%2Fwp%2Fv2%2Ftags&post=7435"}],"curies":[{"name":"wp","href":"https:\/\/api.w.org\/{rel}","templated":true}]}}