{"id":7424,"date":"2009-04-02T10:59:26","date_gmt":"2009-04-02T07:59:26","guid":{"rendered":"http:\/\/www.korhanyilmaz.com\/?p=7424"},"modified":"2026-04-21T09:34:11","modified_gmt":"2026-04-21T06:34:11","slug":"tuncelide-lisede-ders-veren-yuzbasi-gorevden-alindi","status":"publish","type":"post","link":"http:\/\/www.korhanyilmaz.com\/?p=7424","title":{"rendered":"Tunceli&#039;de lisede ders veren y\u00fczba\u015f\u0131 g\u00f6revden al\u0131nd\u0131"},"content":{"rendered":"<p style=\"text-align: center;\">\n<p><a href=\"http:\/\/www.korhanyilmaz.com\/wp-content\/uploads\/2009\/04\/tunceli_milliguvenlik_hocasi.png\"  class=\"lightview\"><img loading=\"lazy\" decoding=\"async\" class=\"aligncenter wp-image-2308223\" src=\"http:\/\/www.korhanyilmaz.com\/wp-content\/uploads\/2009\/04\/tunceli_milliguvenlik_hocasi.png\" alt=\"\" width=\"500\" height=\"278\" srcset=\"http:\/\/www.korhanyilmaz.com\/wp-content\/uploads\/2009\/04\/tunceli_milliguvenlik_hocasi.png 737w, http:\/\/www.korhanyilmaz.com\/wp-content\/uploads\/2009\/04\/tunceli_milliguvenlik_hocasi-150x83.png 150w, http:\/\/www.korhanyilmaz.com\/wp-content\/uploads\/2009\/04\/tunceli_milliguvenlik_hocasi-400x223.png 400w\" sizes=\"auto, (max-width: 500px) 100vw, 500px\" \/><\/a><\/p>\n<p style=\"text-align: justify;\"><strong>&#8216;Atat\u00fcrk\u00e7\u00fc partiye oy verece\u011fim&#8217; laf\u0131na soru\u015fturma<\/strong><\/p>\n<p style=\"text-align: justify;\">TUNCEL\u0130 &#8211; Ovac\u0131k il\u00e7esi Jandarma Komutan olan ve Mare\u015fal Fevzi \u00c7akmak Lisesi&#8217;nde Milli G\u00fcvenlik Dersi&#8217;ne giren Y\u00fczba\u015f\u0131 S.B., ge\u00e7en hafta okulda &#8220;T\u00fcrkiye&#8217;de baz\u0131 tarikatlar \u00f6nemli yerleri kapmak istiyor. Ben \u015fahsen T\u00fcrkiye&#8217;nin laik yap\u0131s\u0131n\u0131 zedelemeyecek, Cumhuriyet&#8217;ten yana, Atat\u00fcrk\u00e7\u00fc ve sosyal devlet ilkesini benimseyen partiye oy verece\u011fim&#8221; demesinin ard\u0131ndan baz\u0131 \u00f6\u011fretmenler taraf\u0131ndan \u015fik\u00e2yet edildi. \u015eik\u00e2yet \u00fczerine Y\u00fczba\u015f\u0131 S.B., \u0130l Jandarma Komutanl\u0131\u011f\u0131 emrine al\u0131n\u0131rken, hakk\u0131nda Cumhuriyet Savc\u0131l\u0131\u011f\u0131 ve \u0130l Jandarma Komutanl\u0131\u011f\u0131 taraf\u0131ndan soru\u015fturma ba\u015flat\u0131ld\u0131. Ovac\u0131k&#8217;ta \u00e7ok sevilen y\u00fczba\u015f\u0131 S.B.&#8217;nin geri d\u00f6nmesi i\u00e7in \u00f6\u011frencileri imza kampanyas\u0131 ba\u015flatt\u0131. <!--more--><\/p>\n<p style=\"text-align: justify;\"><strong>\u00d6\u011eRENC\u0130LER SORDU<\/strong><\/p>\n<p style=\"text-align: justify;\">Tunceli&#8217;nin Ovac\u0131k \u0130l\u00e7esi Mare\u015fal Fevzi \u00c7akmak Lisesi&#8217;nde Milli G\u00fcvenlik Dersi&#8217;ne giren \u0130l\u00e7e Jandarma Komutan\u0131 Y\u00fczba\u015f\u0131 S.B.&#8217;nin g\u00f6rev yerinin de\u011fi\u015ftirilmesi ve hakk\u0131nda iki soru\u015fturmas\u0131 a\u00e7\u0131lmas\u0131na neden olan olay ge\u00e7en hafta \u00e7ar\u015famba g\u00fcn\u00fc ders i\u015fledi\u011fi s\u0131rada ya\u015fand\u0131. \u0130ddiaya g\u00f6re \u00f6\u011frenciler sohbet s\u0131ras\u0131nda S.B.&#8217;ye se\u00e7imlerde oyunu kime verece\u011fini sordu. Bunun \u00fczerine Y\u00fczba\u015f\u0131 B., &#8220;Ben oyumu laik demokratik T\u00fcrkiye Cumhuriyeti&#8217;ni savunan, Atat\u00fcrk\u00e7\u00fc \u00e7izgide olan partiye verece\u011fim&#8221; dedi. Daha sonra \u00f6\u011fretmenler odas\u0131na ge\u00e7en S.B., s\u00f6z se\u00e7imlerden a\u00e7\u0131ld\u0131\u011f\u0131nda ve baz\u0131 \u00f6\u011fretmenlerin T\u00fcrkiye&#8217;nin laik yap\u0131s\u0131 ile ilgili s\u00f6zler s\u00f6ylemesinin ard\u0131ndan, &#8220;T\u00fcrkiye&#8217;de baz\u0131 tarikatlar \u00f6nemli yerleri kapmak istiyor. Ben \u015fahsen T\u00fcrkiye&#8217;nin laik yap\u0131s\u0131n\u0131 zedelemeyecek, Cumhuriyet&#8217;ten yana, Atat\u00fcrk\u00e7\u00fc ve sosyal devlet ilkesini benimseyen partiye oy verece\u011fim&#8221; dedi.<br \/>\n\u00d6\u011fretmenler odas\u0131nda AKP&#8217;ye oy verece\u011fini s\u00f6yleyen baz\u0131 \u00f6\u011fretmenler, Y\u00fczba\u015f\u0131 S.B.&#8217;nin \u00f6\u011frencilere &#8220;CHP&#8217;ye oy verin&#8221; dedi\u011fini ileri s\u00fcrerek, okul y\u00f6netimi, \u0130l\u00e7e Milli E\u011fitim M\u00fcd\u00fcrl\u00fc\u011f\u00fc ve Cumhuriyet Savc\u0131l\u0131\u011f\u0131&#8217;na su\u00e7 duyurusunda bulundu. \u00d6\u011fretmenler ard\u0131ndan konuyu d\u00f6nemin Belediye Ba\u015fkan\u0131 AKP&#8217;li Hasan H\u00fcseyin Dizi ve \u0130l\u00e7e Ba\u015fkan\u0131 R\u0131za \u00c7olak&#8217;a iletti. Ba\u015fkan ve il\u00e7e ba\u015fkan\u0131 da konuyu parti genel merkezi ile Vali Mustafa Yaman&#8217;a aktard\u0131.<\/p>\n<p style=\"text-align: justify;\"><strong>G\u00d6REV YER\u0130 DE\u011e\u0130\u015eT\u0130R\u0130LD\u0130<\/strong><\/p>\n<p style=\"text-align: justify;\">\u0130ddiaya g\u00f6re, Vali Yaman&#8217;\u0131n Y\u00fczba\u015f\u0131 S.B.&#8217;nin s\u00f6yledi\u011fi iddia edilen s\u00f6zleri Tunceli Jandarma B\u00f6lge Komutanl\u0131\u011f\u0131&#8217;na aktarmas\u0131 \u00fczerine B., ayn\u0131 g\u00fcn \u0130l\u00e7e Jandarma Komutanl\u0131\u011f\u0131&#8217;ndan al\u0131narak ge\u00e7ici olarak \u0130l Jandarma Komutanl\u0131\u011f\u0131&#8217;nda g\u00f6revlendirildi. Y\u00fczba\u015f\u0131 B. hakk\u0131nda Tunceli Cumhuriyet Ba\u015fsavc\u0131l\u0131\u011f\u0131 ile \u0130l Jandarma Komutanl\u0131\u011f\u0131&#8217;n\u0131n ba\u015flatt\u0131\u011f\u0131 iki ayr\u0131 soru\u015fturman\u0131n s\u00fcrd\u00fc\u011f\u00fc belirtildi. Tunceli Cumhuriyet Ba\u015fsavc\u0131l\u0131\u011f\u0131&#8217;n\u0131n talebi \u00fczerine Ovac\u0131k&#8217;ta savc\u0131l\u0131k baz\u0131 \u00f6\u011fretmen ve S.B.&#8217;nin derslerine girdi\u011fi b\u00fct\u00fcn \u00f6\u011frencilerin ifadesini ald\u0131\u011f\u0131 \u00f6\u011frenildi.<\/p>\n<p style=\"text-align: justify;\"><strong>\u00d6\u011eRENC\u0130LERDEN \u0130MZA KAMPANYASI <\/strong><\/p>\n<p style=\"text-align: justify;\">Y\u00fczba\u015f\u0131 S.B.&#8217;nin g\u00f6revden al\u0131n\u0131p merkeze \u00e7ekilmesi \u00fczerine Mare\u015fal Fevzi \u00c7akmak Lisesi&#8217;nde derslerine girdi\u011fi \u00f6\u011frenciler imza kampanyas\u0131 ba\u015flatt\u0131. Y\u00fczba\u015f\u0131 S.B.&#8217;nin il\u00e7eye geri g\u00f6nderilmesini ve derslerine yeniden girmesini isteyen \u00f6\u011frenciler, toplad\u0131klar\u0131 790 imzal\u0131 dilek\u00e7eyi Tunceli Valili\u011fi&#8217;ne g\u00f6nderdi. Y\u00fczba\u015f\u0131 B.&#8217;yi \u00e7ok sevdiklerini ve kendilerini hi\u00e7 bir zaman y\u00f6nlendirmedi\u011fini s\u00f6yleyen \u00f6\u011frenciler, &#8220;O \u00e7ok iyi bir \u00f6\u011fretmen ve iyi bir komutan. \u0130yi bir Atat\u00fcrk\u00e7\u00fc olan komutan\u0131m\u0131z\u0131 il\u00e7e halk\u0131 da \u00e7ok seviyor. Biz imza kampanyas\u0131 ba\u015flatt\u0131k. \u00d6\u011fretmenimiz hakk\u0131ndaki s\u00f6ylentiler do\u011fru de\u011fil. Se\u00e7im konusunu s\u0131n\u0131fta biz a\u00e7t\u0131k. \u00d6\u011fretmenimiz, &#8216;Kendi d\u00fc\u015f\u00fcncenize uygun insanlara, adaylara oy verin. Sizi y\u00f6netecek insanlara oy verin&#8217; dedi. Baz\u0131 \u00f6\u011fretmenlerimizi komutan\u0131m\u0131z\u0131 \u015fikayet etmi\u015f. Ona haks\u0131zl\u0131k yap\u0131ld\u0131\u011f\u0131na inan\u0131yoruz. Baz\u0131 \u00f6\u011fretmenlerimizi burada ev ev dola\u015farak AKP&#8217;ye oy istedi ama onlara bir \u015fey yap\u0131lmad\u0131&#8221; dedi.<br \/>\nOvac\u0131k&#8217;\u0131n yeni se\u00e7ilen CHP&#8217;li Belediye Ba\u015fkan\u0131 Mustafa Sar\u0131g\u00fcl, Y\u00fczba\u015f\u0131 S.B. ile \u00f6\u011fretmen aras\u0131nda tart\u0131\u015fma oldu\u011funu duydu\u011funu s\u00f6yledi. Sar\u0131g\u00fcl, &#8220;Bu konuyla ilgili bizim bildi\u011fimiz \u00f6\u011fretmenler odas\u0131nda kar\u015f\u0131l\u0131kl\u0131 tart\u0131\u015fma olmu\u015f. Do\u011fal olarak se\u00e7im ortam\u0131, konu se\u00e7imler olunca herkes \u00f6\u011fretmenler ve komutan g\u00f6r\u00fc\u015f\u00fcn\u00fc s\u00f6ylemi\u015f. Tart\u0131\u015fma s\u0131ras\u0131nda Ovac\u0131k&#8217;\u0131n sorunlar\u0131 da tart\u0131\u015f\u0131lm\u0131\u015f. Komutan \u00e7ok Atat\u00fcrk\u00e7\u00fc ve \u00fclkesini seven, Ovac\u0131k halk\u0131yla \u00e7ok bar\u0131\u015f\u0131k bir komutan. \u00d6\u011fretmenler odas\u0131nda Atat\u00fcrk ilkelerine ve ink\u0131laplar\u0131na ba\u011fl\u0131 kal\u0131nmas\u0131, Cumhuriyet&#8217;e sahip \u00e7\u0131k\u0131lmas\u0131 gerekti\u011fini ve bu \u00fclkeyi tarikatlara teslim edilmeyece\u011fini s\u00f6ylemi\u015f. Bu y\u00f6nl\u00fc konu\u015fmalar olmu\u015f ama di\u011fer insanlar ya da di\u011fer partililer bunu nas\u0131l anlam\u0131\u015fsa \u00f6\u011fretmen arkada\u015flar \u015fikayet etmi\u015f. Komutan ge\u00e7ici olarak \u0130l Jandarma Komutanl\u0131\u011f\u0131&#8217;na al\u0131nm\u0131\u015f. Bizim bildi\u011fimiz bu kadar&#8221; dedi.<\/p>\n<p style=\"text-align: justify;\"><strong>\u0130L\u00c7EDE SEV\u0130L\u0130YOR<\/strong><\/p>\n<p style=\"text-align: justify;\">Ovac\u0131k&#8217;ta elektrik\u00e7ilik yapan Yusuf Se\u00e7, Y\u00fczba\u015f\u0131 S.B.&#8217;nin il\u00e7ede \u00e7ok sevildi\u011fini ve insanlara \u00e7ok yard\u0131mc\u0131 oldu\u011funu s\u00f6yledi. B.&#8217;nin k\u00f6ylere kadar gidip insanlara yard\u0131m etti\u011fini de s\u00f6yleyen Se\u00e7, &#8220;Ben \u00f6\u011frenciler ile konu\u015ftum. Komutan \u00f6\u011frencilere, &#8216;devletinize sahip \u00e7\u0131k\u0131n Atat\u00fcrk ilke ve ink\u0131laplar\u0131na sahip \u00e7\u0131k\u0131n&#8217; demi\u015f. \u00d6\u011frenciler kendisine se\u00e7imler ile ilgili sorunca o da d\u00fc\u015f\u00fcncelerini s\u00f6ylemi\u015f. AKP&#8217;liler dedikodu \u00e7\u0131kararak haks\u0131zl\u0131k yapm\u0131\u015flar. Ben y\u00fczba\u015f\u0131m\u0131zla da konu\u015ftum haks\u0131zl\u0131\u011fa u\u011frad\u0131\u011f\u0131n\u0131 ama asla Atat\u00fcrk\u00e7\u00fc olmaktan vazge\u00e7meyece\u011fini s\u00f6yledi. Zaten \u00f6\u011frenciler gidip savc\u0131l\u0131\u011fa ger\u00e7ekleri anlatacaklar. Komutan\u0131n tek yapmak istedi\u011fi devlet halk ili\u015fkilerini en iyi seviyeye \u00e7\u0131karmak yapmak istedi\u011fi budur&#8221; dedi.<\/p>\n<p style=\"text-align: justify;\"><span style=\"color: #888888;\">DHA<\/span><\/p>\n","protected":false},"excerpt":{"rendered":"<p style=\"text-align: center;\">\n<p style=\"text-align: justify;\">&#8216;Atat\u00fcrk\u00e7\u00fc partiye oy verece\u011fim&#8217; laf\u0131na soru\u015fturma<\/p>\n<p style=\"text-align: justify;\">TUNCEL\u0130 &#8211; Ovac\u0131k il\u00e7esi Jandarma Komutan olan ve Mare\u015fal Fevzi \u00c7akmak Lisesi&#8217;nde Milli G\u00fcvenlik Dersi&#8217;ne giren Y\u00fczba\u015f\u0131 S.B., ge\u00e7en hafta okulda &#8220;T\u00fcrkiye&#8217;de baz\u0131 tarikatlar \u00f6nemli yerleri kapmak istiyor. Ben \u015fahsen T\u00fcrkiye&#8217;nin laik yap\u0131s\u0131n\u0131 zedelemeyecek, Cumhuriyet&#8217;ten yana, Atat\u00fcrk\u00e7\u00fc ve sosyal devlet ilkesini <\/p>\n","protected":false},"author":1,"featured_media":0,"comment_status":"open","ping_status":"closed","sticky":false,"template":"","format":"standard","meta":{"footnotes":""},"categories":[105],"tags":[],"class_list":["post-7424","post","type-post","status-publish","format-standard","hentry","category-gundem","odd"],"_links":{"self":[{"href":"http:\/\/www.korhanyilmaz.com\/index.php?rest_route=\/wp\/v2\/posts\/7424","targetHints":{"allow":["GET"]}}],"collection":[{"href":"http:\/\/www.korhanyilmaz.com\/index.php?rest_route=\/wp\/v2\/posts"}],"about":[{"href":"http:\/\/www.korhanyilmaz.com\/index.php?rest_route=\/wp\/v2\/types\/post"}],"author":[{"embeddable":true,"href":"http:\/\/www.korhanyilmaz.com\/index.php?rest_route=\/wp\/v2\/users\/1"}],"replies":[{"embeddable":true,"href":"http:\/\/www.korhanyilmaz.com\/index.php?rest_route=%2Fwp%2Fv2%2Fcomments&post=7424"}],"version-history":[{"count":2,"href":"http:\/\/www.korhanyilmaz.com\/index.php?rest_route=\/wp\/v2\/posts\/7424\/revisions"}],"predecessor-version":[{"id":2308224,"href":"http:\/\/www.korhanyilmaz.com\/index.php?rest_route=\/wp\/v2\/posts\/7424\/revisions\/2308224"}],"wp:attachment":[{"href":"http:\/\/www.korhanyilmaz.com\/index.php?rest_route=%2Fwp%2Fv2%2Fmedia&parent=7424"}],"wp:term":[{"taxonomy":"category","embeddable":true,"href":"http:\/\/www.korhanyilmaz.com\/index.php?rest_route=%2Fwp%2Fv2%2Fcategories&post=7424"},{"taxonomy":"post_tag","embeddable":true,"href":"http:\/\/www.korhanyilmaz.com\/index.php?rest_route=%2Fwp%2Fv2%2Ftags&post=7424"}],"curies":[{"name":"wp","href":"https:\/\/api.w.org\/{rel}","templated":true}]}}