{"id":7420,"date":"2009-04-02T10:02:42","date_gmt":"2009-04-02T07:02:42","guid":{"rendered":"http:\/\/www.korhanyilmaz.com\/?p=7420"},"modified":"2009-04-02T10:02:42","modified_gmt":"2009-04-02T07:02:42","slug":"chpnin-yeniden-yapilanma-formulu","status":"publish","type":"post","link":"http:\/\/www.korhanyilmaz.com\/?p=7420","title":{"rendered":"CHP&#039;nin yeniden yap\u0131lanma form\u00fcl\u00fc"},"content":{"rendered":"<p style=\"text-align: center;\"><img loading=\"lazy\" decoding=\"async\" class=\"aligncenter size-full wp-image-7421\" title=\"CHP'nin yeniden yap\u0131lanma form\u00fcl\u00fc \" src=\"http:\/\/www.korhanyilmaz.com\/wp-content\/uploads\/2009\/04\/020420091234274775224.jpg\" alt=\"CHP'nin yeniden yap\u0131lanma form\u00fcl\u00fc \" width=\"329\" height=\"210\" \/><\/p>\n<p style=\"text-align: justify;\"><strong>Karayal\u00e7\u0131n ba\u015fdan\u0131\u015fman, K\u0131l\u0131\u00e7daro\u011flu merkeze&#8217; form\u00fcl\u00fc<\/strong><\/p>\n<p style=\"text-align: justify;\">Yerel se\u00e7imlerden sonra &#8216;iktidara alternatif&#8217; olmak i\u00e7in umutlanan CHP yeniden yap\u0131lanma i\u00e7in d\u00fc\u011fmeye bast\u0131. \u0130lk de\u011ferlendirme CHP Genel Ba\u015fkan Deniz Baykal&#8217;\u0131n yar\u0131n toplayaca\u011f\u0131 Merkez Y\u00f6netim Kurulu&#8217;nda (MYK) yap\u0131lacak.<\/p>\n<p style=\"text-align: justify;\">Daha sonra Parti Meclisi (PM) toplant\u0131ya \u00e7a\u011fr\u0131lacak ve son kurultayda haz\u0131rlanan yeni t\u00fcz\u00fc\u011f\u00fcn uygulanmas\u0131 ele al\u0131nacak. PM, t\u00fcz\u00fck de\u011fi\u015fikli\u011fini y\u00fcr\u00fcrl\u00fc\u011fe sokarsa mevcut MYK d\u00fc\u015fm\u00fc\u015f say\u0131lacak. Yeni t\u00fcz\u00fc\u011fe g\u00f6re bir genel ba\u015fkan, bir genel sekreter ve en az 13 genel ba\u015fkan yard\u0131mc\u0131s\u0131ndan olu\u015facak olan yeni MYK&#8217;y\u0131 Baykal, PM \u00fcyeleri i\u00e7inden atama yoluyla se\u00e7ilecek. <!--more--><\/p>\n<p style=\"text-align: justify;\">Yerel se\u00e7imlerde \u0130stanbul B\u00fcy\u00fck\u015fehir Belediye Ba\u015fkanl\u0131\u011f\u0131&#8217;na aday olan ve partisinin oylar\u0131n\u0131 yakla\u015f\u0131k y\u00fczde 10 oran\u0131nda art\u0131ran CHP Grup Ba\u015fkanvekili Kemal K\u0131l\u0131\u00e7daro\u011flu yeni yap\u0131lanmada MYK \u00fcyesi olacak. Yenilenen t\u00fcz\u00fc\u011f\u00fcne g\u00f6re, Grup Ba\u015fkanvekilleri, Genel Ba\u015fkan Yard\u0131mc\u0131s\u0131 s\u0131fat\u0131 ile MYK toplant\u0131lar\u0131na kat\u0131labilecek. Eski t\u00fcz\u00fckte grup ba\u015fkanvekilleri PM toplant\u0131s\u0131na kat\u0131labiliyor ancak oy haklar\u0131 bulunmuyordu.<\/p>\n<p style=\"text-align: justify;\">SHP Genel Ba\u015fkanl\u0131\u011f\u0131 g\u00f6revinden istifa ederek CHP&#8217;nin Ankara B\u00fcy\u00fck\u015fehir Belediye Ba\u015fkan aday\u0131 olan ve se\u00e7imi kaybetmesine kar\u015f\u0131n CHP&#8217;nin oylar\u0131n\u0131 art\u0131ran Murat Karayal\u00e7\u0131n&#8217;a partide aktif g\u00f6rev verilmesi d\u00fc\u015f\u00fcn\u00fcl\u00fcyor. Baykal, PM \u00fcyesi olmad\u0131\u011f\u0131 i\u00e7in MYK&#8217;da g\u00f6rev vermeyece\u011fi Karayal\u00e7\u0131n&#8217;a daha \u00f6nce Kemal Dervi\u015f ve \u0130smail Cem gibi Genel Ba\u015fkan Ba\u015fdan\u0131\u015fmanl\u0131\u011f\u0131 \u00f6nerecek. Baykal&#8217;\u0131n Karayal\u00e7\u0131n&#8217;\u0131n yan\u0131s\u0131ra CHP \u0130stanbul Milletvekili \u0130lhan Kesici&#8217;yi de bu kurulda g\u00f6revlendirmesi bekleniyor.<br \/>\nSon se\u00e7imlerde CHP&#8217;nin neredeyse oy alamad\u0131\u011f\u0131 G\u00fcneydo\u011fu ve Do\u011fu ve \u0130\u00e7 Anadolu&#8217;daki zaaf\u0131n\u0131 ortadan kald\u0131rmak i\u00e7in hem parti \u00fcst y\u00f6netiminde hem de il ve il\u00e7e d\u00fczeyindeki \u00f6rg\u00fctlerde yeni bir yap\u0131lanma planlan\u0131yor. CHP Do\u011fu ve G\u00fcneydo\u011fu&#8217;daki oylar\u0131ndaki kilitlenmeyi a\u015fabilmek i\u00e7in, politik, k\u00fclt\u00fcrel, sosyal ve \u00f6rg\u00fctsel \u00f6nlemlerin yan\u0131 s\u0131ra \u015eanl\u0131urfa&#8217;da AKP&#8217;ye ra\u011fmen ba\u011f\u0131ms\u0131z aday olarak yeniden ba\u015fkan se\u00e7ilmeyi ba\u015faran ve herhangi bir a\u015firete mensup olmayan Ahmet Fak\u0131baba \u00f6rne\u011finden yola \u00e7\u0131karak bu b\u00f6lgede sevilen ve say\u0131lan isimleri parti y\u00f6netimlerine ta\u015f\u0131may\u0131 hedefliyor. Bu b\u00f6lgelerde taban\u0131n\u0131 kaybeden CHP, halkla zay\u0131flayan diyalog ve ileti\u015fim kanallar\u0131n\u0131 yeniden a\u00e7mak i\u00e7in daha \u00f6ncede g\u00fcndeme gelen ancak uygulamayan &#8216;B\u00fcy\u00fck ailelere y\u00f6nelme&#8217; plan\u0131n\u0131 yeniden devreye sokabilece\u011fi ifade ediliyor. Bu plana g\u00f6re, herhangi bir \u015fekilde ter\u00f6re bula\u015fmayan b\u00f6lgenin bir ger\u00e7e\u011fi olan b\u00fcy\u00fck aileler ile yak\u0131n temas kurulacak ve s\u00fcre\u00e7 i\u00e7inde bu aileler ikna edilerek CHP&#8217;ye kazand\u0131r\u0131lacak.\n<\/p>\n<p style=\"text-align: justify;\"><span style=\"color: #888888;\">Kaynak : Vatan<\/span><\/p>\n","protected":false},"excerpt":{"rendered":"<p style=\"text-align: center;\">\n<p style=\"text-align: justify;\">Karayal\u00e7\u0131n ba\u015fdan\u0131\u015fman, K\u0131l\u0131\u00e7daro\u011flu merkeze&#8217; form\u00fcl\u00fc<\/p>\n<p style=\"text-align: justify;\">Yerel se\u00e7imlerden sonra &#8216;iktidara alternatif&#8217; olmak i\u00e7in umutlanan CHP yeniden yap\u0131lanma i\u00e7in d\u00fc\u011fmeye bast\u0131. \u0130lk de\u011ferlendirme CHP Genel Ba\u015fkan Deniz Baykal&#8217;\u0131n yar\u0131n toplayaca\u011f\u0131 Merkez Y\u00f6netim Kurulu&#8217;nda (MYK) yap\u0131lacak.<\/p>\n<p style=\"text-align: justify;\">Daha sonra Parti Meclisi (PM) toplant\u0131ya \u00e7a\u011fr\u0131lacak ve son kurultayda haz\u0131rlanan yeni t\u00fcz\u00fc\u011f\u00fcn <\/p>\n","protected":false},"author":1,"featured_media":0,"comment_status":"open","ping_status":"closed","sticky":false,"template":"","format":"standard","meta":{"footnotes":""},"categories":[105],"tags":[],"class_list":["post-7420","post","type-post","status-publish","format-standard","hentry","category-gundem","odd"],"_links":{"self":[{"href":"http:\/\/www.korhanyilmaz.com\/index.php?rest_route=\/wp\/v2\/posts\/7420","targetHints":{"allow":["GET"]}}],"collection":[{"href":"http:\/\/www.korhanyilmaz.com\/index.php?rest_route=\/wp\/v2\/posts"}],"about":[{"href":"http:\/\/www.korhanyilmaz.com\/index.php?rest_route=\/wp\/v2\/types\/post"}],"author":[{"embeddable":true,"href":"http:\/\/www.korhanyilmaz.com\/index.php?rest_route=\/wp\/v2\/users\/1"}],"replies":[{"embeddable":true,"href":"http:\/\/www.korhanyilmaz.com\/index.php?rest_route=%2Fwp%2Fv2%2Fcomments&post=7420"}],"version-history":[{"count":0,"href":"http:\/\/www.korhanyilmaz.com\/index.php?rest_route=\/wp\/v2\/posts\/7420\/revisions"}],"wp:attachment":[{"href":"http:\/\/www.korhanyilmaz.com\/index.php?rest_route=%2Fwp%2Fv2%2Fmedia&parent=7420"}],"wp:term":[{"taxonomy":"category","embeddable":true,"href":"http:\/\/www.korhanyilmaz.com\/index.php?rest_route=%2Fwp%2Fv2%2Fcategories&post=7420"},{"taxonomy":"post_tag","embeddable":true,"href":"http:\/\/www.korhanyilmaz.com\/index.php?rest_route=%2Fwp%2Fv2%2Ftags&post=7420"}],"curies":[{"name":"wp","href":"https:\/\/api.w.org\/{rel}","templated":true}]}}