{"id":7403,"date":"2009-04-02T10:52:30","date_gmt":"2009-04-02T07:52:30","guid":{"rendered":"http:\/\/www.korhanyilmaz.com\/?p=7403"},"modified":"2009-04-02T10:52:30","modified_gmt":"2009-04-02T07:52:30","slug":"gokceke-sorusturma-izni","status":"publish","type":"post","link":"http:\/\/www.korhanyilmaz.com\/?p=7403","title":{"rendered":"G\u00f6k\u00e7ek&#039;e soru\u015fturma izni..!"},"content":{"rendered":"<p style=\"text-align: center;\"><img loading=\"lazy\" decoding=\"async\" class=\"aligncenter size-full wp-image-7430\" src=\"http:\/\/www.korhanyilmaz.com\/wp-content\/uploads\/2009\/04\/57d1d495c4c2634081123f12x.jpg\" alt=\"\" width=\"333\" height=\"175\" \/><\/p>\n<p style=\"text-align: justify;\">Ankara Cumhuriyet Ba\u015fsavc\u0131l\u0131\u011f\u0131 Ankara B\u00fcy\u00fck\u015fehir Belediye Ba\u015fkan\u0131 Melih G\u00f6k\u00e7ek hakk\u0131nda, 5 ayr\u0131 su\u00e7lama hakk\u0131nda soru\u015fturma ba\u015flatt\u0131.G\u00f6k\u00e7ek hakk\u0131ndaki a\u00e7\u0131lan soru\u015fturmalar\u0131n nedenleri aras\u0131nda Ankaral\u0131lara fahi\u015f fiyatlarla do\u011falgaz sayac\u0131 sat\u0131lmas\u0131, imar de\u011fi\u015fikli\u011finde usuls\u00fczl\u00fck, Ankara B\u00fcy\u00fck\u015fehir Belediyesi&#8217;ni zarara u\u011fratmak, yalan beyanda bulunmak, mal varl\u0131\u011f\u0131n\u0131 a\u00e7\u0131klamamak, kay\u0131npederinin ad\u0131n\u0131 Ak\u00e7okaca&#8217;da bir parka vermek gibi iddialar olu\u015fturuyor.<\/p>\n<p style=\"text-align: justify;\">Dan\u0131\u015ftay, yakla\u015f\u0131k bir y\u0131ld\u0131r Ankara&#8217;daki do\u011falgaz saya\u00e7lar\u0131n\u0131n de\u011ferinin \u00fcst\u00fcnde sat\u0131ld\u0131\u011f\u0131 y\u00f6n\u00fcndeki iddialar\u0131n ara\u015ft\u0131r\u0131lmas\u0131 i\u00e7in Ankara B\u00fcy\u00fck\u015fehir Belediye Ba\u015fkan\u0131 Melih G\u00f6k\u00e7ek hakk\u0131nda Ankara Cumhuriyet Ba\u015fsavc\u0131l\u0131\u011f\u0131&#8217;ndan soru\u015fturma talep etti.<!--more--><\/p>\n<p style=\"text-align: justify;\">\u0130\u00e7i\u015fleri Bakanl\u0131\u011f\u0131n\u0131n soru\u015fturma izni vermemesi \u00fczerine ya0p\u0131lan itiraz\u0131 de\u011ferlendiren Dan\u0131\u015ftay, olay\u0131n soru\u015fturulmas\u0131 gerekti\u011fini karar vererek, Ankara Cumhuriyet Ba\u015fsavc\u0131l\u0131\u011f\u0131&#8217;na bir yaz\u0131 g\u00f6nderdi.<\/p>\n<p style=\"text-align: justify;\">Yakla\u015f\u0131k 1 y\u0131l \u00f6nce ba\u015flat\u0131lan dosya incelemesi b\u00f6ylece \u0130\u00e7i\u015fleri Bakanl\u0131\u011f\u0131&#8217;n\u0131n insiyatifinden \u00e7\u0131karak, do\u011frudan Memur Su\u00e7lar\u0131n\u0131 soru\u015fturmakla sorumlu savc\u0131n\u0131n \u00f6n\u00fcne geldi. Savc\u0131l\u0131k B\u00fcy\u00fck\u015fehir Belediyesi&#8217;nde yap\u0131ld\u0131\u011f\u0131 iddia edilen usuls\u00fczl\u00fckleri kapsayan dosyay\u0131 inceleyerek soru\u015fturmay\u0131 tamamlayacak.<\/p>\n<p style=\"text-align: justify;\">CHP&#8217;li Kemal K\u0131l\u0131\u00e7daro\u011flu, bir y\u0131ld\u0131r Ankara&#8217;daki do\u011falgaz saya\u00e7lar\u0131n\u0131n de\u011ferinin \u00fczerinde sat\u0131ld\u0131\u011f\u0131n\u0131 \u00f6ne s\u00fcr\u00fcyordu. Bu iddialar\u0131 yalanlayan Melih G\u00f6k\u00e7ek, U\u011fur D\u00fcndar&#8217;\u0131n y\u00f6netti\u011fi programda K\u0131l\u0131\u00e7daro\u011flu&#8217;na yan\u0131t vermek istemi\u015fti. Ancak 17 Aral\u0131k&#8217;ta yap\u0131lan d\u00fcelloda K\u0131l\u0131\u00e7daro\u011flu bu kez elindeki belgeleri sunmu\u015ftu. \u0130\u00e7i\u015fleri Bakanl\u0131\u011f\u0131&#8217;n\u0131n konuyla ilgili soru\u015fturma izni vermemesi \u00fczerine, davac\u0131lar\u0131n\u0131n avukatlar\u0131 2008 y\u0131l\u0131nda dosyay\u0131 Dan\u0131\u015ftay&#8217;a ta\u015f\u0131m\u0131\u015ft\u0131.<\/p>\n<p style=\"text-align: justify;\"><span style=\"color: #888888;\">Kaynak : Sabah<\/span><\/p>\n","protected":false},"excerpt":{"rendered":"<p style=\"text-align: center;\">\n<p style=\"text-align: justify;\">Ankara Cumhuriyet Ba\u015fsavc\u0131l\u0131\u011f\u0131 Ankara B\u00fcy\u00fck\u015fehir Belediye Ba\u015fkan\u0131 Melih G\u00f6k\u00e7ek hakk\u0131nda, 5 ayr\u0131 su\u00e7lama hakk\u0131nda soru\u015fturma ba\u015flatt\u0131.G\u00f6k\u00e7ek hakk\u0131ndaki a\u00e7\u0131lan soru\u015fturmalar\u0131n nedenleri aras\u0131nda Ankaral\u0131lara fahi\u015f fiyatlarla do\u011falgaz sayac\u0131 sat\u0131lmas\u0131, imar de\u011fi\u015fikli\u011finde usuls\u00fczl\u00fck, Ankara B\u00fcy\u00fck\u015fehir Belediyesi&#8217;ni zarara u\u011fratmak, yalan beyanda bulunmak, mal varl\u0131\u011f\u0131n\u0131 a\u00e7\u0131klamamak, kay\u0131npederinin ad\u0131n\u0131 Ak\u00e7okaca&#8217;da bir parka vermek gibi iddialar olu\u015fturuyor.<\/p>\n","protected":false},"author":1,"featured_media":0,"comment_status":"open","ping_status":"closed","sticky":false,"template":"","format":"standard","meta":{"footnotes":""},"categories":[105],"tags":[],"class_list":["post-7403","post","type-post","status-publish","format-standard","hentry","category-gundem","odd"],"_links":{"self":[{"href":"http:\/\/www.korhanyilmaz.com\/index.php?rest_route=\/wp\/v2\/posts\/7403","targetHints":{"allow":["GET"]}}],"collection":[{"href":"http:\/\/www.korhanyilmaz.com\/index.php?rest_route=\/wp\/v2\/posts"}],"about":[{"href":"http:\/\/www.korhanyilmaz.com\/index.php?rest_route=\/wp\/v2\/types\/post"}],"author":[{"embeddable":true,"href":"http:\/\/www.korhanyilmaz.com\/index.php?rest_route=\/wp\/v2\/users\/1"}],"replies":[{"embeddable":true,"href":"http:\/\/www.korhanyilmaz.com\/index.php?rest_route=%2Fwp%2Fv2%2Fcomments&post=7403"}],"version-history":[{"count":0,"href":"http:\/\/www.korhanyilmaz.com\/index.php?rest_route=\/wp\/v2\/posts\/7403\/revisions"}],"wp:attachment":[{"href":"http:\/\/www.korhanyilmaz.com\/index.php?rest_route=%2Fwp%2Fv2%2Fmedia&parent=7403"}],"wp:term":[{"taxonomy":"category","embeddable":true,"href":"http:\/\/www.korhanyilmaz.com\/index.php?rest_route=%2Fwp%2Fv2%2Fcategories&post=7403"},{"taxonomy":"post_tag","embeddable":true,"href":"http:\/\/www.korhanyilmaz.com\/index.php?rest_route=%2Fwp%2Fv2%2Ftags&post=7403"}],"curies":[{"name":"wp","href":"https:\/\/api.w.org\/{rel}","templated":true}]}}