{"id":7387,"date":"2009-04-02T10:37:44","date_gmt":"2009-04-02T07:37:44","guid":{"rendered":"http:\/\/www.korhanyilmaz.com\/?p=7387"},"modified":"2009-04-02T10:37:44","modified_gmt":"2009-04-02T07:37:44","slug":"talabani-cark-etti","status":"publish","type":"post","link":"http:\/\/www.korhanyilmaz.com\/?p=7387","title":{"rendered":"Talabani \u00e7ark etti..!"},"content":{"rendered":"<p style=\"text-align: center;\"><img loading=\"lazy\" decoding=\"async\" class=\"aligncenter size-full wp-image-7388\" src=\"http:\/\/www.korhanyilmaz.com\/wp-content\/uploads\/2009\/04\/020420091100469708080.jpg\" alt=\"\" width=\"329\" height=\"210\" \/><\/p>\n<p style=\"text-align: justify;\"><strong>Barzani ile g\u00f6r\u00fc\u015fen Talabani: PKK&#8217;ya silah b\u0131rak, Irak&#8217;\u0131 terk et demedim.<\/strong><\/p>\n<p style=\"text-align: justify;\">IRAK Cumhurba\u015fkan\u0131 ve K\u00fcrdistan Yurtseverler Birli\u011fi (KYB) Genel Sekreteri Celal Talabani, Kuzey Irak&#8217;taki Selahaddin kentine giderek, Avrupa&#8217;da 1 ay temaslarda bulunan B\u00f6lgesel K\u00fcrt y\u00f6netiminin Ba\u015fkan\u0131 ve Irak K\u00fcrdistan Demokrat Partisi (IKDP) lideri Mesut Barzani ile g\u00f6r\u00fc\u015ft\u00fc. G\u00f6r\u00fc\u015fmenin \u00f6nemli b\u00f6l\u00fcm\u00fcn\u00fc T\u00fcrkiye olu\u015ftururken, Talabani, ter\u00f6r \u00f6rg\u00fct\u00fc PKK&#8217;ya silah b\u0131rakmas\u0131 ve Irak&#8217;\u0131 terk etmesi \u00e7a\u011fr\u0131s\u0131 yapmad\u0131\u011f\u0131n\u0131 savundu.<!--more--><\/p>\n<p style=\"text-align: justify;\">B\u00f6lgedeki K\u00fcrt televizyonlar\u0131n\u0131n haberlerine g\u00f6re, iki liderin g\u00f6r\u00fc\u015fmesinden sonra IKDP ile KYB Polit B\u00fcro \u00dcyeleri topland\u0131. Toplant\u0131 sonras\u0131 ise her iki lider ortak bir bas\u0131n toplant\u0131s\u0131 d\u00fczenledi. &#8216;Kurdistan TV&#8217;nin haberine g\u00f6re Talabani, kendisine aften verilen &#8220;PKK&#8217;ya \u00e7a\u011fr\u0131da bulunarak, silah b\u0131rakmas\u0131n\u0131 ya da Irak&#8217;\u0131 terk etmesini istedi&#8221; y\u00f6n\u00fcndeki haberlerin hat\u0131rlat\u0131lmas\u0131 \u00fczerine, b\u00f6yle bir \u015fey s\u00f6ylemedi\u011fini ileri s\u00fcrd\u00fc. Talabani, bunun T\u00fcrkiye&#8217;nin \u00f6nerisi oldu\u011funu ve sadece buna de\u011findi\u011fini savunurken, T\u00fcrkiye&#8217;deki sorunun siyasal yollarla \u00e7\u00f6z\u00fcme kavu\u015fmas\u0131 gerekti\u011fini s\u00f6yledi.<\/p>\n<p style=\"text-align: justify;\">G\u00f6r\u00fc\u015fme s\u0131ras\u0131nda Cumhurba\u015fkan\u0131 Abdullah G\u00fcl&#8217;\u00fcn Irak ziyareti ve Cumhurba\u015fkan\u0131 Talabani ile g\u00f6r\u00fc\u015fmesi, Barzani&#8217;nin Avrupa temaslar\u0131 hakk\u0131nda bilgi verdi\u011fi bildirildi. \u0130ki liderin ayr\u0131ca aralar\u0131ndaki stratejik i\u015fbirli\u011fi anla\u015fmas\u0131, Ba\u011fdat ile K\u00fcrt y\u00f6netimleri aras\u0131ndaki ili\u015fkiler, \u00f6n\u00fcm\u00fczdeki aylarda yap\u0131lmas\u0131 planlanan Kuzey Irak&#8217;taki genel se\u00e7imleri ve b\u00f6lgedeki geli\u015fmelerin ele al\u0131narak de\u011ferlendirildi\u011fi a\u00e7\u0131kland\u0131.<\/p>\n<p style=\"text-align: justify;\">Barzani, bir soru \u00fczerine T\u00fcrkiye&#8217;de yap\u0131lan yerel se\u00e7imler ve se\u00e7imde DTP&#8217;nin elde etti\u011fi sonuca de\u011finirken, &#8220;Se\u00e7imden dolay\u0131 t\u00fcm T\u00fcrkiye halk\u0131n\u0131 kutluyorum. Se\u00e7imde elde ettikleri ba\u015far\u0131dan dolay\u0131 \u00f6zellikle de T\u00fcrkiye&#8217;deki K\u00fcrt halk\u0131n\u0131 kutluyorum. Umar\u0131m bu se\u00e7imin sonu\u00e7lar\u0131 T\u00fcrkiye&#8217;nin i\u00e7indeki sorunlar\u0131n demokratik bir \u015fekilde, diyalog yoluyla \u00e7\u00f6z\u00fcme kavu\u015fturulmas\u0131na vesile olur&#8221; dedi. Bu arada g\u00f6r\u00fc\u015fme s\u0131ras\u0131nda, Talabani&#8217;nin lideri oldu\u011fu K\u00fcrdistan Yurtsever Birli\u011fi&#8217;ndeki \u00f6nemli baz\u0131 isimlerin istifas\u0131 ile g\u00fcndeme gelen y\u00f6netim \u00e7atla\u011f\u0131n\u0131n da g\u00fcndeme geldi\u011fi bildirildi.<\/p>\n<p style=\"text-align: justify;\"><span style=\"color: #888888;\">Kaynak : \u0130hsan D\u00f6rtkarde\u015f &#8211; DHA<\/span><\/p>\n","protected":false},"excerpt":{"rendered":"<p style=\"text-align: center;\">\n<p style=\"text-align: justify;\">Barzani ile g\u00f6r\u00fc\u015fen Talabani: PKK&#8217;ya silah b\u0131rak, Irak&#8217;\u0131 terk et demedim.<\/p>\n<p style=\"text-align: justify;\">IRAK Cumhurba\u015fkan\u0131 ve K\u00fcrdistan Yurtseverler Birli\u011fi (KYB) Genel Sekreteri Celal Talabani, Kuzey Irak&#8217;taki Selahaddin kentine giderek, Avrupa&#8217;da 1 ay temaslarda bulunan B\u00f6lgesel K\u00fcrt y\u00f6netiminin Ba\u015fkan\u0131 ve Irak K\u00fcrdistan Demokrat Partisi (IKDP) lideri Mesut Barzani ile g\u00f6r\u00fc\u015ft\u00fc. G\u00f6r\u00fc\u015fmenin <\/p>\n","protected":false},"author":1,"featured_media":0,"comment_status":"open","ping_status":"closed","sticky":false,"template":"","format":"standard","meta":{"footnotes":""},"categories":[3],"tags":[],"class_list":["post-7387","post","type-post","status-publish","format-standard","hentry","category-dunya","odd"],"_links":{"self":[{"href":"http:\/\/www.korhanyilmaz.com\/index.php?rest_route=\/wp\/v2\/posts\/7387","targetHints":{"allow":["GET"]}}],"collection":[{"href":"http:\/\/www.korhanyilmaz.com\/index.php?rest_route=\/wp\/v2\/posts"}],"about":[{"href":"http:\/\/www.korhanyilmaz.com\/index.php?rest_route=\/wp\/v2\/types\/post"}],"author":[{"embeddable":true,"href":"http:\/\/www.korhanyilmaz.com\/index.php?rest_route=\/wp\/v2\/users\/1"}],"replies":[{"embeddable":true,"href":"http:\/\/www.korhanyilmaz.com\/index.php?rest_route=%2Fwp%2Fv2%2Fcomments&post=7387"}],"version-history":[{"count":0,"href":"http:\/\/www.korhanyilmaz.com\/index.php?rest_route=\/wp\/v2\/posts\/7387\/revisions"}],"wp:attachment":[{"href":"http:\/\/www.korhanyilmaz.com\/index.php?rest_route=%2Fwp%2Fv2%2Fmedia&parent=7387"}],"wp:term":[{"taxonomy":"category","embeddable":true,"href":"http:\/\/www.korhanyilmaz.com\/index.php?rest_route=%2Fwp%2Fv2%2Fcategories&post=7387"},{"taxonomy":"post_tag","embeddable":true,"href":"http:\/\/www.korhanyilmaz.com\/index.php?rest_route=%2Fwp%2Fv2%2Ftags&post=7387"}],"curies":[{"name":"wp","href":"https:\/\/api.w.org\/{rel}","templated":true}]}}