{"id":7382,"date":"2009-04-02T10:56:02","date_gmt":"2009-04-02T07:56:02","guid":{"rendered":"http:\/\/www.korhanyilmaz.com\/?p=7382"},"modified":"2011-08-12T20:59:16","modified_gmt":"2011-08-12T17:59:16","slug":"suikast-iddiasi","status":"publish","type":"post","link":"http:\/\/www.korhanyilmaz.com\/?p=7382","title":{"rendered":"&#8216;Suikast&#8217; iddias\u0131"},"content":{"rendered":"<p style=\"text-align: center;\"><img loading=\"lazy\" decoding=\"async\" class=\"aligncenter size-full wp-image-7383\" title=\"'Suikast' iddias\u0131 \" src=\"http:\/\/www.korhanyilmaz.com\/wp-content\/uploads\/2009\/04\/020420091121236425739.jpg\" alt=\"'Suikast' iddias\u0131 \" width=\"329\" height=\"210\" \/><\/p>\n<p style=\"text-align: justify;\"><strong>BBP \u0130l Ba\u015fkan\u0131 kazadan \u00f6nce ya\u015fanan &#8216;4 \u00f6nemli olay&#8217;\u0131 anlatt\u0131<\/strong><\/p>\n<p style=\"text-align: justify;\">BBP Ankara il ba\u015fkan\u0131 4 \u00f6nemli ku\u015fkusunu dile getiriyor; Olaydan \u00f6nce Yaz\u0131c\u0131o\u011flu&#8217;nun laptopu \u00e7al\u0131nm\u0131\u015f ve sonra o laptop bah\u00e7eye b\u0131rak\u0131lm\u0131\u015f.<\/p>\n<p style=\"text-align: justify;\">Muhsin Yaz\u0131c\u0131o\u011flu&#8217;nun helikopter kazas\u0131yla birlikte bir \u00e7ok ku\u015fku dillendirilmeye ba\u015fland\u0131. Enkaza 47 saat sonra ula\u015f\u0131labilmesi suikast ku\u015fkular\u0131n\u0131 daha da k\u00f6r\u00fckledi.<\/p>\n<p style=\"text-align: justify;\">BBP Ankara \u0130l Ba\u015fkan\u0131 Hasan H\u00fcseyin Bozok ise Habert\u00fcrk gazetesine yapt\u0131\u011f\u0131 a\u00e7\u0131klamada &#8220;&#8221;Helikopterin d\u00fc\u015fmesi kaza de\u011fil suikasttir&#8221; diyerek 4 \u00f6nemli ku\u015fkusunu dile getirdi. <!--more--><\/p>\n<p style=\"text-align: justify;\"><strong>1-LAPTOPU \u00c7ALINDI:<\/strong> Bozok: &#8220;Olaydan \u00f6nce Yaz\u0131c\u0131o\u011flu&#8217;nun, evinin \u00fcst kat\u0131nda bulunan diz \u00fcst\u00fc bilgisayar\u0131 \u00e7al\u0131nd\u0131, sonra bah\u00e7eye b\u0131rak\u0131ld\u0131. Genel Ba\u015fkanla ilgili her t\u00fcrl\u00fc bilgiye bu bilgisayardan ula\u015f\u0131ld\u0131.&#8221;<\/p>\n<p style=\"text-align: justify;\"><strong>2-VAL\u0130 NASIL B\u0130L\u0130YOR?: <\/strong>&#8220;Kazadan hemen sonra Kayseri Valisi &#8216;Kurtarma ekipleri olay yerine ula\u015ft\u0131. Yaz\u0131c\u0131o\u011flu yaral\u0131, \u015fuuru a\u00e7\u0131k. Hastaneye g\u00f6t\u00fcr\u00fcl\u00fcyor&#8217; dedi. Bu ifade kurtarma \u00e7al\u0131\u015fmalar\u0131n\u0131 yava\u015flatt\u0131. O bilgi valiye nereden geldi?&#8221;<\/p>\n<p style=\"text-align: justify;\"><strong>3-\u0130HBAR ALMI\u015eTIK: <\/strong>&#8220;15 g\u00fcn \u00f6nce genel ba\u015fkan\u0131m\u0131za suikast ihbar\u0131 alm\u0131\u015ft\u0131k, ancak do\u011frulatamam\u0131\u015ft\u0131k. &#8220;<\/p>\n<p style=\"text-align: justify;\"><strong>4-NASIL ULA\u015eILAMADI:<\/strong> &#8220;Y\u00fcksek teknolojiye ra\u011fmen enkaz 48 saat sonra bulunabildi. \u00dcstelik k\u00f6yl\u00fcler buldu. \u0130lk g\u00fcn GSM \u015firketinin verdi\u011fi koordinatlara ra\u011fmen enkaza ula\u015f\u0131lamad\u0131. 3. g\u00fcn seyyar baz istasyonu kuruldu. Bu i\u015flem neden ilk g\u00fcn yap\u0131lmad\u0131?&#8221;<br \/>\n<a href=\"http:\/\/haber.gazetevatan.com\/haberdetay.asp?tarih=02.04.2009&amp;Newsid=230959&amp;Categoryid=1\" target=\"_blank\"><br \/>\n<\/a><br \/>\nBBP&#8217;liler Yaz\u0131c\u0131o\u011flu ve ailesinin iki y\u0131lda 4 kez trafik kazas\u0131 ge\u00e7irmelerini de \u015f\u00fcpheli buluyor.<\/p>\n<p style=\"text-align: justify;\"><strong>G\u00dcLEN DE SU\u0130KASTE D\u0130KKAT \u00c7EKM\u0130\u015eT\u0130 <\/strong><\/p>\n<p style=\"text-align: justify;\">Fethullah G\u00fclen de Yaz\u0131c\u0131o\u011flu&#8217;nun \u00f6l\u00fcm\u00fcne dair yapt\u0131\u011f\u0131 a\u00e7\u0131klamada suikaste dikkat \u00e7ekmi\u015fti. G\u00fclen; &#8220;Ba\u015f\u0131na 4-5 s\u00fcrpriz trafik kazas\u0131 gelmi\u015f, onlar\u0131 atlatmay\u0131 ba\u015farm\u0131\u015f. Bu defa farkl\u0131 bir \u015fekilde gitmi\u015f. Bir y\u00f6n\u00fcyle \u015f\u00fcphelenmek , her\u015feyi kurcalamak gerekir&#8221; demi\u015fti.<\/p>\n<p style=\"text-align: justify;\"><strong>Erg\u00fcn Y\u0131lmaz (Pilot Der Ba\u015fkan\u0131) :<\/strong> &#8220;Fethullah Hoca&#8217;ya kat\u0131l\u0131yorum. Kazayla ilgili yap\u0131lan a\u00e7\u0131klamalar a\u00e7\u0131k\u00e7as\u0131 bana ikna edici gelmedi. Kafalarda \u00e7ok say\u0131da soru var. 20 g\u00fcn \u00f6nce Muhsin Yaz\u0131c\u0131o\u011flu&#8217;yla 1 saat g\u00f6r\u00fc\u015ft\u00fcm. Se\u00e7im sonras\u0131 i\u00e7in G\u00fcneydo\u011fu&#8217;ya ili\u015fkin d\u00fc\u015f\u00fcnceleri vard\u0131. Partisini \u00fclke sath\u0131na yaymay\u0131 d\u00fc\u015f\u00fcn\u00fcyordu. Bu a\u00e7\u0131dan Fethullah Hoca&#8217;n\u0131n kayg\u0131lar\u0131na tamamen kat\u0131l\u0131yorum. Tesad\u00fcfi bir kaza da olabilir, tesad\u00fcf s\u00fcs\u00fc verilmi\u015f bir suikast de! Yaz\u0131c\u0131o\u011flu helikoptere \u00e7ok a\u00e7\u0131k \u015fekilde binmek istemedi\u011fini belirtiyor. Hatta \u0131srar kar\u015f\u0131s\u0131nda &#8216;Beni \u00f6ld\u00fcrmek mi istiyorsunuz?&#8217; diye soruyor.&#8221;<\/p>\n<p style=\"text-align: justify;\"><span style=\"color: #888888;\">Kaynak : Vatan Gazetesi<\/span><\/p>\n","protected":false},"excerpt":{"rendered":"<p style=\"text-align: center;\">\n<p style=\"text-align: justify;\">BBP \u0130l Ba\u015fkan\u0131 kazadan \u00f6nce ya\u015fanan &#8216;4 \u00f6nemli olay&#8217;\u0131 anlatt\u0131<\/p>\n<p style=\"text-align: justify;\">BBP Ankara il ba\u015fkan\u0131 4 \u00f6nemli ku\u015fkusunu dile getiriyor; Olaydan \u00f6nce Yaz\u0131c\u0131o\u011flu&#8217;nun laptopu \u00e7al\u0131nm\u0131\u015f ve sonra o laptop bah\u00e7eye b\u0131rak\u0131lm\u0131\u015f.<\/p>\n<p style=\"text-align: justify;\">Muhsin Yaz\u0131c\u0131o\u011flu&#8217;nun helikopter kazas\u0131yla birlikte bir \u00e7ok ku\u015fku dillendirilmeye ba\u015fland\u0131. Enkaza 47 saat sonra ula\u015f\u0131labilmesi suikast <\/p>\n","protected":false},"author":1,"featured_media":0,"comment_status":"open","ping_status":"closed","sticky":false,"template":"","format":"standard","meta":{"footnotes":""},"categories":[105],"tags":[310,103,104],"class_list":["post-7382","post","type-post","status-publish","format-standard","hentry","category-gundem","tag-fethullah-gulen","tag-helikopter-kazasi","tag-muhsin-yazicioglu","odd"],"_links":{"self":[{"href":"http:\/\/www.korhanyilmaz.com\/index.php?rest_route=\/wp\/v2\/posts\/7382","targetHints":{"allow":["GET"]}}],"collection":[{"href":"http:\/\/www.korhanyilmaz.com\/index.php?rest_route=\/wp\/v2\/posts"}],"about":[{"href":"http:\/\/www.korhanyilmaz.com\/index.php?rest_route=\/wp\/v2\/types\/post"}],"author":[{"embeddable":true,"href":"http:\/\/www.korhanyilmaz.com\/index.php?rest_route=\/wp\/v2\/users\/1"}],"replies":[{"embeddable":true,"href":"http:\/\/www.korhanyilmaz.com\/index.php?rest_route=%2Fwp%2Fv2%2Fcomments&post=7382"}],"version-history":[{"count":0,"href":"http:\/\/www.korhanyilmaz.com\/index.php?rest_route=\/wp\/v2\/posts\/7382\/revisions"}],"wp:attachment":[{"href":"http:\/\/www.korhanyilmaz.com\/index.php?rest_route=%2Fwp%2Fv2%2Fmedia&parent=7382"}],"wp:term":[{"taxonomy":"category","embeddable":true,"href":"http:\/\/www.korhanyilmaz.com\/index.php?rest_route=%2Fwp%2Fv2%2Fcategories&post=7382"},{"taxonomy":"post_tag","embeddable":true,"href":"http:\/\/www.korhanyilmaz.com\/index.php?rest_route=%2Fwp%2Fv2%2Ftags&post=7382"}],"curies":[{"name":"wp","href":"https:\/\/api.w.org\/{rel}","templated":true}]}}