{"id":7377,"date":"2009-04-02T09:32:57","date_gmt":"2009-04-02T06:32:57","guid":{"rendered":"http:\/\/www.korhanyilmaz.com\/?p=7377"},"modified":"2009-04-02T09:32:57","modified_gmt":"2009-04-02T06:32:57","slug":"basbakan%e2%80%99dan-%e2%80%98yandas-medya%e2%80%99-taktigi-mi","status":"publish","type":"post","link":"http:\/\/www.korhanyilmaz.com\/?p=7377","title":{"rendered":"Ba\u015fbakan\u2019dan \u2018yanda\u015f medya\u2019 takti\u011fi mi?"},"content":{"rendered":"<p style=\"text-align: center;\"><img loading=\"lazy\" decoding=\"async\" class=\"aligncenter size-full wp-image-7378\" title=\"Ba\u015fbakan\u2019dan \u2018yanda\u015f medya\u2019 takti\u011fi mi? \" src=\"http:\/\/www.korhanyilmaz.com\/wp-content\/uploads\/2009\/04\/020420090914451798957.jpg\" alt=\"Ba\u015fbakan\u2019dan \u2018yanda\u015f medya\u2019 takti\u011fi mi? \" width=\"329\" height=\"210\" \/><\/p>\n<p style=\"text-align: justify;\"><strong>Sabah Gazetesi&#8217;nin &#8216;Bakanlardan istifa jesti&#8217; man\u015feti ve Ba\u015fbakan Yard\u0131mc\u0131s\u0131 Cemil \u00c7i\u00e7ek&#8217;in se\u00e7im sonu\u00e7lar\u0131na ili\u015fkin de\u011ferlendirmesi&#8230; Ba\u015fbakan Erdo\u011fan&#8217;\u0131n \u0130ngiltere yolculu\u011fu \u00f6ncesi \u00f6fkesini, gazeteciler yorumlad\u0131. <\/strong><\/p>\n<p style=\"text-align: justify;\">Yerel se\u00e7imde AKP&#8217;nin oy oran\u0131nda \u00f6nemli bir d\u00fc\u015f\u00fc\u015f olmas\u0131, Ba\u015fbakan&#8217;\u0131n art\u0131k daha uzla\u015fmac\u0131, daha \u0131l\u0131ml\u0131 olaca\u011f\u0131 beklentisine yol a\u00e7m\u0131\u015ft\u0131. Ancak Ba\u015fbakan, se\u00e7imden sonraki ilk bas\u0131n toplant\u0131s\u0131nda hem medyaya hem de bakanlar\u0131na sert \u00e7\u0131kt\u0131.<\/p>\n<p style=\"text-align: justify;\">Sabah Gazetesi&#8217;nin bug\u00fcnk\u00fc man\u015fetinde, Bakanlar Kurulu toplant\u0131s\u0131nda, se\u00e7im kaybeden bakanlar\u0131n s\u00f6zl\u00fc olarak istifalar\u0131n\u0131 sundu\u011fu yaz\u0131yordu. Gazeteciler, bug\u00fcn G20 zirvesine giderken Ba\u015fbakan&#8217;a bunu sordular. Ba\u015fbakan bu man\u015fetin faydal\u0131 olmad\u0131\u011f\u0131n\u0131 vurgulayarak &#8216;k\u0131zd\u0131.&#8217;<!--more--><\/p>\n<p style=\"text-align: justify;\">Ba\u015fbakan&#8217;\u0131n Sabah Gazetesi&#8217;ne \u00f6fkesinin cevab\u0131n\u0131, gazeteden Nazl\u0131 Il\u0131cak Canl\u0131 Gaste i\u00e7in yorumlad\u0131. Il\u0131cak, Ba\u015fbakan&#8217;\u0131n \u00f6fkesine mant\u0131kl\u0131 bir cevap bulamad\u0131\u011f\u0131n\u0131 belirtti ve ilgin\u00e7 bir tahminde bulundu: Ba\u015fbakan&#8217;\u0131n \u00f6fkesi &#8216;yanda\u015f medya&#8217; takti\u011fi olabilir.<\/p>\n<p style=\"text-align: justify;\"><strong>NAZLI ILICAK<\/strong><\/p>\n<p style=\"text-align: justify;\">Sabah Gazetesi yazar\u0131 Il\u0131cak, &#8220;Ba\u015fbakan&#8217;\u0131n bu kadar sinirlenmesini yad\u0131rgad\u0131m. Gazetedeki haber, AKP&#8217;nin aleyhine olan bir haber de\u011fil. S\u0131zd\u0131rma bir haber olabilir ki, benzerlerine s\u0131kl\u0131kla rastl\u0131yoruz. Bu kadar sinirlenmesine; &#8216;haber do\u011fruysa bakanlar\u0131na m\u0131 sinirlendi?&#8217; \u015feklinde bir yorum getirebiliriz. Haber bence \u00e7ok normal. Bakanlar\u0131n kabahati olsa da olmasa da, Ba\u015fbakan&#8217;\u0131n elini rahatlatmak i\u00e7in b\u00f6yle bir hamle yapm\u0131\u015f olabilirler. Ba\u015fbakan&#8217;\u0131n tepkisini kavrayamad\u0131m, mant\u0131kl\u0131 bir de\u011ferlendirme yapam\u0131yorum&#8221; dedi.<\/p>\n<p style=\"text-align: justify;\">Erdo\u011fan&#8217;\u0131n bas\u0131na kar\u015f\u0131 bu tutumunu, eski ba\u015fbakanlarla kar\u015f\u0131la\u015ft\u0131ran Il\u0131cak, &#8220;Ba\u015fbakanlar arsas\u0131nda bence en demokrat\u0131 S\u00fcleyman Demirel&#8217;di. B\u00fclent Ecevit&#8217;ten randevu ald\u0131\u011f\u0131n\u0131zda, mutlaka sorular\u0131n \u00fczerinde durur; cevaplar\u0131 denetlemek, g\u00f6zden ge\u00e7irmek isterdi. Titizdi kendisi. Medyadaki ki\u015filere kar\u015f\u0131 tav\u0131r ald\u0131\u011f\u0131n\u0131 ve tart\u0131\u015fma y\u00fcr\u00fctt\u00fc\u011f\u00fcn\u00fc hat\u0131rlam\u0131yorum.<\/p>\n<p style=\"text-align: justify;\">Turgut \u00d6zal&#8217;\u0131n medya ile u\u011fra\u015ft\u0131\u011f\u0131na \u00e7ok \u015fahit oldum. Tuttu\u011fu ve ezdi\u011fi insanlar vard\u0131 medyada. Gizli gizli, el alt\u0131ndan y\u00fcr\u00fct\u00fcrd\u00fc bu i\u015fleri. K\u0131zd\u0131\u011f\u0131, azarlad\u0131\u011f\u0131 medya mensuplar\u0131 hatta patronlar\u0131 olmu\u015ftur.<\/p>\n<p style=\"text-align: justify;\">Haber s\u0131zd\u0131rma konusunda bir \u00f6rnek verebilirim; Mehmet Ke\u00e7eciler&#8217;le ilgili Yavuz Donat&#8217;\u0131n Terc\u00fcman&#8217;da yay\u0131nlanan bir haberi \u00e7\u0131km\u0131\u015ft\u0131; &#8216;Lades&#8217; ba\u015fl\u0131kl\u0131. Turgut \u00d6zal ile e\u015fi, ladese tutu\u015fmu\u015flar ve e\u015fi kazan\u0131rsa, Mehmet Ke\u00e7eciler&#8217;in ba\u015f\u0131n\u0131 istemi\u015f. Ke\u00e7eciler o s\u0131rada bakan. Bu haber yaz\u0131ld\u0131 ve bir bakan\u0131n ba\u015f\u0131 \u00fczerinden ladese tutu\u015fmak \u00e7ok ac\u0131t\u0131c\u0131, ay\u0131p bir \u015feydi. Do\u011fru bir haberdi ama \u00d6zal yalanlad\u0131, &#8216;kimden s\u0131zd\u0131&#8217; diye m\u00fcthi\u015f bir g\u00fcr\u00fclt\u00fc koparm\u0131\u015ft\u0131.<\/p>\n<p style=\"text-align: justify;\">Bence, Sabah&#8217;\u0131n haberi son derece masum ve AKP&#8217;yi inciltici bir haber de\u011fil&#8221; \u015feklinde konu\u015ftu.<\/p>\n<p style=\"text-align: justify;\"><strong>&#8220;&#8216;YANDA\u015e MEDYA&#8217; TAKT\u0130\u011e\u0130 M\u0130?&#8221;<\/strong><\/p>\n<p style=\"text-align: justify;\">&#8220;Ba\u015fbakan&#8217;\u0131n ilk d\u00f6nemine g\u00f6re daha tahamm\u00fcls\u00fcz oldu\u011fu yorumlar\u0131 var. Se\u00e7im tecr\u00fcsebesinden sonra &#8216;her \u015fey yeniden ba\u015flayacak&#8217; deniliyordu. Ben, Ba\u015fbakan&#8217;\u0131n gerginlik yaratmayacak bir \u00fcslubu benimseyece\u011fini \u00fcmit ediyorum ve bekliyorum&#8221; diyen Il\u0131cak, &#8216;Sabah Gazetesi i\u00e7in &#8216;yanda\u015f medya&#8217; tarifleri yap\u0131l\u0131yor. Bu nedenle Ba\u015fbakan&#8217;\u0131n tutumu daha da dikkat \u00e7ekti. Gazetenin tavr\u0131 ne olacakt\u0131r ya da olmal\u0131d\u0131r?&#8217; sorusun Il\u0131cak \u015fu yan\u0131t\u0131 verdi:<\/p>\n<p style=\"text-align: justify;\">&#8216;Ba\u015fbakan taktik olarak m\u0131 b\u00f6yle bir \u015fey yapt\u0131?&#8217; sorusu akla gelebilir. &#8216;Yanda\u015f medya ama benim aleyhime de yaz\u0131yorlar&#8217; havas\u0131 yaratmak i\u00e7in mi yapt\u0131, bilmiyorum. Sabah gazetesinin de bir tav\u0131r tak\u0131naca\u011f\u0131n\u0131 zannetmiyorum. Ama gazetenin yaz\u0131 i\u015flerinde olmad\u0131\u011f\u0131m\u0131 da belirtmek isterim.<\/p>\n<p style=\"text-align: justify;\"><strong>YORUM FARKI: KONGAR VE BARLAS<\/strong><\/p>\n<p style=\"text-align: justify;\">NTV&#8217;de yay\u0131nlanan Yorum Fark\u0131 program\u0131nda da bu konu i\u015flendi. Emre Kongar ile Mehmet Barlas, Ba\u015fbakan&#8217;\u0131n tepkisini yorumlad\u0131lar.<\/p>\n<p style=\"text-align: justify;\"><strong>Emre Kongar:<\/strong><\/p>\n<p style=\"text-align: justify;\">Haber etraf\u0131nda d\u00fc\u015f\u00fcn\u00fcrsek; Bakanlar liderlerine diyorlar ki &#8216;Se\u00e7imden \u00e7\u0131kt\u0131k. Tatmin olmad\u0131\u011f\u0131n\u0131z\u0131 s\u00f6ylediniz. \u0130llerimizde de oran d\u00fc\u015f\u00fck.&#8217; Son derece asil, do\u011fal ve makul bir davran\u0131\u015f bu. Ba\u015fbakan&#8217;\u0131n tavr\u0131 da \u00e7ok normal. &#8216;B\u0131rak\u0131n bunlar\u0131 i\u015flerimize bakal\u0131m&#8217; diyor. O da ayn\u0131 asaletle bak\u0131yor olaya. Bu a\u00e7\u0131dan bak\u0131ld\u0131\u011f\u0131nda Ba\u015fbakan, bakanlar ve AKP yi y\u00fccelten bir durum haber. Ba\u015fbakan&#8217;\u0131n niye sinirlendi\u011fini, niye Sabah&#8217;a \u00e7att\u0131\u011f\u0131n\u0131 anlamad\u0131m. Sabah Gazetesi &#8216;alt\u0131 bakandan onaylatt\u0131k&#8217; deyince de niye bakanlara \u00e7att\u0131? Bu devlet s\u0131rr\u0131 de\u011fil ki.<\/p>\n<p style=\"text-align: justify;\"><strong>Mehmet Barlas<\/strong><\/p>\n<p style=\"text-align: justify;\">\u0130lk de\u011ferlendirmem \u015fu: Sabah Gazetesi&#8217;nin genlerinde gazetecilik var. Son 10 senedeki sorunlar\u0131na bir bakmak gerekiyor. Sabah&#8217;taki \u00e7al\u0131\u015fanlar \u00f6ylesine iyiler ki, ba\u015fl\u0131klar\u0131 kimseyi memnun etmez ya da huzursuz etmez.<\/p>\n<p style=\"text-align: justify;\">\u0130kinci olarak; Bakanlar\u0131n se\u00e7im sonras\u0131 Ba\u015fbakan&#8217;a &#8216;g\u00f6revden alabilirsin&#8217; demeleri siyasi gelenektir. Hatta yaz\u0131l\u0131 olarak verildi\u011fi olmu\u015ftur.<\/p>\n<p style=\"text-align: justify;\">1987&#8217;de, Anayasa Referandumu yap\u0131ld\u0131. \u0130ktidarda Anavatan Partisi vard\u0131. Merkez Karar Y\u00f6netim Kurulu topland\u0131 ve &#8216;se\u00e7im yapal\u0131m m\u0131?&#8217; sorusuna ittifakla &#8216;erken se\u00e7ime gitmeyelim&#8217; cevab\u0131 verildi. Kap\u0131lar a\u00e7\u0131ld\u0131, gazeteciler girdi ve Turgut \u00d6zal &#8216;erken se\u00e7im karar\u0131 ald\u0131k&#8217; dedi, se\u00e7ime gidildi.<\/p>\n<p style=\"text-align: justify;\">Bence Ba\u015fbakan yorgun; se\u00e7im yorgunu. Se\u00e7imin hemen ard\u0131ndan da s\u00f6ylemi\u015ftim, bir hafta dinlenmesi gerekir. \u015eakayla kar\u0131\u015f\u0131k, &#8216;biz onun i\u015fine madem kar\u0131\u015f\u0131yoruz o da bizim i\u015fimize kar\u0131\u015fma hakk\u0131n\u0131 kendinde buluyor&#8217; da diyebiliriz.<\/p>\n<p style=\"text-align: justify;\">Bu yorumlara katk\u0131 yapan NTV Siyaset Dan\u0131\u015fman\u0131 Ru\u015fen \u00c7ak\u0131r ayr\u0131ca, Cemil \u00c7i\u00e7ek&#8217;in a\u00e7\u0131klamalar\u0131 sonras\u0131 olu\u015fan atmosferi, olas\u0131 kabine de\u011fi\u015fikli\u011fini ve AKP&#8217;yi \u00f6n\u00fcm\u00fczdeki g\u00fcnlerde nelerin bekledi\u011fi sorular\u0131na Canl\u0131 Gaste&#8217;de yan\u0131t verdi.<\/p>\n<p style=\"text-align: justify;\"><a href=\"http:\/\/w9.gazetevatan.com\/Basbakandan_yandas_medya_taktigi_mi\/231120\/2\/Ekonomi\" target=\"_blank\">Kaynak : Vatan<\/a><\/p>\n","protected":false},"excerpt":{"rendered":"<p style=\"text-align: center;\">\n<p style=\"text-align: justify;\">Sabah Gazetesi&#8217;nin &#8216;Bakanlardan istifa jesti&#8217; man\u015feti ve Ba\u015fbakan Yard\u0131mc\u0131s\u0131 Cemil \u00c7i\u00e7ek&#8217;in se\u00e7im sonu\u00e7lar\u0131na ili\u015fkin de\u011ferlendirmesi&#8230; Ba\u015fbakan Erdo\u011fan&#8217;\u0131n \u0130ngiltere yolculu\u011fu \u00f6ncesi \u00f6fkesini, gazeteciler yorumlad\u0131. <\/p>\n<p style=\"text-align: justify;\">Yerel se\u00e7imde AKP&#8217;nin oy oran\u0131nda \u00f6nemli bir d\u00fc\u015f\u00fc\u015f olmas\u0131, Ba\u015fbakan&#8217;\u0131n art\u0131k daha uzla\u015fmac\u0131, daha \u0131l\u0131ml\u0131 olaca\u011f\u0131 beklentisine yol a\u00e7m\u0131\u015ft\u0131. Ancak Ba\u015fbakan, se\u00e7imden sonraki ilk <\/p>\n","protected":false},"author":1,"featured_media":0,"comment_status":"open","ping_status":"closed","sticky":false,"template":"","format":"standard","meta":{"footnotes":""},"categories":[105],"tags":[],"class_list":["post-7377","post","type-post","status-publish","format-standard","hentry","category-gundem","odd"],"_links":{"self":[{"href":"http:\/\/www.korhanyilmaz.com\/index.php?rest_route=\/wp\/v2\/posts\/7377","targetHints":{"allow":["GET"]}}],"collection":[{"href":"http:\/\/www.korhanyilmaz.com\/index.php?rest_route=\/wp\/v2\/posts"}],"about":[{"href":"http:\/\/www.korhanyilmaz.com\/index.php?rest_route=\/wp\/v2\/types\/post"}],"author":[{"embeddable":true,"href":"http:\/\/www.korhanyilmaz.com\/index.php?rest_route=\/wp\/v2\/users\/1"}],"replies":[{"embeddable":true,"href":"http:\/\/www.korhanyilmaz.com\/index.php?rest_route=%2Fwp%2Fv2%2Fcomments&post=7377"}],"version-history":[{"count":0,"href":"http:\/\/www.korhanyilmaz.com\/index.php?rest_route=\/wp\/v2\/posts\/7377\/revisions"}],"wp:attachment":[{"href":"http:\/\/www.korhanyilmaz.com\/index.php?rest_route=%2Fwp%2Fv2%2Fmedia&parent=7377"}],"wp:term":[{"taxonomy":"category","embeddable":true,"href":"http:\/\/www.korhanyilmaz.com\/index.php?rest_route=%2Fwp%2Fv2%2Fcategories&post=7377"},{"taxonomy":"post_tag","embeddable":true,"href":"http:\/\/www.korhanyilmaz.com\/index.php?rest_route=%2Fwp%2Fv2%2Ftags&post=7377"}],"curies":[{"name":"wp","href":"https:\/\/api.w.org\/{rel}","templated":true}]}}