{"id":7370,"date":"2009-04-01T17:05:35","date_gmt":"2009-04-01T14:05:35","guid":{"rendered":"http:\/\/www.korhanyilmaz.com\/?p=7370"},"modified":"2009-04-01T17:05:35","modified_gmt":"2009-04-01T14:05:35","slug":"ve-sonunda-beklenen-gelisme","status":"publish","type":"post","link":"http:\/\/www.korhanyilmaz.com\/?p=7370","title":{"rendered":"Ve sonunda beklenen geli\u015fme"},"content":{"rendered":"<p style=\"text-align: center;\"><img loading=\"lazy\" decoding=\"async\" class=\"aligncenter size-full wp-image-7371\" src=\"http:\/\/www.korhanyilmaz.com\/wp-content\/uploads\/2009\/04\/fft5_mf130553.jpeg\" alt=\"\" width=\"324\" height=\"215\" \/><\/p>\n<p style=\"text-align: justify;\"><strong>Adalet Bakan\u0131 \u015eahin izin vermeyince \u0130brahim Kabo\u011flu ve Bask\u0131n Oran&#8217;\u0131n TCK&#8217;n\u0131n 301. maddeden yarg\u0131land\u0131klar\u0131 &#8216;az\u0131nl\u0131klar ve K\u00fclt\u00fcrel Haklar Raporu&#8217; davas\u0131 d\u00fc\u015ft\u00fc.<\/strong><\/p>\n<p style=\"text-align: justify;\">Eski \u0130nsan Haklar\u0131 Dan\u0131\u015fma Kurulu Ba\u015fkan\u0131 Prof. Dr. \u0130brahim Kabo\u011flu ve Alt Komisyon Ba\u015fkan\u0131 Prof. Dr. Bask\u0131n Oran&#8217;\u0131n, T\u00fcrk Ceza Kanununun (TCK) 301. maddesinden yarg\u0131land\u0131klar\u0131 dava d\u00fc\u015ft\u00fc.<br \/>\nAnkara 28. Asliye Ceza Mahkemesindeki duru\u015fmaya, Kabo\u011flu ile Oran&#8217;\u0131n avukatlar\u0131 Oya Ayd\u0131n ve Kemal Akkurt kat\u0131ld\u0131.<br \/>\nYarg\u0131\u00e7 Avni Mis, Adalet Bakan\u0131 Mehmet Ali \u015eahin&#8217;in, Kabo\u011flu ve Oran hakk\u0131nda yarg\u0131lama izni vermedi\u011finin bildirildi\u011fini belirtti.<br \/>\nDiyecekleri sorulan san\u0131k avukatlar\u0131, Adalet Bakan\u0131&#8217;ndan yarg\u0131lama izni istenmesinin yarg\u0131 ba\u011f\u0131ms\u0131zl\u0131\u011f\u0131na m\u00fcdahale anlam\u0131 ta\u015f\u0131d\u0131\u011f\u0131n\u0131, adil yarg\u0131lanma ilkesine ters d\u00fc\u015ft\u00fc\u011f\u00fcn\u00fc savunarak, davan\u0131n d\u00fc\u015fmesi yerine, m\u00fcvekkilleri hakk\u0131nda beraat karar\u0131 verilmesini istediler. <!--more--><br \/>\nEsas hakk\u0131ndaki g\u00f6r\u00fc\u015f\u00fcn\u00fc a\u00e7\u0131klayan Cumhuriyet Savc\u0131s\u0131 Ferhan \u00d6zdemir, &#8220;devletin yarg\u0131 organlar\u0131n\u0131 alenen a\u015fa\u011f\u0131lama&#8221; eyleminde soru\u015fturma \u015fart\u0131n\u0131n Adalet Bakanl\u0131\u011f\u0131n\u0131n iznine ba\u011fl\u0131 oldu\u011funu hat\u0131rlatt\u0131. Bakanl\u0131\u011f\u0131n, 5 \u015eubat 2009 tarihli yaz\u0131s\u0131yla, soru\u015fturma izni verilmedi\u011fini belirtti\u011fine dikkati \u00e7eken \u00d6zdemir, san\u0131klar hakk\u0131ndaki kamu davas\u0131n\u0131n d\u00fc\u015f\u00fcr\u00fclmesini istedi.<br \/>\nSan\u0131k avukatlar\u0131, savc\u0131n\u0131n g\u00f6r\u00fc\u015f\u00fcne kar\u015f\u0131 \u00f6nceki beyanlar\u0131n\u0131 tekrarlad\u0131.<br \/>\nYarg\u0131\u00e7 Avni Mis, daha sonra, bakanl\u0131\u011f\u0131n karar\u0131 gere\u011fince, Kabo\u011flu ve Oran hakk\u0131ndaki kamu davas\u0131n\u0131n d\u00fc\u015f\u00fcr\u00fcld\u00fc\u011f\u00fcn\u00fc a\u00e7\u0131klad\u0131.\n<\/p>\n<p style=\"text-align: justify;\"><strong>-DAVANIN GE\u00c7M\u0130\u015e\u0130-<\/strong><\/p>\n<p style=\"text-align: justify;\">Prof. Dr. Kabo\u011flu ve Prof. Dr. Oran hakk\u0131nda, &#8220;Az\u0131nl\u0131klar ve K\u00fclt\u00fcrel Haklar Raporu&#8221; nedeniyle, TCK 216. maddesinde tan\u0131mlanan &#8220;halk\u0131 kin ve d\u00fc\u015fmanl\u0131\u011fa tahrik etme&#8221; ve 301. maddesinde tan\u0131mlanan &#8220;devletin yarg\u0131 organlar\u0131n\u0131 alenen a\u015fa\u011f\u0131lama&#8221; su\u00e7lar\u0131 uyar\u0131nca dava a\u00e7\u0131lm\u0131\u015ft\u0131.<br \/>\nAnkara 28. Asliye Ceza Mahkemesi, Kabo\u011flu ve Oran hakk\u0131nda a\u00e7\u0131lan davay\u0131, TCK&#8217;n\u0131n 301. maddesi y\u00f6n\u00fcnden d\u00fc\u015f\u00fcrm\u00fc\u015f, 216. maddede tan\u0131mlanan &#8220;halk\u0131 kin ve d\u00fc\u015fmanl\u0131\u011fa tahrik&#8221; su\u00e7undan ise beraatlar\u0131na karar vermi\u015fti.<br \/>\nKarar\u0131n temyiz incelemesini yapan Yarg\u0131tay 8. Ceza Dairesi, TCK&#8217;n\u0131n 216. maddesinden verilen beraat karar\u0131n\u0131, su\u00e7un maddi ve manevi unsurlar\u0131 olu\u015ftu\u011fu gerek\u00e7esiyle bozmu\u015f, 301. maddede tan\u0131mlanan su\u00e7 y\u00f6n\u00fcnden ise Adalet Bakan\u0131&#8217;n\u0131n izni gerekti\u011fine i\u015faret ederek, izin al\u0131nmas\u0131 gerekti\u011fine h\u00fckmetmi\u015fti.\n<\/p>\n<p style=\"text-align: justify;\">Yarg\u0131tay Cumhuriyet Ba\u015fsavc\u0131l\u0131\u011f\u0131, 8. Ceza Dairesinin 216. madde y\u00f6n\u00fcnden verdi\u011fi karara itiraz etmi\u015fti. \u0130tiraz\u0131 g\u00f6r\u00fc\u015fen Yarg\u0131tay Ceza Genel Kurulu, san\u0131klara TCK&#8217;n\u0131n 216. maddesi y\u00f6n\u00fcnden verilen beraat karar\u0131n\u0131 onam\u0131\u015ft\u0131.<\/p>\n<p style=\"text-align: justify;\"><span style=\"color: #888888;\">AA<\/span><\/p>\n","protected":false},"excerpt":{"rendered":"<p style=\"text-align: center;\">\n<p style=\"text-align: justify;\">Adalet Bakan\u0131 \u015eahin izin vermeyince \u0130brahim Kabo\u011flu ve Bask\u0131n Oran&#8217;\u0131n TCK&#8217;n\u0131n 301. maddeden yarg\u0131land\u0131klar\u0131 &#8216;az\u0131nl\u0131klar ve K\u00fclt\u00fcrel Haklar Raporu&#8217; davas\u0131 d\u00fc\u015ft\u00fc.<\/p>\n<p style=\"text-align: justify;\">Eski \u0130nsan Haklar\u0131 Dan\u0131\u015fma Kurulu Ba\u015fkan\u0131 Prof. Dr. \u0130brahim Kabo\u011flu ve Alt Komisyon Ba\u015fkan\u0131 Prof. Dr. Bask\u0131n Oran&#8217;\u0131n, T\u00fcrk Ceza Kanununun (TCK) 301. maddesinden yarg\u0131land\u0131klar\u0131 dava d\u00fc\u015ft\u00fc. <\/p>\n","protected":false},"author":1,"featured_media":0,"comment_status":"open","ping_status":"closed","sticky":false,"template":"","format":"standard","meta":{"footnotes":""},"categories":[105],"tags":[],"class_list":["post-7370","post","type-post","status-publish","format-standard","hentry","category-gundem","odd"],"_links":{"self":[{"href":"http:\/\/www.korhanyilmaz.com\/index.php?rest_route=\/wp\/v2\/posts\/7370","targetHints":{"allow":["GET"]}}],"collection":[{"href":"http:\/\/www.korhanyilmaz.com\/index.php?rest_route=\/wp\/v2\/posts"}],"about":[{"href":"http:\/\/www.korhanyilmaz.com\/index.php?rest_route=\/wp\/v2\/types\/post"}],"author":[{"embeddable":true,"href":"http:\/\/www.korhanyilmaz.com\/index.php?rest_route=\/wp\/v2\/users\/1"}],"replies":[{"embeddable":true,"href":"http:\/\/www.korhanyilmaz.com\/index.php?rest_route=%2Fwp%2Fv2%2Fcomments&post=7370"}],"version-history":[{"count":0,"href":"http:\/\/www.korhanyilmaz.com\/index.php?rest_route=\/wp\/v2\/posts\/7370\/revisions"}],"wp:attachment":[{"href":"http:\/\/www.korhanyilmaz.com\/index.php?rest_route=%2Fwp%2Fv2%2Fmedia&parent=7370"}],"wp:term":[{"taxonomy":"category","embeddable":true,"href":"http:\/\/www.korhanyilmaz.com\/index.php?rest_route=%2Fwp%2Fv2%2Fcategories&post=7370"},{"taxonomy":"post_tag","embeddable":true,"href":"http:\/\/www.korhanyilmaz.com\/index.php?rest_route=%2Fwp%2Fv2%2Ftags&post=7370"}],"curies":[{"name":"wp","href":"https:\/\/api.w.org\/{rel}","templated":true}]}}