{"id":7363,"date":"2009-04-01T16:44:15","date_gmt":"2009-04-01T13:44:15","guid":{"rendered":"http:\/\/www.korhanyilmaz.com\/?p=7363"},"modified":"2009-04-01T16:44:15","modified_gmt":"2009-04-01T13:44:15","slug":"ergenekon-tutuklularina-hapiste-sanal-ortam","status":"publish","type":"post","link":"http:\/\/www.korhanyilmaz.com\/?p=7363","title":{"rendered":"Ergenekon tutuklular\u0131na hapiste sanal ortam"},"content":{"rendered":"<p style=\"text-align: center;\"><img loading=\"lazy\" decoding=\"async\" class=\"aligncenter size-full wp-image-7368\" src=\"http:\/\/www.korhanyilmaz.com\/wp-content\/uploads\/2009\/04\/ergenekon-1.jpg\" alt=\"\" width=\"330\" height=\"223\" \/><\/p>\n<p style=\"text-align: justify;\"><strong>Ergenekon davas\u0131nda tutuklu san\u0131klar\u0131n cezaevindeki bilgisayarlar\u0131 \u015fahsi bilgisayar gibi kulland\u0131klar\u0131, ortak savunma haz\u0131rlay\u0131p, bilgileri birbirleriyle payla\u015ft\u0131klar\u0131 ortaya \u00e7\u0131kt\u0131.<\/strong><\/p>\n<p style=\"text-align: justify;\">Ergenekon davas\u0131n\u0131n tutuklu san\u0131klar\u0131n\u0131n kald\u0131\u011f\u0131 Silivri 4 ve 5 Numaral\u0131 L Tipi Kapal\u0131 Cezaevi M\u00fcd\u00fcrleri Baht\u0131\u015fen Er ve Mustafa Kemal \u00c7elik&#8217;in g\u00f6rev yerleri, &#8216;Ergenekon san\u0131klar\u0131na mevzuata uygun yerle\u015ftirme yapmad\u0131klar\u0131&#8217; gerek\u00e7esiyle de\u011fi\u015ftirilmi\u015fti. Adalet Bakanl\u0131\u011f\u0131 da iki cezaevi m\u00fcd\u00fcr\u00fc hakk\u0131nda inceleme ba\u015flatm\u0131\u015ft\u0131. Bu kapsamda haz\u0131rlanan \u00d6zel Denetim Raporu&#8217;nda ilgin\u00e7 bilgiler yer ald\u0131. Mart 2009&#8217;da haz\u0131rlanan raporda \u00f6zetle \u015fu ifadelere yer verildi: <!--more--><br \/>\n&#8220;H\u00fck\u00fcml\u00fc ve tutuklular\u0131n ceza infaz kurumlar\u0131nda birbirlerinin odalar\u0131na gitmelerine ve temasta bulunmalar\u0131na izin verilmemesi gerekirken, kurumda mevzuata uygun bir yerle\u015ftirme yap\u0131lmad\u0131\u011f\u0131, Ergenekon Ter\u00f6r \u00d6rg\u00fct\u00fc soru\u015fturmas\u0131 kapsam\u0131nda tutuklu bulunanlar\u0131n d\u00f6rt ila dokuz ki\u015fi olarak odalar\u0131na yerle\u015ftirildikleri, i\u015ftirak halinde su\u00e7 i\u015flemi\u015f olanlar\u0131n ayn\u0131 odalarda bar\u0131nd\u0131r\u0131ld\u0131\u011f\u0131&#8230; Kurumlarda tutuklular\u0131n kullan\u0131m\u0131na sunulan bilgisayarlar\u0131n an\u0131lan \u00f6rg\u00fct mensubu tutuklular\u0131n \u015fahsi bilgisayarlar\u0131 gibi kulland\u0131r\u0131ld\u0131\u011f\u0131, bu yolla bir araya gelmeseler bile ortak bir savunma haz\u0131rlama imk\u00e2n\u0131 edindikleri ve birbirlerine her t\u00fcrl\u00fc bilgiyi bu yolla aktarabildiklerinin tespit edildi\u011fi&#8230; Silivri 4 ve 5 numaral\u0131 L Tipi Kapal\u0131 Ceza \u0130nfaz Kurumlar\u0131&#8217;nda y\u00fcksek g\u00fcvenlikli kurum stat\u00fcs\u00fc dikkate al\u0131narak, mevzuata uygun bar\u0131nma ko\u015fullar\u0131n\u0131n olu\u015fturulmad\u0131\u011f\u0131..&#8221;<br \/>\nRaporda, Ba\u015fsavc\u0131l\u0131k&#8217;\u00e7a soru\u015fturma y\u00fcr\u00fct\u00fclmesi istendi.\n<\/p>\n<p style=\"text-align: justify;\">Bu arada Ergenekon davas\u0131n\u0131n 67. duru\u015fmas\u0131nda d\u00fcn, tutuklu san\u0131klar\u0131n sonuncusu Kemal Kerin\u00e7siz savunma yapt\u0131. Kerin\u00e7siz, savc\u0131lar i\u00e7in &#8216;ye\u015fil darbe yarg\u0131c\u0131&#8217; benzetmesi yapt\u0131 ve ileride yarg\u0131lanaca\u011f\u0131n\u0131 s\u00f6yledi. Kerin\u00e7siz, &#8220;Savc\u0131lar ya kullan\u0131ld\u0131klar\u0131n\u0131n fark\u0131nda de\u011fil ya da kullan\u0131lmaya muvafakat vermi\u015f&#8221; dedi.<\/p>\n<p style=\"text-align: justify;\"><span style=\"color: #888888;\">Kaynak : Radikal<\/span><\/p>\n<p style=\"text-align: justify;\">\n","protected":false},"excerpt":{"rendered":"<p style=\"text-align: center;\">\n<p style=\"text-align: justify;\">Ergenekon davas\u0131nda tutuklu san\u0131klar\u0131n cezaevindeki bilgisayarlar\u0131 \u015fahsi bilgisayar gibi kulland\u0131klar\u0131, ortak savunma haz\u0131rlay\u0131p, bilgileri birbirleriyle payla\u015ft\u0131klar\u0131 ortaya \u00e7\u0131kt\u0131.<\/p>\n<p style=\"text-align: justify;\">Ergenekon davas\u0131n\u0131n tutuklu san\u0131klar\u0131n\u0131n kald\u0131\u011f\u0131 Silivri 4 ve 5 Numaral\u0131 L Tipi Kapal\u0131 Cezaevi M\u00fcd\u00fcrleri Baht\u0131\u015fen Er ve Mustafa Kemal \u00c7elik&#8217;in g\u00f6rev yerleri, &#8216;Ergenekon san\u0131klar\u0131na mevzuata uygun yerle\u015ftirme yapmad\u0131klar\u0131&#8217; gerek\u00e7esiyle <\/p>\n","protected":false},"author":1,"featured_media":0,"comment_status":"open","ping_status":"closed","sticky":false,"template":"","format":"standard","meta":{"footnotes":""},"categories":[105],"tags":[],"class_list":["post-7363","post","type-post","status-publish","format-standard","hentry","category-gundem","odd"],"_links":{"self":[{"href":"http:\/\/www.korhanyilmaz.com\/index.php?rest_route=\/wp\/v2\/posts\/7363","targetHints":{"allow":["GET"]}}],"collection":[{"href":"http:\/\/www.korhanyilmaz.com\/index.php?rest_route=\/wp\/v2\/posts"}],"about":[{"href":"http:\/\/www.korhanyilmaz.com\/index.php?rest_route=\/wp\/v2\/types\/post"}],"author":[{"embeddable":true,"href":"http:\/\/www.korhanyilmaz.com\/index.php?rest_route=\/wp\/v2\/users\/1"}],"replies":[{"embeddable":true,"href":"http:\/\/www.korhanyilmaz.com\/index.php?rest_route=%2Fwp%2Fv2%2Fcomments&post=7363"}],"version-history":[{"count":0,"href":"http:\/\/www.korhanyilmaz.com\/index.php?rest_route=\/wp\/v2\/posts\/7363\/revisions"}],"wp:attachment":[{"href":"http:\/\/www.korhanyilmaz.com\/index.php?rest_route=%2Fwp%2Fv2%2Fmedia&parent=7363"}],"wp:term":[{"taxonomy":"category","embeddable":true,"href":"http:\/\/www.korhanyilmaz.com\/index.php?rest_route=%2Fwp%2Fv2%2Fcategories&post=7363"},{"taxonomy":"post_tag","embeddable":true,"href":"http:\/\/www.korhanyilmaz.com\/index.php?rest_route=%2Fwp%2Fv2%2Ftags&post=7363"}],"curies":[{"name":"wp","href":"https:\/\/api.w.org\/{rel}","templated":true}]}}