{"id":7342,"date":"2009-04-01T17:11:24","date_gmt":"2009-04-01T14:11:24","guid":{"rendered":"http:\/\/www.korhanyilmaz.com\/?p=7342"},"modified":"2009-04-01T17:11:24","modified_gmt":"2009-04-01T14:11:24","slug":"meydanlarda-inonu-cikisi-van%e2%80%99da-%e2%80%98ya-sev-ya-terk%e2%80%99-sozu-akp%e2%80%99yi-yaraladi","status":"publish","type":"post","link":"http:\/\/www.korhanyilmaz.com\/?p=7342","title":{"rendered":"Meydanlarda \u0130n\u00f6n\u00fc \u00e7\u0131k\u0131\u015f\u0131, Van\u2019da \u2018ya sev ya terk\u2019 s\u00f6z\u00fc AKP\u2019yi yaralad\u0131"},"content":{"rendered":"<p style=\"text-align: justify;\"><img loading=\"lazy\" decoding=\"async\" class=\"alignleft size-full wp-image-7343\" style=\"margin-left: 10px; margin-right: 10px;\" src=\"http:\/\/www.korhanyilmaz.com\/wp-content\/uploads\/2009\/04\/010420092344493502439.jpg\" alt=\"\" width=\"193\" height=\"102\" \/><strong>Zaman Gazetesi Yazar\u0131 H\u00fcseyin G\u00fclerce, AKP&#8217;nin 29 Mart&#8217;taki oy kayb\u0131n\u0131 de\u011ferlendirdi<\/strong>.<\/p>\n<p style=\"text-align: justify;\">Zaman Gazetesi Yazar\u0131 H\u00fcseyin G\u00fclerce, AKP&#8217;nin 29 Mart&#8217;taki oy kayb\u0131n\u0131 \u015f\u00f6yle de\u011ferlendiriyor: Se\u00e7men Ba\u015fbakan&#8217;a resmen &#8216;L\u00fctfen empatiyi hat\u0131rla. \u00dcslubu yumu\u015fat. Kucaklay\u0131c\u0131 ol&#8217; dedi<\/p>\n<p style=\"text-align: justify;\"><strong>29 Mart&#8217;\u0131n ertesinde k\u00f6\u015fenizde se\u00e7im sonu\u00e7lar\u0131n\u0131 &#8220;One minute&#8221; olarak de\u011ferlendirdiniz&#8230; Peki halk AKP&#8217;ye neden &#8220;One minute&#8221; dedi?<br \/>\n<\/strong><a href=\"http:\/\/haber.gazetevatan.com\/haberdetay.asp?Newsid=230921\" target=\"_blank\"> <\/a>\n<\/p>\n<p style=\"text-align: justify;\">Bu d\u00fc\u015f\u00fc\u015f sonun ba\u015flang\u0131c\u0131 de\u011fil. AKP 2002 se\u00e7imlerinde y\u00fczde 34 oy alm\u0131\u015ft\u0131. AKP&#8217;nin ger\u00e7ek oy oran\u0131 y\u00fczde 35 ile 40 aras\u0131nda bir dilim. 22 Temmuz&#8217;da al\u0131nan y\u00fczde 47&#8217;lik rakam\u0131 iyi analiz etmek laz\u0131m. 22 Temmuz \u00f6ncesi e-muht\u0131ra verildi. Abdullah G\u00fcl ma\u011fdur durumuna d\u00fc\u015ft\u00fc. AKP&#8217;ye oy vermeyecek insanlar bile bu durum kar\u015f\u0131s\u0131nda oylar\u0131n\u0131 AKP&#8217;den yana kulland\u0131. Y\u00fczde 47&#8217;nin arkas\u0131nda hissiyat s\u00f6z konusu. Ekonomik kriz d\u00fc\u015f\u00fcn\u00fcrl\u00fcrse 29 Mart sonu\u00e7lar\u0131 AKP i\u00e7in yine de etkili bir sonu\u00e7. <!--more-->Baz\u0131 yerlerde ise ekonomik kriz se\u00e7men davran\u0131\u015f\u0131n\u0131 etkilemedi. Bursa \u00f6rne\u011fi \u00e7ok \u00e7arp\u0131c\u0131. MHP&#8217;deki oy art\u0131\u015f\u0131 eskinin DYP&#8217;si \u015fimdinin DP&#8217;siyle alakal\u0131 bir durum. DP se\u00e7men profili AKP&#8217;den ziyade MHP&#8217;ye daha yak\u0131n. DP taban\u0131, AKP yerine MHP&#8217;yi tercih etti. AKP merkezin sa\u011f\u0131nda bir parti. MHP merkeze daha yak\u0131n bir parti gibi duruyor. Merkezden ka\u00e7an oylar AKP&#8217;ye gitmedi. Liberaller, muhafazakarlar, milliyet\u00e7iler, Do\u011fu ve G\u00fcneydo\u011fulu se\u00e7menler AKP&#8217;ye oy veriyor. De\u011fi\u015fim isteyenler AKP&#8217;yi umut olarak g\u00f6r\u00fcyorlar ve bu partiye oy veriyorlar. B\u00fcy\u00fck\u015fehirlerin \u00e7o\u011funu kazanm\u0131\u015f, illeri, il\u00e7eleri alm\u0131\u015f bir AKP varken bu partiye ba\u015far\u0131s\u0131z diyemezsiniz. Sadece bir \u00f6nceki se\u00e7ime g\u00f6re ba\u015far\u0131s\u0131z. Asker ve y\u00fcksek yarg\u0131 se\u00e7im s\u00fcrecine m\u00fcdahale etmekten vazge\u00e7ti. Silahl\u0131 Kuvvetler tarafs\u0131zl\u0131k sergiledi. Laik kesim, CHP ve DSP&#8217;liler g\u00f6rd\u00fcler ki halka g\u00fcvenmek laz\u0131m. Sonu\u00e7 olarak se\u00e7men AKP&#8217;ye &#8220;Bir dakika&#8221; dedi. &#8216;Bir dakika d\u00fc\u015f\u00fcn\u00fcr m\u00fcs\u00fcn, dinler misin&#8217; dedi. Ba\u015fbakan bir dakikay\u0131 anlad\u0131 ve &#8216;d\u00fc\u015f\u00fcnece\u011fiz&#8217; dedi. Ba\u015fbakan 22 Temmuz&#8217;da parti genel mekezinin balkonundan yapt\u0131\u011f\u0131 konu\u015fmada laik kesimle ilgili mesajlar vermi\u015fti. Herkese ve her kesime e\u015fit olaca\u011f\u0131n\u0131n alt\u0131n\u0131 \u00e7izmi\u015fti. \u0130ki senedir empatiyi maalesef yapamad\u0131. Ba\u015fbakan, meydanlarda CHP ve Baykal&#8217;la at\u0131\u015f\u0131rken tuttu \u0130n\u00f6n\u00fc d\u00f6nemine ait ekmek karnelerini g\u00fcndeme getirdi. Tayyip Bey, CHP&#8217;yle hesapla\u015fmay\u0131 \u00e7ok gerilere g\u00f6t\u00fcrd\u00fc. \u0130n\u00f6n\u00fc \u00e7\u0131k\u0131\u015flar\u0131 l\u00fczumsuz ve ba\u015far\u0131s\u0131z oldu. Se\u00e7men dedi ki &#8216;L\u00fctfen empatiyi hat\u0131rla. \u00dcslubu yumu\u015fat. \u00c7at\u0131\u015fma istemiyoruz. Kucaklay\u0131c\u0131 ol&#8217; dedi.<\/p>\n<p style=\"text-align: justify;\"><strong>T\u00fcrk&#8217;\u00fcn elini s\u0131kmad\u0131&#8230;<\/strong><\/p>\n<p style=\"text-align: justify;\"><strong>AB reformlar\u0131ndaki yava\u015flama, merkezden uzakla\u015fma, ekonomik geli\u015fmeler oylar\u0131 nas\u0131l etkiledi?<\/strong><\/p>\n<p style=\"text-align: justify;\">G\u00fcneydo\u011fu&#8217;daki d\u00fc\u015f\u00fc\u015fte Van&#8217;daki konu\u015fma \u00f6nemli. Ba\u015fbakan, &#8216;Ya sev, ya terk&#8217; manas\u0131na gelecek ifade kulland\u0131. Bu yakla\u015f\u0131m b\u00f6lgeyi \u00e7ok yaralad\u0131. Siirt&#8217;i, Batman&#8217;\u0131 kaybetti. Ba\u015fbakan&#8217;\u0131n bu hatay\u0131 kabul etmesi gerekir. Evet b\u00f6lge halk\u0131 kimlik siyaseti yap\u0131yor ve siz bunu g\u00f6rmezden gelemezsiniz. Meclis&#8217;te Ahmet T\u00fcrk&#8217;\u00fcn elini s\u0131kmamak b\u00f6lge halk\u0131n\u0131 olumsuz etkiliyor. Bunlara ra\u011fmen G\u00fcneydo\u011fu&#8217;da vatanda\u015f\u0131n g\u00f6nl\u00fcne girecek tek parti AKP. AB konusunda yava\u015f kald\u0131lar. Anayasa de\u011fi\u015fikli\u011fi AB ekseninden ziyade sanki AKP&#8217;nin de\u011fi\u015fiklik \u00f6nerisi gibi alg\u0131land\u0131. AB \u00fczerinden gidilse bu tepkiler do\u011fmazd\u0131. Reformlar\u0131n ad\u0131 yanl\u0131\u015f kondu. AKP&#8217;nin Anayasa de\u011fi\u015fikli\u011fi gibi alg\u0131land\u0131. \u015eunu da anlamak laz\u0131m. CHP&#8217;ye ra\u011fmen T\u00fcrkiye&#8217;de Anayasa de\u011fi\u015fikli\u011fi olmaz.<\/p>\n<p style=\"text-align: justify;\"><strong>Ali Bula\u00e7, &#8220;Antalya&#8217;da AKP kaybetti \u00e7\u00fcnk\u00fc iki cemaat MHP&#8217;yi destekledi&#8221; iddias\u0131nda bulundu. Cemaatlerin AKP&#8217;ye deste\u011fi azal\u0131yor mu? <\/strong><\/p>\n<p style=\"text-align: justify;\">Antalya&#8217;da hangi cemaat var pek bilmiyorum, b\u00f6lge halk\u0131 daha iyi bilir. Cemaatler tepeden a\u015f\u015fa\u011f\u0131 talimat vermezler. Cemaat mensuplar\u0131 az \u00e7ok kime oy vereceklerini bilecek insanlard\u0131r. Vatanda\u015f, g\u00f6nl\u00fc yatmad\u0131\u011f\u0131 s\u00fcrece oy vermez.<\/p>\n<p style=\"text-align: justify;\"><strong>G\u00fclen cemaatinin baz\u0131 yerde AKP d\u0131\u015f\u0131ndaki adaylar\u0131 desteklemesi s\u00f6z konusu oldu mu?<\/strong><\/p>\n<p style=\"text-align: justify;\">Denizli&#8217;de, Konya&#8217;da ne oldu bilmem m\u00fcmk\u00fcn de\u011fil. Yalova&#8217;da oturuyorum. Burada herkes istedi\u011fi adaya oy verdi. MHP&#8217;ye kay\u0131\u015f eski DYP&#8217;li se\u00e7menden kaynaklan\u0131yor. G\u00fcneydo\u011fu a\u00e7\u0131l\u0131m\u0131ndan rahats\u0131z olanlar MHP&#8217;ye y\u00f6nelmi\u015f olabilir.<\/p>\n<p style=\"text-align: justify;\"><strong>\u0130ktidar alternatifi olmaya aday ikinci parti sizce CHP mi yoksa  MHP mi? <\/strong><\/p>\n<p style=\"text-align: justify;\">Bence ikisi de de\u011fil. Haritaya bakt\u0131\u011f\u0131n\u0131zda CHP sahil band\u0131 d\u0131\u015f\u0131nda yok ama CHP&#8217;nin kalelerinde AKP var. CHP, \u00fclkenin en bat\u0131s\u0131nda var. Bana g\u00f6re tek ba\u015far\u0131l\u0131 parti MHP&#8217;dir. \u0130stikrarl\u0131 \u015fekilde MHP oylar\u0131 art\u0131yor. MHP, s\u0131\u00e7rama yap\u0131yor. E\u011fer Bah\u00e7eli ve kurmaylar\u0131 biraz daha merkeze gelir, AB \u00fcyeli\u011finde yumu\u015farsa iktidar alternatifi olabilir. MHP, demokratikle\u015fmeye destek vermesi \u015fart\u0131yla iktidar alternatifi olabilir. MHP, riski g\u00f6ze almal\u0131. Hem \u015fof\u00f6r mahali, hem de 25 kuru\u015f olmuyor.<\/p>\n<p style=\"text-align: justify;\"><strong>Urfa halk\u0131 ciddi mesaj verdi<\/strong><\/p>\n<p style=\"text-align: justify;\"><strong>Muhsin Yaz\u0131c\u0131o\u011flu&#8217;nun vefat\u0131yla, Sivas&#8217;\u0131 BBP&#8217;nin almas\u0131 halk\u0131n duygusal tepkisi midir?<\/strong><\/p>\n<p style=\"text-align: justify;\">\u015eanl\u0131urfa var. &#8216;Ceket koysa se\u00e7ilir&#8217; diyenler yan\u0131ld\u0131lar. Urfa halk\u0131 \u00e7ok ciddi mesaj verdi. Se\u00e7imin ger\u00e7ek galibi Fak\u0131baba&#8217;d\u0131r. Yaz\u0131c\u0131o\u011flu&#8217;nun vefat\u0131 Sivas&#8217;taki oylar\u0131 etkiledi. Sivas oylar\u0131nda duygusall\u0131k var. Sivasl\u0131lar, Muhsin Bey&#8217;e ciddi bir vefa \u00f6rne\u011fi g\u00f6sterdiler.<\/p>\n<p style=\"text-align: justify;\"><strong>SP&#8217;deki oy art\u0131\u015f\u0131 kar\u015f\u0131s\u0131nda bu partinin AKP&#8217;nin yede\u011fi olma iddialar\u0131n\u0131 ciddiye al\u0131r m\u0131s\u0131n\u0131z? <\/strong><\/p>\n<p style=\"text-align: justify;\">\u00c7ok erken yorumlar. Y\u00fczde 2.5&#8217;tan 5&#8217;e gelmi\u015f bir parti i\u00e7in AKP&#8217;nin yede\u011fi olma s\u00f6zleri \u00e7ok iddial\u0131 bir s\u00f6ylem olur. Numan Bey, bu se\u00e7im g\u00f6r\u00fcc\u00fcye \u00e7\u0131kt\u0131. Performans\u0131 fena de\u011fil. Di\u011fer meharetlerini de g\u00f6rmek laz\u0131m.<\/p>\n<p style=\"text-align: justify;\"><strong>Diyarbak\u0131r yenilgisini nas\u0131l de\u011ferlendiriyorsunuz?<\/strong><\/p>\n<p style=\"text-align: justify;\">AKP&#8217;nin k\u00fcsmemesi, hizmetlere devam etmesi laz\u0131m. AKP y\u00f6netimi, b\u00f6lgede kimlik siyasetinin oldu\u011funun fark\u0131na varmas\u0131 laz\u0131m. Her oyun hat\u0131r\u0131 vard\u0131r. Birileri DTP&#8217;li diye onlara yan g\u00f6zle bakmamak laz\u0131m. AB \u00fcyelik s\u00fcreci ve reformlar h\u0131zlan\u0131rsa AKP G\u00fcneydo\u011fu&#8217;da ba\u015far\u0131l\u0131 olur. PKK ile Ergenekon ba\u011flant\u0131lar\u0131 \u00e7\u0131k\u0131yor. B\u00f6lge insan\u0131 bunlardan etkilenecektir. Demokratikle\u015fme olursa DTP kimlik siyasetini s\u00fcrd\u00fcremez. Van&#8217;daki konu\u015fma ve el s\u0131kmama hadisesi oylar\u0131 \u00e7ok etkiledi. \u0130stikrarl\u0131 bir \u00e7izgi olmas\u0131 laz\u0131m. Bir s\u00f6yledi\u011finizi, daha sonra de\u011fi\u015ftirmemeniz laz\u0131m.<\/p>\n<p style=\"text-align: justify;\"><span style=\"color: #888888;\">Kaynak : Mert \u0130nan \/ Vatan<\/span><\/p>\n<p style=\"text-align: justify;\">\n","protected":false},"excerpt":{"rendered":"<p style=\"text-align: justify;\">Zaman Gazetesi Yazar\u0131 H\u00fcseyin G\u00fclerce, AKP&#8217;nin 29 Mart&#8217;taki oy kayb\u0131n\u0131 de\u011ferlendirdi.<\/p>\n<p style=\"text-align: justify;\">Zaman Gazetesi Yazar\u0131 H\u00fcseyin G\u00fclerce, AKP&#8217;nin 29 Mart&#8217;taki oy kayb\u0131n\u0131 \u015f\u00f6yle de\u011ferlendiriyor: Se\u00e7men Ba\u015fbakan&#8217;a resmen &#8216;L\u00fctfen empatiyi hat\u0131rla. \u00dcslubu yumu\u015fat. Kucaklay\u0131c\u0131 ol&#8217; dedi<\/p>\n<p style=\"text-align: justify;\">29 Mart&#8217;\u0131n ertesinde k\u00f6\u015fenizde se\u00e7im sonu\u00e7lar\u0131n\u0131 &#8220;One minute&#8221; olarak de\u011ferlendirdiniz&#8230; Peki halk AKP&#8217;ye neden &#8220;One <\/p>\n","protected":false},"author":1,"featured_media":0,"comment_status":"open","ping_status":"closed","sticky":false,"template":"","format":"standard","meta":{"footnotes":""},"categories":[105],"tags":[],"class_list":["post-7342","post","type-post","status-publish","format-standard","hentry","category-gundem","odd"],"_links":{"self":[{"href":"http:\/\/www.korhanyilmaz.com\/index.php?rest_route=\/wp\/v2\/posts\/7342","targetHints":{"allow":["GET"]}}],"collection":[{"href":"http:\/\/www.korhanyilmaz.com\/index.php?rest_route=\/wp\/v2\/posts"}],"about":[{"href":"http:\/\/www.korhanyilmaz.com\/index.php?rest_route=\/wp\/v2\/types\/post"}],"author":[{"embeddable":true,"href":"http:\/\/www.korhanyilmaz.com\/index.php?rest_route=\/wp\/v2\/users\/1"}],"replies":[{"embeddable":true,"href":"http:\/\/www.korhanyilmaz.com\/index.php?rest_route=%2Fwp%2Fv2%2Fcomments&post=7342"}],"version-history":[{"count":0,"href":"http:\/\/www.korhanyilmaz.com\/index.php?rest_route=\/wp\/v2\/posts\/7342\/revisions"}],"wp:attachment":[{"href":"http:\/\/www.korhanyilmaz.com\/index.php?rest_route=%2Fwp%2Fv2%2Fmedia&parent=7342"}],"wp:term":[{"taxonomy":"category","embeddable":true,"href":"http:\/\/www.korhanyilmaz.com\/index.php?rest_route=%2Fwp%2Fv2%2Fcategories&post=7342"},{"taxonomy":"post_tag","embeddable":true,"href":"http:\/\/www.korhanyilmaz.com\/index.php?rest_route=%2Fwp%2Fv2%2Ftags&post=7342"}],"curies":[{"name":"wp","href":"https:\/\/api.w.org\/{rel}","templated":true}]}}