{"id":7332,"date":"2009-04-01T14:30:51","date_gmt":"2009-04-01T11:30:51","guid":{"rendered":"http:\/\/www.korhanyilmaz.com\/?p=7332"},"modified":"2009-04-01T14:30:51","modified_gmt":"2009-04-01T11:30:51","slug":"erdogan-kostebek-bakanlarin-pesinde","status":"publish","type":"post","link":"http:\/\/www.korhanyilmaz.com\/?p=7332","title":{"rendered":"Erdo\u011fan k\u00f6stebek bakanlar\u0131n pe\u015finde!"},"content":{"rendered":"<p style=\"text-align: center;\"><img loading=\"lazy\" decoding=\"async\" class=\"aligncenter size-full wp-image-7333\" title=\"Erdo\u011fan k\u00f6stebek bakanlar\u0131n pe\u015finde! \" src=\"http:\/\/www.korhanyilmaz.com\/wp-content\/uploads\/2009\/04\/020420090653270305488.jpg\" alt=\"Erdo\u011fan k\u00f6stebek bakanlar\u0131n pe\u015finde! \" width=\"329\" height=\"210\" \/><\/p>\n<p style=\"text-align: justify;\"><strong>&#8216;Kabinede revizyon yap\u0131laca\u011f\u0131n\u0131 hangi bakan s\u00f6ylediyse g\u00f6revden al\u0131r\u0131m&#8217;<\/strong><\/p>\n<p style=\"text-align: justify;\">&#8216;6 bakan istifas\u0131n\u0131 verdi&#8217; haberine sert tepki g\u00f6steren Ba\u015fbakan, &#8216;Kabinedeki konu\u015fmay\u0131 aktaran bakan\u0131 kap\u0131 d\u0131\u015far\u0131 ederim&#8217; dedi. Erdo\u011fan, kabinede bir revizyon d\u00fc\u015f\u00fcnd\u00fc\u011f\u00fcn\u00fc de a\u00e7\u0131klad\u0131<\/p>\n<p style=\"text-align: justify;\">Ba\u015fbakan Erdo\u011fan, G20 Liderler Zirvesi&#8217;ne kat\u0131lmak i\u00e7in \u0130ngiltere&#8217;ye hareketinden \u00f6nce Esenbo\u011fa Havaliman\u0131&#8217;nda d\u00fczenledi\u011fi bas\u0131n toplant\u0131s\u0131nda, d\u00fcnk\u00fc Sabah Gazetesi&#8217;nin man\u015fetinde yer alan habere k\u0131zarak yine bas\u0131na \u00e7att\u0131. Erdo\u011fan, \u00f6zetle \u015f\u00f6yle dedi: <!--more--><br \/>\n<strong><br \/>\n\u0130ST\u0130FA JEST\u0130:<\/strong> (Sabah Gazetesi&#8217;nin &#8220;Bakanlardan istifa jesti&#8221; ba\u015fl\u0131kl\u0131 haberiyle ilgili soru \u00fczerine) Bu ba\u015fl\u0131\u011f\u0131 atarken acaba \u00fclkeme faydal\u0131 m\u0131, zararl\u0131 m\u0131 oluyorum. Buna dikkat etmesi gerekir. Kim olursa olsun beni ilgilendirmiyor. Beni \u00fclkemin menfaati ilgilendiriyor. Bakanlar Kurulu toplant\u0131s\u0131nda bir metin oraya al\u0131n\u0131yor, t\u0131rnak i\u00e7inde koyuluyor. Benim bakan\u0131m\u0131n b\u00f6yle bir a\u00e7\u0131klamas\u0131 s\u00f6z konusu de\u011fil. Kald\u0131 ki Bakanlar Kurulu toplant\u0131s\u0131n\u0131n o an\u0131 tamamen gizli bir an. Burada hi\u00e7 bir b\u00fcrokrat arkada\u015f da bulunmuyor. Sadece bakan arkada\u015flar ve m\u00fcste\u015far\u0131m. B\u00f6yle bir ifade de yok. \u015eimdi olmayan bir \u015feyi \u00f6zel haber olarak gazetenin habercisi veriyor. Gazete de man\u015fetten bunu veriyor. \u015eimdi ben bunu kusura bakmas\u0131nlar, olumlu bir yakla\u015f\u0131m olarak g\u00f6rmem, hay\u0131rl\u0131 bir ad\u0131m olarak g\u00f6rmem.\n<\/p>\n<p style=\"text-align: justify;\"><strong>DI\u015eARI KOYARIM: <\/strong>Bir de sen hangi hakla kalk\u0131p da Bakanlar Kurulu&#8217;ndan &#8216;\u015fu bakan bana s\u00f6yledi, bu bakan bana s\u00f6yledi&#8217;&#8230; Sana hangi bakan bunu s\u00f6ylemi\u015fse gel bunu bana s\u00f6yle bakal\u0131m. Bunu da sordu\u011fun zaman &#8216;6 bakandan ben bunu teyit ettim&#8217;. B\u00f6yle habercilik olur mu? 6 Bakan nas\u0131l olur da gizli bir toplant\u0131y\u0131 size de\u015fifre eder. Bunu de\u015fifre etti\u011fi anda o bakan, bakan olmaktan \u00e7\u0131km\u0131\u015ft\u0131r. Bana bunu s\u00f6ylesinler, ben 6 bakan\u0131n 6&#8217;s\u0131n\u0131 da d\u0131\u015far\u0131 koyar\u0131m. Bu kadar da a\u00e7\u0131k konu\u015fuyorum.<\/p>\n<p style=\"text-align: justify;\"><strong>KAB\u0130NEDE DE\u011e\u0130\u015e\u0130KL\u0130K:<\/strong> Kabinede revizyon her zaman yap\u0131labilir. \u015eu anda zaten bir de\u011ferlendirme d\u00f6neminin i\u00e7erisindeyim. Kabinede de parti MYK&#8217;s\u0131nda da yap\u0131labilir, hepsi yap\u0131labilir. Zaten May\u0131s ay\u0131ndan itibaren de b\u00fct\u00fcn il kongreleri ba\u015flayacak. Temmuz&#8217;a kadar il kongrelerimizin tamam\u0131n\u0131 bitirece\u011fiz, Eyl\u00fcl, Ekim gibi de b\u00fcy\u00fck kongremizi yapaca\u011f\u0131z, \u015fu anda o s\u00fcrecin i\u00e7indeyiz. Dolay\u0131s\u0131yla bunlar\u0131n hepsi olabilir, ola\u011fand\u0131r. D\u00fcnyan\u0131n neresinde bakarsan\u0131z bak\u0131n se\u00e7im zaman\u0131nda olur, se\u00e7imden sonra da olur, \u00f6ncesinde de olur. Bu performansla alakal\u0131 bir konudur. Ama bunu hi\u00e7bir zaman &#8216;\u015fu bakan\u0131n performans\u0131 d\u00fc\u015ft\u00fc, bunun performans\u0131 d\u00fc\u015ft\u00fc&#8217; diye de\u011fil, genel olarak bir b\u00fct\u00fcn i\u00e7erisinde ele al\u0131p de\u011ferlendirmek gerekebilir. Bu ad\u0131mlar\u0131n at\u0131lmas\u0131 da hi\u00e7bir zaman anormal de\u011fildir. Bakan arkada\u015flar\u0131m\u0131z\u0131n hepsi de zaten bu noktada samimidir ve bu noktada da kanaatlerini \u00e7ok a\u00e7\u0131k, net s\u00f6ylemi\u015flerdir. B\u00f6yle bir tasarruf noktas\u0131nda Genel Ba\u015fkanlar\u0131na, Ba\u015fbakanlar\u0131na kar\u015f\u0131 da sa\u011f olsunlar hi\u00e7birinin olumsuz bir yakla\u015f\u0131m\u0131 s\u00f6z konusu de\u011fildir.<\/p>\n<p style=\"text-align: justify;\"><strong>\u00c7\u0130\u00c7EK&#8217;\u0130N S\u00d6ZLER\u0130:<\/strong> (Ba\u015fbakan Yard\u0131mc\u0131s\u0131 Cemil \u00c7i\u00e7ek&#8217;in &#8220;DTP&#8217;nin Ermenistan s\u0131n\u0131r\u0131na dayand\u0131\u011f\u0131&#8221; y\u00f6n\u00fcndeki s\u00f6zleri hat\u0131rlat\u0131larak &#8220;Partinizin K\u00fcrt sorununun \u00e7\u00f6z\u00fcm\u00fc y\u00f6n\u00fcnde bir politika de\u011fi\u015fikli\u011fi olacak m\u0131? Partinizin K\u00fcrt se\u00e7menlerden bekledi\u011fi oyu almamas\u0131n\u0131 nas\u0131l de\u011ferlendiriyorsunuz?&#8221; sorusu \u00fczerine) Siz herhalde se\u00e7im neticelerini tam manas\u0131yla masaya yat\u0131rma f\u0131rsat\u0131 bulamad\u0131n\u0131z. G\u00fcneydo\u011fu ve Do\u011fu Anadolu b\u00f6lgelerinde il genel meclisi oyumuz y\u00fczde 34 seviyesinde. DTP&#8217;nin bu b\u00f6lgedeki oy oran\u0131 ise y\u00fczde 24. \u0130ki parti aras\u0131nda 10 puanl\u0131k fark var. Tabii ki b\u00f6lgenin birinci partisi AKP&#8217;dir.<\/p>\n<p style=\"text-align: justify;\"><span style=\"color: #888888;\">Kaynak : Vatan<\/span><\/p>\n<p style=\"text-align: justify;\">\n","protected":false},"excerpt":{"rendered":"<p style=\"text-align: center;\">\n<p style=\"text-align: justify;\">&#8216;Kabinede revizyon yap\u0131laca\u011f\u0131n\u0131 hangi bakan s\u00f6ylediyse g\u00f6revden al\u0131r\u0131m&#8217;<\/p>\n<p style=\"text-align: justify;\">&#8216;6 bakan istifas\u0131n\u0131 verdi&#8217; haberine sert tepki g\u00f6steren Ba\u015fbakan, &#8216;Kabinedeki konu\u015fmay\u0131 aktaran bakan\u0131 kap\u0131 d\u0131\u015far\u0131 ederim&#8217; dedi. Erdo\u011fan, kabinede bir revizyon d\u00fc\u015f\u00fcnd\u00fc\u011f\u00fcn\u00fc de a\u00e7\u0131klad\u0131<\/p>\n<p style=\"text-align: justify;\">Ba\u015fbakan Erdo\u011fan, G20 Liderler Zirvesi&#8217;ne kat\u0131lmak i\u00e7in \u0130ngiltere&#8217;ye hareketinden \u00f6nce Esenbo\u011fa Havaliman\u0131&#8217;nda d\u00fczenledi\u011fi bas\u0131n <\/p>\n","protected":false},"author":1,"featured_media":0,"comment_status":"open","ping_status":"closed","sticky":false,"template":"","format":"standard","meta":{"footnotes":""},"categories":[105],"tags":[],"class_list":["post-7332","post","type-post","status-publish","format-standard","hentry","category-gundem","odd"],"_links":{"self":[{"href":"http:\/\/www.korhanyilmaz.com\/index.php?rest_route=\/wp\/v2\/posts\/7332","targetHints":{"allow":["GET"]}}],"collection":[{"href":"http:\/\/www.korhanyilmaz.com\/index.php?rest_route=\/wp\/v2\/posts"}],"about":[{"href":"http:\/\/www.korhanyilmaz.com\/index.php?rest_route=\/wp\/v2\/types\/post"}],"author":[{"embeddable":true,"href":"http:\/\/www.korhanyilmaz.com\/index.php?rest_route=\/wp\/v2\/users\/1"}],"replies":[{"embeddable":true,"href":"http:\/\/www.korhanyilmaz.com\/index.php?rest_route=%2Fwp%2Fv2%2Fcomments&post=7332"}],"version-history":[{"count":0,"href":"http:\/\/www.korhanyilmaz.com\/index.php?rest_route=\/wp\/v2\/posts\/7332\/revisions"}],"wp:attachment":[{"href":"http:\/\/www.korhanyilmaz.com\/index.php?rest_route=%2Fwp%2Fv2%2Fmedia&parent=7332"}],"wp:term":[{"taxonomy":"category","embeddable":true,"href":"http:\/\/www.korhanyilmaz.com\/index.php?rest_route=%2Fwp%2Fv2%2Fcategories&post=7332"},{"taxonomy":"post_tag","embeddable":true,"href":"http:\/\/www.korhanyilmaz.com\/index.php?rest_route=%2Fwp%2Fv2%2Ftags&post=7332"}],"curies":[{"name":"wp","href":"https:\/\/api.w.org\/{rel}","templated":true}]}}