{"id":7314,"date":"2009-04-01T16:53:17","date_gmt":"2009-04-01T13:53:17","guid":{"rendered":"http:\/\/www.korhanyilmaz.com\/?p=7314"},"modified":"2009-04-01T16:53:17","modified_gmt":"2009-04-01T13:53:17","slug":"londra%e2%80%99da-%e2%80%98mali-aptallar-gunu%e2%80%99-protestolari","status":"publish","type":"post","link":"http:\/\/www.korhanyilmaz.com\/?p=7314","title":{"rendered":"Londra\u2019da \u2018Mali aptallar g\u00fcn\u00fc\u2019 protestolar\u0131"},"content":{"rendered":"<p style=\"text-align: center;\"><a href=\"http:\/\/www.korhanyilmaz.com\/wp-content\/uploads\/2009\/04\/fft28_mf147840.jpeg\"  class=\"lightview\"><img loading=\"lazy\" decoding=\"async\" class=\"aligncenter size-full wp-image-7315\" title=\"Londra\u2019da \u2018Mali aptallar g\u00fcn\u00fc\u2019 protestolar\u0131\" src=\"http:\/\/www.korhanyilmaz.com\/wp-content\/uploads\/2009\/04\/fft28_mf147840.jpeg\" alt=\"Londra\u2019da \u2018Mali aptallar g\u00fcn\u00fc\u2019 protestolar\u0131\" width=\"321\" height=\"214\" \/><\/a><\/p>\n<p style=\"text-align: center;\">\n<p style=\"text-align: justify;\">Londra bu ak\u015fam \u0130ngiltere Krali\u00e7esi \u0130kinci Elizabeth&#8217;in verece\u011fi resepsiyonla ba\u015flayacak G-20 zirvesine haz\u0131rlan\u0131yor. T\u00fcrkiye&#8217;den Ba\u015fbakan Recep Tayyip Erdo\u011fan&#8217;\u0131n kat\u0131laca\u011f\u0131 zirve i\u00e7in, ola\u011fan\u00fcst\u00fc g\u00fcvenlik \u00f6nlemleri al\u0131nd\u0131. Zirve nedeniyle \u00fclkede binlerce ki\u015finin kat\u0131ld\u0131\u011f\u0131 protesto eylemleri d\u00fczenleniyor. Protestolar\u0131n \u015fiddete d\u00f6n\u00fc\u015febilece\u011finden endi\u015fe ediliyor.<\/p>\n<p style=\"text-align: justify;\">G-20 zirvesi protestolarla ba\u015flad\u0131. Binlerce g\u00f6sterici Bank Of England \u00f6n\u00fcnde topland\u0131. G\u00f6stericiler 1 Nisan&#8217;a at\u0131fta bulunarak, &#8220;mali aptallar g\u00fcn\u00fc&#8221; pankart\u0131 a\u00e7t\u0131. G\u00fcvenlik g\u00fc\u00e7leri yo\u011fun \u00f6nlem ald\u0131. Ancak g\u00f6stericiler barikatlar\u0131 zorluyor. Kalabal\u0131ktan paray\u0131 yok edin sesleri y\u00fckseliyor. <!--more--><\/p>\n<p style=\"text-align: justify;\">G\u00f6sterilerde \u015fu ana kadar alt\u0131 ki\u015fi tutukland\u0131. G\u00f6steriler g\u00fcn boyu devam edecek<\/p>\n<p style=\"text-align: justify;\">Liderler ekonomik krize \u00e7are arayacak \u0130ngiltere&#8217;de h\u00fck\u00fcmetin, haz\u0131rl\u0131klar\u0131n\u0131 &#8220;son 50 y\u0131l\u0131n en \u00f6nemli zirvesi&#8221; oldu\u011funu belirterek yapt\u0131\u011f\u0131 G20 zirvesi i\u00e7in liderler Londra&#8217;ya gelmeye ba\u015flad\u0131.<\/p>\n<p style=\"text-align: justify;\">Resmi olarak bu ak\u015fam verilecek resepsiyon ve ak\u015fam yeme\u011fiyle ba\u015flayacak zirvede yar\u0131n yap\u0131lacak toplant\u0131da G20 \u00fclkelerinin liderleri, 1930 y\u0131l\u0131ndan bu yana d\u00fcnyan\u0131n kar\u015f\u0131 kar\u015f\u0131ya kald\u0131\u011f\u0131 en b\u00fcy\u00fck ekonomik kriz i\u00e7in ortak bir \u00e7are aray\u0131\u015f\u0131na girecek.<\/p>\n<p style=\"text-align: justify;\">Ba\u015fkent Londra&#8217;da &#8220;\u015fimdiye dek g\u00f6r\u00fclmemi\u015f protestolar\u0131n sergilenmesinin beklendi\u011fini&#8221; a\u00e7\u0131klayan \u0130ngiliz polisi, liderlerin, \u00f6zellikle de ABD Ba\u015fkan\u0131 Barack Obama&#8217;n\u0131n d\u00fcn Londra&#8217;ya gelmesinden bu yana g\u00fcvenlik \u00f6nlemlerini \u00e7ok y\u00fcksek seviyede art\u0131rd\u0131.<\/p>\n<p style=\"text-align: justify;\">Londra&#8217;n\u0131n merkezinde polisin varl\u0131\u011f\u0131 g\u00f6zle g\u00f6r\u00fcl\u00fcr bi\u00e7imde hissedilirken, hemen hemen her sokak ba\u015f\u0131nda devriye ara\u00e7lar\u0131n\u0131n bekledi\u011fi g\u00f6ze \u00e7arp\u0131yor.<\/p>\n<p style=\"text-align: justify;\">Bu arada ABD&#8217;nin gerek Mayfair b\u00f6lgesindeki b\u00fcy\u00fckel\u00e7ilik binas\u0131 gerekse Regent Park b\u00f6lgesindeki ikametgahlar\u0131nda da g\u00fcvenlik \u00f6nlemleri ola\u011fan\u00fcst\u00fc seviyeye ula\u015ft\u0131.<\/p>\n<p style=\"text-align: justify;\"><a href=\"http:\/\/www.korhanyilmaz.com\/wp-content\/uploads\/2009\/04\/fft5_mf147836.jpeg\"  class=\"lightview\"><img loading=\"lazy\" decoding=\"async\" class=\"aligncenter size-full wp-image-7316\" src=\"http:\/\/www.korhanyilmaz.com\/wp-content\/uploads\/2009\/04\/fft5_mf147836.jpeg\" alt=\"\" width=\"240\" height=\"360\" \/><\/a><br \/>\n<span style=\"color: #000000;\"><em><strong>Finans merkezi abluka alt\u0131nda <\/strong><\/em><\/span><\/p>\n<p style=\"text-align: justify;\">Polis, Ba\u015fkan Obama ve e\u015finin kalaca\u011f\u0131 ABD B\u00fcy\u00fckel\u00e7isi&#8217;nin ikametgah\u0131na giden yolu t\u00fcm\u00fcyle trafi\u011fe kapatt\u0131 ve yolda b\u00fcy\u00fck barikatlar kurdu.<\/p>\n<p style=\"text-align: justify;\">Londra&#8217;da finans d\u00fcnyas\u0131n\u0131n kalbi olarak nitelenen City b\u00f6lgesinde de ola\u011fan\u00fcst\u00fc g\u00fcvenlik \u00f6nlemleri g\u00f6ze \u00e7arp\u0131yor.<\/p>\n<p style=\"text-align: justify;\">Bu arada polis, b\u00f6lgede \u00e7al\u0131\u015fan zengin bankac\u0131lara protestolar\u0131n hedefi olmamak i\u00e7in \u00e7ok g\u00f6steri\u015fli giyinmemeleri, g\u00f6steri\u015fli otomobilleriyle i\u015fe gelmemeleri, b\u00fcroya girdikten sonra g\u00fcn boyunca mecbur kalmad\u0131k\u00e7a d\u0131\u015far\u0131 \u00e7\u0131kmamalar\u0131 gibi tavsiyelerde bulundu.<\/p>\n<p style=\"text-align: justify;\">ABD Ba\u015fkan\u0131 Obama da Londra&#8217;ya, ilk Avrupa turu \u00e7er\u00e7evesinde geldi.<\/p>\n<p style=\"text-align: justify;\">Obama&#8217;n\u0131n ziyaretine, \u0130ngiliz h\u00fck\u00fcmetinin yapt\u0131\u011f\u0131 tan\u0131t\u0131m\u0131n da etkisiyle k\u00fcresel ekonomik krizin sona ermesine yol a\u00e7acak anla\u015fman\u0131n yap\u0131laca\u011f\u0131 tarihi ziyaret anlam\u0131 y\u00fcklenirken, \u0130ngiliz bas\u0131n\u0131 bug\u00fcn &#8220;beklentilerin bo\u015fa \u00e7\u0131kabilece\u011fi&#8221; uyar\u0131lar\u0131na yer verdi.<\/p>\n<p style=\"text-align: justify;\">Bas\u0131n, G20 zirvesinden spesifik bir mali te\u015fvik plan\u0131 \u00e7\u0131kmamas\u0131 olas\u0131l\u0131\u011f\u0131n\u0131n giderek artt\u0131\u011f\u0131n\u0131, buna da Avrupa \u00fclkeleriyle ABD-\u0130ngiltere ittifak\u0131 aras\u0131nda ortaya \u00e7\u0131kan kavgan\u0131n yol a\u00e7t\u0131\u011f\u0131n\u0131 yazd\u0131.<\/p>\n<p style=\"text-align: justify;\">Yar\u0131n sabah Excel adl\u0131 fuar merkezinden d\u00f6n\u00fc\u015ft\u00fcr\u00fclen kongre merkezinde yap\u0131lacak G20 liderler toplant\u0131s\u0131na, aralar\u0131nda Ba\u015fbakan Recep Tayyip Erdo\u011fan&#8217;\u0131n da bulundu\u011fu, ABD, Arjantin, Avustralya, Brezilya, Kanada, \u00c7in, Fransa, Almanya, Hindistan, Endonezya, \u0130talya, Japonya, Meksika, Rusya, Suudi Arabistan, G\u00fcney Afrika, G\u00fcney Kore ve \u0130ngiltere&#8217;nin devlet ve h\u00fck\u00fcmet ba\u015fkanlar\u0131yla AB temsilcisi kat\u0131lacak.<\/p>\n<p style=\"text-align: justify;\">Resmi olarak bu ak\u015fam Krali\u00e7e II. Elizabeth&#8217;in verece\u011fi resepsiyon ve Ba\u015fbakan Gordon Brown&#8217;\u0131n d\u00fczenleyece\u011fi ak\u015fam yeme\u011fiyle ba\u015flayacak zirve, yar\u0131n ak\u015fam saatlerinde, Brown&#8217;\u0131n yapaca\u011f\u0131 bas\u0131n toplant\u0131s\u0131 ve yay\u0131mlanacak sonu\u00e7 bildirgesiyle \u00e7al\u0131\u015fmalar\u0131n\u0131 tamamlayacak.<\/p>\n<p style=\"text-align: justify;\">G\u00fcvenlik \u00f6nlemleri i\u00e7in 10 milyon sterlin harcand\u0131<\/p>\n<p style=\"text-align: justify;\">Bug\u00fcn g\u00fcn boyunca \u00fclkeler aras\u0131ndaki temaslar\u0131n s\u00fcrmesi ve sonu\u00e7 bildirgesine kendi g\u00f6r\u00fc\u015flerini a\u011f\u0131rl\u0131kl\u0131 olarak yans\u0131tmak isteyen \u00fclkelerin, g\u00f6r\u00fc\u015flerini payla\u015fan \u00fclkelerle kulis faaliyetlerini h\u0131zland\u0131rmas\u0131 \u00f6ng\u00f6r\u00fcl\u00fcyor.<\/p>\n<p style=\"text-align: justify;\">Bu arada 6 ayr\u0131 emniyet m\u00fcd\u00fcrl\u00fc\u011f\u00fcnde b\u00fct\u00fcn izinlerin kald\u0131r\u0131lmas\u0131na neden olan ve 7.5 ile 10 milyon sterlin aras\u0131nda bir g\u00fcvenlik maliyeti bulunan zirve \u00f6ncesinde bug\u00fcn protestolar\u0131n da artmas\u0131 bekleniyor.<\/p>\n<p style=\"text-align: justify;\">Protestocular\u0131n bug\u00fcnk\u00fc hedefleri aras\u0131nda, \u0130ngiltere Merkez Bankas\u0131 binas\u0131n\u0131n bulundu\u011fu City b\u00f6lgesiyle ABD B\u00fcy\u00fckel\u00e7ili\u011fi&#8217;nin bulundu\u011fu ifade ediliyor.<\/p>\n<p style=\"text-align: justify;\">Finans krizini protesto edenlere \u00e7e\u015fitli muhalif gruplar destek verecek.<\/p>\n<p style=\"text-align: justify;\">\u00c7evreciler, finans b\u00f6lgesinde 24 saatli\u011fine \u00e7ad\u0131r kent kuracak.<\/p>\n<p style=\"text-align: justify;\">Sava\u015f kar\u015f\u0131tlar\u0131n\u0131n Amerikan b\u00fcy\u00fckel\u00e7ili\u011fi \u00f6n\u00fcnde, Tibet&#8217;in ba\u011f\u0131ms\u0131zl\u0131\u011f\u0131n\u0131 savunanlar\u0131n \u00c7in heyetinin kald\u0131\u011f\u0131 otelin yak\u0131nlar\u0131nda eylem yapmas\u0131 bekleniyor.<\/p>\n<p style=\"text-align: justify;\"><span style=\"color: #888888;\">Kaynak : Radikal<\/span><\/p>\n<p style=\"text-align: justify;\">\n","protected":false},"excerpt":{"rendered":"<p style=\"text-align: center;\">\n<p style=\"text-align: center;\">\n<p style=\"text-align: justify;\">Londra bu ak\u015fam \u0130ngiltere Krali\u00e7esi \u0130kinci Elizabeth&#8217;in verece\u011fi resepsiyonla ba\u015flayacak G-20 zirvesine haz\u0131rlan\u0131yor. T\u00fcrkiye&#8217;den Ba\u015fbakan Recep Tayyip Erdo\u011fan&#8217;\u0131n kat\u0131laca\u011f\u0131 zirve i\u00e7in, ola\u011fan\u00fcst\u00fc g\u00fcvenlik \u00f6nlemleri al\u0131nd\u0131. Zirve nedeniyle \u00fclkede binlerce ki\u015finin kat\u0131ld\u0131\u011f\u0131 protesto eylemleri d\u00fczenleniyor. Protestolar\u0131n \u015fiddete d\u00f6n\u00fc\u015febilece\u011finden endi\u015fe ediliyor.<\/p>\n<p style=\"text-align: justify;\">G-20 zirvesi protestolarla ba\u015flad\u0131. Binlerce g\u00f6sterici <\/p>\n","protected":false},"author":1,"featured_media":0,"comment_status":"open","ping_status":"closed","sticky":false,"template":"","format":"standard","meta":{"footnotes":""},"categories":[3],"tags":[],"class_list":["post-7314","post","type-post","status-publish","format-standard","hentry","category-dunya","odd"],"_links":{"self":[{"href":"http:\/\/www.korhanyilmaz.com\/index.php?rest_route=\/wp\/v2\/posts\/7314","targetHints":{"allow":["GET"]}}],"collection":[{"href":"http:\/\/www.korhanyilmaz.com\/index.php?rest_route=\/wp\/v2\/posts"}],"about":[{"href":"http:\/\/www.korhanyilmaz.com\/index.php?rest_route=\/wp\/v2\/types\/post"}],"author":[{"embeddable":true,"href":"http:\/\/www.korhanyilmaz.com\/index.php?rest_route=\/wp\/v2\/users\/1"}],"replies":[{"embeddable":true,"href":"http:\/\/www.korhanyilmaz.com\/index.php?rest_route=%2Fwp%2Fv2%2Fcomments&post=7314"}],"version-history":[{"count":0,"href":"http:\/\/www.korhanyilmaz.com\/index.php?rest_route=\/wp\/v2\/posts\/7314\/revisions"}],"wp:attachment":[{"href":"http:\/\/www.korhanyilmaz.com\/index.php?rest_route=%2Fwp%2Fv2%2Fmedia&parent=7314"}],"wp:term":[{"taxonomy":"category","embeddable":true,"href":"http:\/\/www.korhanyilmaz.com\/index.php?rest_route=%2Fwp%2Fv2%2Fcategories&post=7314"},{"taxonomy":"post_tag","embeddable":true,"href":"http:\/\/www.korhanyilmaz.com\/index.php?rest_route=%2Fwp%2Fv2%2Ftags&post=7314"}],"curies":[{"name":"wp","href":"https:\/\/api.w.org\/{rel}","templated":true}]}}