{"id":7310,"date":"2009-04-01T15:15:28","date_gmt":"2009-04-01T12:15:28","guid":{"rendered":"http:\/\/www.korhanyilmaz.com\/?p=7310"},"modified":"2009-04-01T15:15:28","modified_gmt":"2009-04-01T12:15:28","slug":"baskanin-gidisine-develi-kutlama","status":"publish","type":"post","link":"http:\/\/www.korhanyilmaz.com\/?p=7310","title":{"rendered":"Ba\u015fkan\u0131n gidi\u015fine &#039;deve&#039;li kutlama"},"content":{"rendered":"<p style=\"text-align: center;\"><img loading=\"lazy\" decoding=\"async\" class=\"aligncenter size-full wp-image-7311\" title=\"Eski Belediye Ba\u015fkan\u0131 AKP'li Hasan Balaman\" src=\"http:\/\/www.korhanyilmaz.com\/wp-content\/uploads\/2009\/04\/63288.jpg\" alt=\"Eski Belediye Ba\u015fkan\u0131 AKP'li Hasan Balaman\" width=\"300\" height=\"232\" \/><\/p>\n<p style=\"text-align: justify;\"><strong>AKP&#8217;li Ba\u015fkan\u0131&#8217;n\u0131n se\u00e7imi kaybetmesini kutlad\u0131lar<\/strong>.<\/p>\n<p style=\"text-align: justify;\">ISPARTA&#8217;da bir grup i\u015fadam\u0131, eski Belediye Ba\u015fkan\u0131 AKP&#8217;li Hasan Balaman&#8217;\u0131n se\u00e7imi kaybetmesini deve keserek kutlad\u0131. 6 bin TL&#8217;ye sat\u0131n al\u0131nan ve kesilmeden \u00f6nce \u015fehir turu att\u0131r\u0131lan deve, Isparta Belediyesi Et Entegre Tesisi&#8217;nde 7 kasap taraf\u0131ndan kesildikten sonra, eti bir et galerisinde halka \u00fccretsiz da\u011f\u0131t\u0131ld\u0131.<\/p>\n<p style=\"text-align: justify;\">Isparta&#8217;da se\u00e7im kaybeden AKP&#8217;li Hasan Balaman&#8217;dan bask\u0131 ve zul\u00fcm g\u00f6rd\u00fcklerini iddia eden bir grup esnaf 2 g\u00fcnd\u00fcr helva da\u011f\u0131t\u0131rken, bug\u00fcn de adlar\u0131n\u0131n a\u00e7\u0131klanmas\u0131n\u0131 istemeyen bir grup i\u015fadam\u0131 6 bin TL&#8217;ye deve sat\u0131n al\u0131p Isparta Belediyesi Et Entegre Tesisi&#8217;nde kestirdi.<!--more--><\/p>\n<p style=\"text-align: justify;\">Antalya&#8217;dan getirilen deveye \u00f6nce arkas\u0131 a\u00e7\u0131k kamyonetle Isparta mahallelerinde ve \u00e7ar\u015f\u0131 merkezinde \u015fehir turu att\u0131r\u0131ld\u0131. \u00c7evredekilerin \u015fa\u015fk\u0131n bak\u0131\u015flar\u0131 aras\u0131nda dola\u015ft\u0131r\u0131lan deve, daha sonra Isparta Belediye Ba\u015fkanl\u0131\u011f\u0131 binas\u0131 \u00f6n\u00fcne getirildi. Burada bir\u00e7ok vatanda\u015f deveyi cep telefonlar\u0131yla g\u00f6r\u00fcnt\u00fclerken, kimisi de deveyle birlikte hat\u0131ra foto\u011fraf\u0131 \u00e7ektirdi. Daha sonra deve Yaz\u0131s\u00f6\u011f\u00fct K\u00f6y\u00fc&#8217;ndeki et entegre tesisine getirildi.<\/p>\n<p style=\"text-align: justify;\"><strong>KAPIDAN SI\u011eMADI <\/strong><\/p>\n<p style=\"text-align: justify;\">\u0130\u015fadamlar\u0131n\u0131n sat\u0131n ald\u0131\u011f\u0131 deve 2 giri\u015f kap\u0131s\u0131 bulunan et entegre tesisine g\u00fc\u00e7l\u00fckle sokuldu. \u0130lk kap\u0131dan t\u00fcm u\u011fra\u015flara ra\u011fmen s\u0131\u011fmayan deve, daha sonra ikinci kap\u0131dan i\u00e7eri al\u0131nd\u0131. Kasaplar \u00f6nce deveyi halatlarla ayaklar\u0131ndan ba\u011flad\u0131. \u00dczerlerinde Isparta Belediyesi Veteriner \u0130\u015fleri M\u00fcd\u00fcrl\u00fc\u011f\u00fc yaz\u0131l\u0131 \u00f6nl\u00fckleri bulunan kasaplar, ayn\u0131 anda b\u0131\u00e7aklar\u0131n\u0131 s\u00fcr\u00fcp deveyi kesti.<\/p>\n<p style=\"text-align: justify;\"><strong>\u00dcCRETS\u0130Z DA\u011eITILDI<\/strong><\/p>\n<p style=\"text-align: justify;\">Ad\u0131n\u0131 a\u00e7\u0131klamayan i\u015fadam\u0131, &#8220;Hasan Balaman d\u00f6neminde \u00e7ok bask\u0131 g\u00f6rd\u00fck. \u0130\u015fadamlar\u0131na belediye i\u00e7in zorla ba\u011f\u0131\u015f yapt\u0131rd\u0131. Kendisinden yana olmad\u0131\u011f\u0131m\u0131z i\u00e7in i\u015fyerlerimizin \u00f6n\u00fcn\u00fc kazd\u0131. Ufak tefek \u015feyleri bahane edip cezalar kesti. &#8216;Balaman se\u00e7ilmesin deve kesece\u011fiz&#8217; demi\u015ftik. Se\u00e7ilmedi, se\u00e7ilmeyi\u015fini deve keserek kutluyoruz&#8221; dedi. Kesilen devenin eti, Saray Et Galerisi&#8217;nde halka \u00fccretsiz da\u011f\u0131t\u0131ld\u0131.<\/p>\n<p style=\"text-align: justify;\"><span style=\"color: #888888;\">DHA<\/span><\/p>\n","protected":false},"excerpt":{"rendered":"<p style=\"text-align: center;\">\n<p style=\"text-align: justify;\">AKP&#8217;li Ba\u015fkan\u0131&#8217;n\u0131n se\u00e7imi kaybetmesini kutlad\u0131lar.<\/p>\n<p style=\"text-align: justify;\">ISPARTA&#8217;da bir grup i\u015fadam\u0131, eski Belediye Ba\u015fkan\u0131 AKP&#8217;li Hasan Balaman&#8217;\u0131n se\u00e7imi kaybetmesini deve keserek kutlad\u0131. 6 bin TL&#8217;ye sat\u0131n al\u0131nan ve kesilmeden \u00f6nce \u015fehir turu att\u0131r\u0131lan deve, Isparta Belediyesi Et Entegre Tesisi&#8217;nde 7 kasap taraf\u0131ndan kesildikten sonra, eti bir et galerisinde halka \u00fccretsiz <\/p>\n","protected":false},"author":1,"featured_media":0,"comment_status":"open","ping_status":"closed","sticky":false,"template":"","format":"standard","meta":{"footnotes":""},"categories":[105],"tags":[],"class_list":["post-7310","post","type-post","status-publish","format-standard","hentry","category-gundem","odd"],"_links":{"self":[{"href":"http:\/\/www.korhanyilmaz.com\/index.php?rest_route=\/wp\/v2\/posts\/7310","targetHints":{"allow":["GET"]}}],"collection":[{"href":"http:\/\/www.korhanyilmaz.com\/index.php?rest_route=\/wp\/v2\/posts"}],"about":[{"href":"http:\/\/www.korhanyilmaz.com\/index.php?rest_route=\/wp\/v2\/types\/post"}],"author":[{"embeddable":true,"href":"http:\/\/www.korhanyilmaz.com\/index.php?rest_route=\/wp\/v2\/users\/1"}],"replies":[{"embeddable":true,"href":"http:\/\/www.korhanyilmaz.com\/index.php?rest_route=%2Fwp%2Fv2%2Fcomments&post=7310"}],"version-history":[{"count":0,"href":"http:\/\/www.korhanyilmaz.com\/index.php?rest_route=\/wp\/v2\/posts\/7310\/revisions"}],"wp:attachment":[{"href":"http:\/\/www.korhanyilmaz.com\/index.php?rest_route=%2Fwp%2Fv2%2Fmedia&parent=7310"}],"wp:term":[{"taxonomy":"category","embeddable":true,"href":"http:\/\/www.korhanyilmaz.com\/index.php?rest_route=%2Fwp%2Fv2%2Fcategories&post=7310"},{"taxonomy":"post_tag","embeddable":true,"href":"http:\/\/www.korhanyilmaz.com\/index.php?rest_route=%2Fwp%2Fv2%2Ftags&post=7310"}],"curies":[{"name":"wp","href":"https:\/\/api.w.org\/{rel}","templated":true}]}}