{"id":7292,"date":"2009-04-01T10:05:50","date_gmt":"2009-04-01T07:05:50","guid":{"rendered":"http:\/\/www.korhanyilmaz.com\/?p=7292"},"modified":"2009-04-01T10:05:50","modified_gmt":"2009-04-01T07:05:50","slug":"dtp-igdiri-da-aldi-ermenistan-sinirina-dayandi","status":"publish","type":"post","link":"http:\/\/www.korhanyilmaz.com\/?p=7292","title":{"rendered":"DTP I\u011fd\u0131r&#039;\u0131 da ald\u0131 Ermenistan s\u0131n\u0131r\u0131na dayand\u0131"},"content":{"rendered":"<p><img loading=\"lazy\" decoding=\"async\" class=\"aligncenter size-full wp-image-7293\" title=\"DTP I\u011fd\u0131r'\u0131 da ald\u0131 Ermenistan s\u0131n\u0131r\u0131na dayand\u0131\" src=\"http:\/\/www.korhanyilmaz.com\/wp-content\/uploads\/2009\/04\/010420091720039778776_3.jpg\" alt=\"DTP I\u011fd\u0131r'\u0131 da ald\u0131 Ermenistan s\u0131n\u0131r\u0131na dayand\u0131\" width=\"315\" height=\"100\" \/><\/p>\n<p style=\"text-align: justify;\">DTP&#8217;li milletvekilleri, Ba\u015fbakan Yard\u0131mc\u0131s\u0131 Cemil \u00c7i\u00e7ek&#8217;in, H\u00fcrriyet Ankara Temsilcisi Enis Berbero\u011flu&#8217;na yapt\u0131\u011f\u0131, DTP i\u00e7in &#8220;I\u011fd\u0131r&#8217;\u0131 da ald\u0131lar, yani Ermenistan s\u0131n\u0131r\u0131na dayand\u0131lar. Tamam, Ankara&#8217;y\u0131 ald\u0131k diye sevinebiliriz. CHP de \u0130zmir&#8217;i ald\u0131k diye \u00f6v\u00fcnebilir. Ama bu kutlaman\u0131n T\u00fcrkiye&#8217;nin g\u00fcvenlik a\u00e7\u0131s\u0131ndan sorunlu b\u00f6lgesine yard\u0131m\u0131 olmaz. Oraya ayr\u0131ca dikkatle bir bakmak gerekir&#8221; a\u00e7\u0131klamas\u0131na sert tepki g\u00f6sterdi<\/p>\n<p style=\"text-align: justify;\">DTP&#8217;li milletvekilleri, &#8220;Akl\u0131nca b\u00fcy\u00fck Ermenistan, B\u00fcy\u00fck K\u00fcrdistan hat\u0131rlatmas\u0131 yap\u0131yor. DTP&#8217;yi yeterince karalamaya \u00e7al\u0131\u015ft\u0131n\u0131z, \u00f6z\u00fcr dileyiniz&#8221; ifadesini kulland\u0131.<!--more--><\/p>\n<p style=\"text-align: justify;\">DTP Grup Ba\u015fkanvekili Selahattin Demirta\u015f, &#8220;\u00c7i\u00e7ek se\u00e7im ba\u015far\u0131s\u0131zl\u0131\u011f\u0131n\u0131 \u00f6rtmek i\u00e7in dikkatleri da\u011f\u0131tmaya \u00e7al\u0131\u015f\u0131yor. Bu ba\u015far\u0131s\u0131zl\u0131\u011f\u0131n b\u00fct\u00fcn partilere ve devlete maledilmesi gayreti i\u00e7erisindedir. M\u0131zrak \u00e7uvala s\u0131\u011fm\u0131yor art\u0131k. AKP&#8217;nin iki y\u00fczl\u00fc politikas\u0131 ortaya \u00e7\u0131kt\u0131\u011f\u0131 i\u00e7in K\u00fcrtlerden deste\u011fini kaybetmi\u015ftir&#8221; dedi.<\/p>\n<p style=\"text-align: justify;\">DTP Siirt Milletvekili Osman \u00d6z\u00e7elik ise, \u00c7i\u00e7ek&#8217;in de\u011ferlendirmesinin \u00fclkeyi b\u00f6lmeye g\u00f6t\u00fcren anlay\u0131\u015fa hizmet etti\u011fini belirterek &#8220;Ba\u015fbakan da kimlik siyaseti konusunda ba\u015far\u0131s\u0131z olduklar\u0131n\u0131 nerdeyse itiraf etti. Bir arada bar\u0131\u015f i\u00e7inde eksiksiz bir demokrasi ile y\u00f6netilen bir T\u00fcrkiye&#8217;de ya\u015famak istiyoruz&#8221; diye konu\u015ftu.<\/p>\n<p style=\"text-align: justify;\"><span style=\"color: #888888;\">Kaynak : Vatan Gazetesi<\/span><\/p>\n","protected":false},"excerpt":{"rendered":"<\/p>\n<p style=\"text-align: justify;\">DTP&#8217;li milletvekilleri, Ba\u015fbakan Yard\u0131mc\u0131s\u0131 Cemil \u00c7i\u00e7ek&#8217;in, H\u00fcrriyet Ankara Temsilcisi Enis Berbero\u011flu&#8217;na yapt\u0131\u011f\u0131, DTP i\u00e7in &#8220;I\u011fd\u0131r&#8217;\u0131 da ald\u0131lar, yani Ermenistan s\u0131n\u0131r\u0131na dayand\u0131lar. Tamam, Ankara&#8217;y\u0131 ald\u0131k diye sevinebiliriz. CHP de \u0130zmir&#8217;i ald\u0131k diye \u00f6v\u00fcnebilir. Ama bu kutlaman\u0131n T\u00fcrkiye&#8217;nin g\u00fcvenlik a\u00e7\u0131s\u0131ndan sorunlu b\u00f6lgesine yard\u0131m\u0131 olmaz. Oraya ayr\u0131ca dikkatle bir bakmak gerekir&#8221; a\u00e7\u0131klamas\u0131na sert tepki g\u00f6sterdi<\/p>\n","protected":false},"author":1,"featured_media":0,"comment_status":"open","ping_status":"closed","sticky":false,"template":"","format":"standard","meta":{"footnotes":""},"categories":[105],"tags":[],"class_list":["post-7292","post","type-post","status-publish","format-standard","hentry","category-gundem","odd"],"_links":{"self":[{"href":"http:\/\/www.korhanyilmaz.com\/index.php?rest_route=\/wp\/v2\/posts\/7292","targetHints":{"allow":["GET"]}}],"collection":[{"href":"http:\/\/www.korhanyilmaz.com\/index.php?rest_route=\/wp\/v2\/posts"}],"about":[{"href":"http:\/\/www.korhanyilmaz.com\/index.php?rest_route=\/wp\/v2\/types\/post"}],"author":[{"embeddable":true,"href":"http:\/\/www.korhanyilmaz.com\/index.php?rest_route=\/wp\/v2\/users\/1"}],"replies":[{"embeddable":true,"href":"http:\/\/www.korhanyilmaz.com\/index.php?rest_route=%2Fwp%2Fv2%2Fcomments&post=7292"}],"version-history":[{"count":0,"href":"http:\/\/www.korhanyilmaz.com\/index.php?rest_route=\/wp\/v2\/posts\/7292\/revisions"}],"wp:attachment":[{"href":"http:\/\/www.korhanyilmaz.com\/index.php?rest_route=%2Fwp%2Fv2%2Fmedia&parent=7292"}],"wp:term":[{"taxonomy":"category","embeddable":true,"href":"http:\/\/www.korhanyilmaz.com\/index.php?rest_route=%2Fwp%2Fv2%2Fcategories&post=7292"},{"taxonomy":"post_tag","embeddable":true,"href":"http:\/\/www.korhanyilmaz.com\/index.php?rest_route=%2Fwp%2Fv2%2Ftags&post=7292"}],"curies":[{"name":"wp","href":"https:\/\/api.w.org\/{rel}","templated":true}]}}