{"id":7287,"date":"2009-04-01T17:18:07","date_gmt":"2009-04-01T14:18:07","guid":{"rendered":"http:\/\/www.korhanyilmaz.com\/?p=7287"},"modified":"2009-04-01T17:18:07","modified_gmt":"2009-04-01T14:18:07","slug":"akpde-cicek-rahatsizligi","status":"publish","type":"post","link":"http:\/\/www.korhanyilmaz.com\/?p=7287","title":{"rendered":"AKP&#039;de \u00c7i\u00e7ek rahats\u0131zl\u0131\u011f\u0131"},"content":{"rendered":"<p style=\"text-align: center;\"><img loading=\"lazy\" decoding=\"async\" class=\"aligncenter size-full wp-image-7289\" title=\"AKP'de \u00c7i\u00e7ek rahats\u0131zl\u0131\u011f\u0131 \" src=\"http:\/\/www.korhanyilmaz.com\/wp-content\/uploads\/2009\/04\/0104200917164696861701.jpg\" alt=\"0104200917164696861701\" width=\"320\" height=\"100\" \/><\/p>\n<p style=\"text-align: justify;\"><strong>\u00c7i\u00e7ek&#8217;in I\u011fd\u0131r&#8217;da DTP&#8217;nin kazanmas\u0131 ile ilgili s\u00f6zlerine partisinden sert tepki<\/strong>.<\/p>\n<p style=\"text-align: justify;\">Devlet Bakan\u0131 ve Ba\u015fbakan Yard\u0131mc\u0131s\u0131 Cemil \u00c7i\u00e7ek&#8217;in I\u011fd\u0131r&#8217;da DTP&#8217;nin kazanmas\u0131 \u00fczerine yapt\u0131\u011f\u0131 a\u00e7\u0131klamaya partisinden sert tepki geldi.<\/p>\n<p style=\"text-align: justify;\">AKP Grup Ba\u015fkanvekili Nihat Erg\u00fcn, Meclis&#8217;te gazetecilerin konuya ili\u015fkin sorular\u0131n\u0131 yan\u0131tlarken, \u00c7i\u00e7ek&#8217;i, vatanda\u015f\u0131 rencide edici a\u00e7\u0131klamalar yapmakla ele\u015ftirerek, d\u00fczeltme yapmas\u0131n\u0131 istedi. Erg\u00fcn, \u015f\u00f6yle dedi:<!--more--><\/p>\n<p style=\"text-align: justify;\">&#8220;Oy veren vatanda\u015flar\u0131 rencide edici beyanlara gerek yok, bunlar haks\u0131z ve yanl\u0131\u015f \u015feyler. Se\u00e7men bu se\u00e7imlerde genel politikalara de\u011fil yerel siyasi akt\u00f6rlere bakarak oy verdi. Se\u00e7men &#8216;niye bunlara oy verdi&#8217; diye d\u00fc\u015f\u00fcnmemeliyiz. &#8216;niye biz se\u00e7menden oy alamad\u0131k&#8217; diye d\u00fc\u015f\u00fcnmek gerekir. DTP&#8217;ye oy veren vatanda\u015flar\u0131m\u0131z\u0131n hi\u00e7biri Cemil Bey&#8217;in s\u00f6yledi\u011fi saiklerle oy vermedi. Say\u0131n bakan\u0131n \u00e7\u0131k\u0131\u015f\u0131 ki\u015fiseldir. Ki\u015fisel \u00e7\u0131k\u0131\u015f\u0131n\u0131 ben ki\u015fisel olarak kabul etmiyorum. Ayr\u0131ca bakan\u0131n g\u00f6r\u00fc\u015f\u00fc partimizin politikalar\u0131n\u0131 yans\u0131tm\u0131yor. Partimizin yakla\u015f\u0131mlar\u0131yla ba\u011fda\u015fm\u0131yor. Do\u011fru bir beyan de\u011fil. S\u00f6zlerin tavzih etmesi, a\u00e7\u0131kl\u0131k getirmesi gerekiyor. Demokrasi millete kabahat bulan bir rejimin ad\u0131 de\u011fildir. Demokrasi milletin hatas\u0131n\u0131 ara\u015ft\u0131ran bir rejim de\u011fildir.&#8221;<\/p>\n<h4><a href=\"http:\/\/www.korhanyilmaz.com\/?p=7292\" target=\"_self\"><span style=\"color: #993300;\"><strong>\u00c7i\u00e7ek&#8217;in I\u011fd\u0131r&#8217;da DTP&#8217;nin kazanmas\u0131 ile ilgili s\u00f6zleri<\/strong><\/span><\/a><\/h4>\n<p style=\"text-align: justify;\"><span style=\"color: #888888;\">ANKA<\/span><\/p>\n<p style=\"text-align: justify;\">\n","protected":false},"excerpt":{"rendered":"<p style=\"text-align: center;\">\n<p style=\"text-align: justify;\">\u00c7i\u00e7ek&#8217;in I\u011fd\u0131r&#8217;da DTP&#8217;nin kazanmas\u0131 ile ilgili s\u00f6zlerine partisinden sert tepki.<\/p>\n<p style=\"text-align: justify;\">Devlet Bakan\u0131 ve Ba\u015fbakan Yard\u0131mc\u0131s\u0131 Cemil \u00c7i\u00e7ek&#8217;in I\u011fd\u0131r&#8217;da DTP&#8217;nin kazanmas\u0131 \u00fczerine yapt\u0131\u011f\u0131 a\u00e7\u0131klamaya partisinden sert tepki geldi.<\/p>\n<p style=\"text-align: justify;\">AKP Grup Ba\u015fkanvekili Nihat Erg\u00fcn, Meclis&#8217;te gazetecilerin konuya ili\u015fkin sorular\u0131n\u0131 yan\u0131tlarken, \u00c7i\u00e7ek&#8217;i, vatanda\u015f\u0131 rencide edici a\u00e7\u0131klamalar yapmakla ele\u015ftirerek, d\u00fczeltme <\/p>\n","protected":false},"author":1,"featured_media":0,"comment_status":"open","ping_status":"closed","sticky":false,"template":"","format":"standard","meta":{"footnotes":""},"categories":[105],"tags":[],"class_list":["post-7287","post","type-post","status-publish","format-standard","hentry","category-gundem","odd"],"_links":{"self":[{"href":"http:\/\/www.korhanyilmaz.com\/index.php?rest_route=\/wp\/v2\/posts\/7287","targetHints":{"allow":["GET"]}}],"collection":[{"href":"http:\/\/www.korhanyilmaz.com\/index.php?rest_route=\/wp\/v2\/posts"}],"about":[{"href":"http:\/\/www.korhanyilmaz.com\/index.php?rest_route=\/wp\/v2\/types\/post"}],"author":[{"embeddable":true,"href":"http:\/\/www.korhanyilmaz.com\/index.php?rest_route=\/wp\/v2\/users\/1"}],"replies":[{"embeddable":true,"href":"http:\/\/www.korhanyilmaz.com\/index.php?rest_route=%2Fwp%2Fv2%2Fcomments&post=7287"}],"version-history":[{"count":0,"href":"http:\/\/www.korhanyilmaz.com\/index.php?rest_route=\/wp\/v2\/posts\/7287\/revisions"}],"wp:attachment":[{"href":"http:\/\/www.korhanyilmaz.com\/index.php?rest_route=%2Fwp%2Fv2%2Fmedia&parent=7287"}],"wp:term":[{"taxonomy":"category","embeddable":true,"href":"http:\/\/www.korhanyilmaz.com\/index.php?rest_route=%2Fwp%2Fv2%2Fcategories&post=7287"},{"taxonomy":"post_tag","embeddable":true,"href":"http:\/\/www.korhanyilmaz.com\/index.php?rest_route=%2Fwp%2Fv2%2Ftags&post=7287"}],"curies":[{"name":"wp","href":"https:\/\/api.w.org\/{rel}","templated":true}]}}