{"id":7281,"date":"2009-04-01T17:49:41","date_gmt":"2009-04-01T14:49:41","guid":{"rendered":"http:\/\/www.korhanyilmaz.com\/?p=7281"},"modified":"2009-04-01T17:49:41","modified_gmt":"2009-04-01T14:49:41","slug":"akaydin-adalet-bakanina-dokundurdu","status":"publish","type":"post","link":"http:\/\/www.korhanyilmaz.com\/?p=7281","title":{"rendered":"Akayd\u0131n, Adalet Bakan\u0131&#039;na dokundurdu"},"content":{"rendered":"<p style=\"text-align: center;\"><img loading=\"lazy\" decoding=\"async\" class=\"aligncenter size-full wp-image-7282\" title=\"Akayd\u0131n, Adalet Bakan\u0131'na dokundurdu \" src=\"http:\/\/www.korhanyilmaz.com\/wp-content\/uploads\/2009\/04\/010420091757454239697.jpg\" alt=\"Akayd\u0131n, Adalet Bakan\u0131'na dokundurdu \" width=\"329\" height=\"210\" \/><\/p>\n<p style=\"text-align: justify;\"><strong>CHP&#8217;den Antalya B\u00fcy\u00fck\u015fehir Belediye Ba\u015fkan\u0131 se\u00e7ilen eski rekt\u00f6r Mustafa Akayd\u0131n, &#8220;bize oy vermeyen hizmet alamaz&#8221; \u015feklindeki s\u00f6zleriyle se\u00e7im kampanyas\u0131 y\u00fcr\u00fcten Adalet Bakan\u0131 \u015eahin&#8217;in &#8220;Antalya beni \u015fa\u015f\u0131rtt\u0131&#8221; s\u00f6zleri i\u00e7in sert konu\u015ftu: &#8220;Antalya halk\u0131, tehdit edilmeye taviz vermedi\u011fini g\u00f6sterdi. Bu ba\u015far\u0131n\u0131n elde edilmesinde Adalet Bakan\u0131&#8217;n\u0131n b\u00fcy\u00fck katk\u0131s\u0131 vard\u0131r.&#8221; <\/strong><\/p>\n<p style=\"text-align: justify;\">Antalya B\u00fcy\u00fck\u015fehir Belediye Ba\u015fkanl\u0131\u011f\u0131&#8217;na se\u00e7ilen Akdeniz \u00dcniversitesi eski Rekt\u00f6r\u00fc CHP&#8217;li Mustafa Akayd\u0131n, Antalya Adliyesi&#8217;nde, \u0130l Se\u00e7im Kurulu Ba\u015fkan\u0131 Faris \u00d6zsoy&#8217;dan mazbatas\u0131n\u0131 al\u0131rken, Adalet Bakan\u0131, Antalya milletvekili Mehmet Ali \u015eahin ile ilgili sorular\u0131 da cevaplad\u0131.<!--more--><\/p>\n<p style=\"text-align: justify;\">Akayd\u0131n, Bakan \u015eahin&#8217;in &#8220;bizim olmayan belediye hizmet yapamaz&#8221; tarz\u0131ndaki s\u00f6zlerine g\u00f6nderme yaparak, &#8220;Antalya halk\u0131, tehdit edilmeye taviz vermedi\u011fini g\u00f6sterdi&#8221; dedi.<\/p>\n<p style=\"text-align: justify;\">\u0130l Se\u00e7im Kurulu Ba\u015fkan\u0131 \u00d6zsoy ile \u00fcyelere te\u015fekk\u00fcr eden Akayd\u0131n, &#8216;Bizlere ho\u015f bir se\u00e7im ortam\u0131 sa\u011flad\u0131n\u0131z. Sizleri \u00e7ok yorduk. Partimiz, \u015fahs\u0131m ve Antalya halk\u0131 ad\u0131na sizlere \u00e7ok te\u015fekk\u00fcr ediyorum&#8217; dedi.<\/p>\n<p style=\"text-align: justify;\"><strong>&#8220;BU DA HALKIMIN ATAMA KARARNAMES\u0130&#8221;<\/strong><\/p>\n<p style=\"text-align: justify;\">\nTutana\u011f\u0131n Antalya&#8217;ya ve demokrasiye hay\u0131rl\u0131, u\u011furlu olmas\u0131n\u0131 dileyen Akayd\u0131n, hayat\u0131ndaki ilk \u00e7ok \u00f6nemli belgenin 10. cumhurba\u015fkan\u0131 Ahmet Necdet Sezer taraf\u0131ndan verilen Akdeniz \u00dcniversitesi (A\u00dc) Rekt\u00f6rl\u00fc\u011f\u00fcne atama kararnamesi oldu\u011funu belirtti.\n<\/p>\n<p style=\"text-align: justify;\">Akayd\u0131n, &#8216;Bu da Antalya B\u00fcy\u00fck\u015fehir Belediye Ba\u015fkan\u0131 olarak halk\u0131m\u0131n atama kararnamesi&#8217; diye konu\u015ftu.<\/p>\n<p style=\"text-align: justify;\">Mazbatas\u0131n\u0131 alan Antalya B\u00fcy\u00fck\u015fehir Belediye Ba\u015fkan\u0131 Mustafa Akayd\u0131n, daha sonra Antalya Barosu&#8217;nun kafeteryas\u0131nda Baro Ba\u015fkan\u0131 Zafer K\u00f6ken ve avukatlarla \u00e7ay i\u00e7ti.<\/p>\n<p style=\"text-align: justify;\">Burada gazetecilerin sorular\u0131n\u0131 yan\u0131tlayan Akayd\u0131n, b\u00fcy\u00fck\u015fehir belediyesinde yar\u0131n devir teslim t\u00f6reni yap\u0131laca\u011f\u0131n\u0131 ve CHP Genel Ba\u015fkan\u0131 Deniz Baykal&#8217;\u0131n kendisini ziyaret edece\u011fini bildirdi.<\/p>\n<p style=\"text-align: justify;\">Akayd\u0131n, bu ziyaretin kendisini \u00e7ok duyguland\u0131rd\u0131\u011f\u0131n\u0131 ve onurland\u0131rd\u0131\u011f\u0131n\u0131 kaydetti.<\/p>\n<p style=\"text-align: justify;\"><strong>&#8220;BA\u015eBAKAN&#8217;I DA, ADALET BAKANI&#8217;NI DA SIK SIK ARAYACA\u011eIM&#8221;<\/strong><\/p>\n<p style=\"text-align: justify;\">\nAdalet Bakan\u0131 Mehmet Ali \u015eahin&#8217;in &#8216;Bana g\u00f6re bu se\u00e7imlerin s\u00fcrprizlerinden biri Antalya&#8217;da ya\u015fanm\u0131\u015ft\u0131r&#8217; s\u00f6zlerinin hat\u0131rlat\u0131lmas\u0131 \u00fczerine Akayd\u0131n, &#8216;Bu sonu\u00e7 beni \u015fa\u015f\u0131rtmad\u0131, partimizi \u015fa\u015f\u0131rtmad\u0131. Bu ba\u015far\u0131n\u0131n kazan\u0131lmas\u0131nda dolayl\u0131 olarak Adalet Bakan\u0131&#8217;n\u0131n katk\u0131s\u0131 da vard\u0131r. Ona minnet bor\u00e7luyum. \u00c7\u00fcnk\u00fc Antalya halk\u0131, tehdit edilmeye taviz vermedi\u011fini g\u00f6sterdi. Adalet Bakan\u0131&#8217;na te\u015fekk\u00fcr ediyorum&#8217; dedi.\n<\/p>\n<p style=\"text-align: justify;\">Akayd\u0131n, projelerine Adalet Bakan\u0131 \u015eahin&#8217;den destek isteyip istemeyece\u011fi y\u00f6n\u00fcndeki soruyu ise &#8216;Bundan sonra s\u0131k s\u0131k arayaca\u011f\u0131m. Ba\u015fbakan&#8217;\u0131 da arayaca\u011f\u0131m, Adalet Bakan\u0131&#8217;n\u0131 da arayaca\u011f\u0131m. Kavga i\u00e7in gelmiyorum, i\u015f \u00fcretmek i\u00e7in geliyorum&#8217; diye yan\u0131tlad\u0131.<\/p>\n<p style=\"text-align: justify;\">A\u00dc&#8217;n\u00fcn rekt\u00f6r\u00fcyken de i\u015f \u00fcretti\u011fini belirten Akayd\u0131n, &#8216;Rekt\u00f6rken de Mehmet Ali \u015eahin&#8217;i arad\u0131m, kutlad\u0131m. A\u00e7\u0131k\u00e7a itiraf ediyorum, deste\u011fini de g\u00f6rd\u00fcm. Personel deste\u011fi yapm\u0131\u015ft\u0131r bana&#8217; diye konu\u015ftu.<\/p>\n<p style=\"text-align: justify;\"><strong>&#8220;\u00dcN\u0130VERS\u0130TE CAM\u0130ASINA B\u00dcY\u00dcK MORAL OLDU&#8221;<\/strong><\/p>\n<p style=\"text-align: justify;\">\nMustafa Akayd\u0131n, se\u00e7ildi\u011fi andan itibaren 9. Cumhurba\u015fkan\u0131 S\u00fcleyman Demirel dahil binlerce ki\u015finin kendisini telefonla arayarak tebrik etti\u011fini belirtti.\n<\/p>\n<p style=\"text-align: justify;\">Bazen cevap veremedi\u011fi telefonlar\u0131n \u00e7o\u011funun ge\u00e7en y\u0131l kendisiyle dik duru\u015fu, onurlu m\u00fccadeleyi sergileyen rekt\u00f6r arkada\u015flar\u0131 oldu\u011funu ifade eden Akayd\u0131n, se\u00e7ilmesinin hepsine, \u00fcniversite camias\u0131na moral oldu\u011funu kaydetti.<\/p>\n<p style=\"text-align: justify;\">Se\u00e7ilmesinin A\u00dc&#8217;de de heyecan yaratt\u0131\u011f\u0131n\u0131 bildiren Akayd\u0131n, bir soru \u00fczerine, A\u00dc Rekt\u00f6r\u00fc Prof. Dr. \u0130srafil Kurtcephe&#8217;nin kendisini aramad\u0131\u011f\u0131n\u0131 s\u00f6yledi.<\/p>\n<p style=\"text-align: justify;\"><strong>&#8220;ALTIN PORTAKAL HALKA D\u00d6NECEK&#8221;<\/strong><\/p>\n<p style=\"text-align: justify;\">\nAkayd\u0131n, Antalyaspor&#8217;la ilgili soru \u00fczerine de fanatik bir Antalyaspor taraftar\u0131 oldu\u011funu, gen\u00e7lik y\u0131llar\u0131ndan bu yana \u00e7ok say\u0131da ma\u00e7\u0131n\u0131 izledi\u011fini s\u00f6yledi.\n<\/p>\n<p style=\"text-align: justify;\">Bundan sonra da bu taraftarl\u0131\u011f\u0131n\u0131n devam edece\u011fini ve tak\u0131m\u0131n pazar g\u00fcn\u00fc Gen\u00e7lerbirli\u011fi ile yapaca\u011f\u0131 ma\u00e7a gidebilece\u011fini belirten Akayd\u0131n, &#8216;Bir b\u00fcy\u00fck\u015fehir belediye ba\u015fkan\u0131n\u0131n verebilece\u011fi her t\u00fcrl\u00fc deste\u011fi verece\u011fim&#8217; dedi.<\/p>\n<p style=\"text-align: justify;\">Alt\u0131n Portakal Film Festivali&#8217;yle ilgili sorular \u00fczerine de Akayd\u0131n, festivalin kentin k\u00fclt\u00fcrel kimli\u011fi bak\u0131m\u0131ndan \u00e7ok \u00f6nemli oldu\u011funa dikkati \u00e7ekti.<\/p>\n<p style=\"text-align: justify;\">Alt\u0131n Portakal&#8217;\u0131n Antalya&#8217;n\u0131n en \u00f6nemli k\u00fclt\u00fcr etkinli\u011fi oldu\u011funu kaydeden Akayd\u0131n, &#8216;Alt\u0131n Portakal&#8217;a tabii ki sahip \u00e7\u0131kaca\u011f\u0131m ama Alt\u0131n Portakal&#8217;\u0131n cereyan \u015fekli ilkelerime uygun de\u011fil. Alt\u0131n Portakal&#8217;\u0131n ge\u00e7mi\u015f y\u0131llarda da oldu\u011fu gibi \u00f6zellikle halkla bulu\u015fmas\u0131 benim i\u00e7in \u00e7ok \u00f6nemli. \u00c7ok para harcay\u0131p da sadece \u00e7ok k\u0131s\u0131tl\u0131 say\u0131da ki\u015finin sahiplenmesi hedeflerim aras\u0131nda de\u011fil&#8217; diye konu\u015ftu.<\/p>\n<p style=\"text-align: justify;\"><strong>&#8220;MENDERES T\u00dcREL&#8217;\u0130 BEKL\u0130YORUM&#8221;<\/strong><\/p>\n<p style=\"text-align: justify;\">\nAkayd\u0131n, &#8216;Menderes T\u00fcrel &#8216;Deneyimlerimize ve birikimlerimize ihtiya\u00e7 duyulmas\u0131 halinde Antalya&#8217;n\u0131n bir neferi olarak her zaman g\u00f6reve haz\u0131r oldu\u011fumu ifade etmek isterim&#8217; dedi. Deste\u011fine gerek duyacak m\u0131s\u0131n\u0131z?&#8217; sorusunu ise &#8216;Tabii ki gerek duyulacakt\u0131r&#8217; diye cevapland\u0131rd\u0131.\n<\/p>\n<p style=\"text-align: justify;\">Menderes T\u00fcrel&#8217;i se\u00e7im kampanyas\u0131 s\u0131ras\u0131nda se\u00e7im b\u00fcrosunda ziyaret etti\u011fini ancak onun iadeiziyaret yapaca\u011f\u0131n\u0131 belirtmesine ra\u011fmen gelmedi\u011fini ifade eden Akayd\u0131n, \u015f\u00f6yle konu\u015ftu:<\/p>\n<p style=\"text-align: justify;\">&#8216;Herhalde son g\u00fcnlerin gerginli\u011finden olsa gerek. \u00d6nce onu yar\u0131n B\u00fcy\u00fck\u015fehir Belediyesinde devir teslim t\u00f6renine bekliyorum. \u0130lk deste\u011fini oraya gelmekle vermi\u015f olacak. Antalya halk\u0131n\u0131n g\u00f6z\u00fcnde \u00e7ok olumlu bir imaj yaratacak. Ben hayatta olan b\u00fct\u00fcn ge\u00e7mi\u015f belediye ba\u015fkanlar\u0131mla kampanya boyunca defalarca bir araya geldim. Hepsinin g\u00f6r\u00fc\u015flerini ald\u0131m. Se\u00e7im program\u0131n\u0131 olu\u015ftururken beraber olduk. Bu \u00e7embere Say\u0131n T\u00fcrel de kat\u0131lmak isterse seve seve.&#8217;<\/p>\n<p style=\"text-align: justify;\">Akayd\u0131n, devir teslim t\u00f6reninden sonra Antalya B\u00fcy\u00fck\u015fehir Belediyesinin mali y\u00f6nden durum tespiti yapaca\u011f\u0131n\u0131 belirterek, \u00f6ncelikle belediye \u00e7al\u0131\u015fanlar\u0131n\u0131n alacaklar\u0131n\u0131 \u00f6deyece\u011fini s\u00f6yledi.<\/p>\n<p style=\"text-align: justify;\">Bir gazetecinin &#8216;Rayl\u0131 sistemdeki tramvay neden \u00e7al\u0131\u015fm\u0131yor?&#8217; sorusu \u00fczerine de Akayd\u0131n, &#8216;Niye \u00e7al\u0131\u015fm\u0131yor bilmiyorum. Se\u00e7im \u00f6ncesinde ite kaka da olsa \u00e7al\u0131\u015f\u0131yordu. Ben yine de \u00e7al\u0131\u015fmas\u0131n\u0131 beklerdim. Neden \u00e7al\u0131\u015fmad\u0131\u011f\u0131n\u0131 ara\u015ft\u0131raca\u011f\u0131z, ger\u00e7i \u00e7al\u0131\u015fmas\u0131nda sorunlar ya\u015fanaca\u011f\u0131na dair ciddi duyumlar\u0131m var&#8217; dedi.<\/p>\n<p style=\"text-align: justify;\">Mustafa Akayd\u0131n, rekt\u00f6rl\u00fck d\u00f6nemiyle ilgili ele\u015ftirileri ciddiye almad\u0131\u011f\u0131n\u0131 s\u00f6zlerine ekledi.<\/p>\n<p style=\"text-align: justify;\">AA<\/p>\n<p style=\"text-align: justify;\">\n","protected":false},"excerpt":{"rendered":"<p style=\"text-align: center;\">\n<p style=\"text-align: justify;\">CHP&#8217;den Antalya B\u00fcy\u00fck\u015fehir Belediye Ba\u015fkan\u0131 se\u00e7ilen eski rekt\u00f6r Mustafa Akayd\u0131n, &#8220;bize oy vermeyen hizmet alamaz&#8221; \u015feklindeki s\u00f6zleriyle se\u00e7im kampanyas\u0131 y\u00fcr\u00fcten Adalet Bakan\u0131 \u015eahin&#8217;in &#8220;Antalya beni \u015fa\u015f\u0131rtt\u0131&#8221; s\u00f6zleri i\u00e7in sert konu\u015ftu: &#8220;Antalya halk\u0131, tehdit edilmeye taviz vermedi\u011fini g\u00f6sterdi. Bu ba\u015far\u0131n\u0131n elde edilmesinde Adalet Bakan\u0131&#8217;n\u0131n b\u00fcy\u00fck katk\u0131s\u0131 vard\u0131r.&#8221; <\/p>\n<p style=\"text-align: justify;\">Antalya <\/p>\n","protected":false},"author":1,"featured_media":0,"comment_status":"open","ping_status":"closed","sticky":false,"template":"","format":"standard","meta":{"footnotes":""},"categories":[105],"tags":[],"class_list":["post-7281","post","type-post","status-publish","format-standard","hentry","category-gundem","odd"],"_links":{"self":[{"href":"http:\/\/www.korhanyilmaz.com\/index.php?rest_route=\/wp\/v2\/posts\/7281","targetHints":{"allow":["GET"]}}],"collection":[{"href":"http:\/\/www.korhanyilmaz.com\/index.php?rest_route=\/wp\/v2\/posts"}],"about":[{"href":"http:\/\/www.korhanyilmaz.com\/index.php?rest_route=\/wp\/v2\/types\/post"}],"author":[{"embeddable":true,"href":"http:\/\/www.korhanyilmaz.com\/index.php?rest_route=\/wp\/v2\/users\/1"}],"replies":[{"embeddable":true,"href":"http:\/\/www.korhanyilmaz.com\/index.php?rest_route=%2Fwp%2Fv2%2Fcomments&post=7281"}],"version-history":[{"count":0,"href":"http:\/\/www.korhanyilmaz.com\/index.php?rest_route=\/wp\/v2\/posts\/7281\/revisions"}],"wp:attachment":[{"href":"http:\/\/www.korhanyilmaz.com\/index.php?rest_route=%2Fwp%2Fv2%2Fmedia&parent=7281"}],"wp:term":[{"taxonomy":"category","embeddable":true,"href":"http:\/\/www.korhanyilmaz.com\/index.php?rest_route=%2Fwp%2Fv2%2Fcategories&post=7281"},{"taxonomy":"post_tag","embeddable":true,"href":"http:\/\/www.korhanyilmaz.com\/index.php?rest_route=%2Fwp%2Fv2%2Ftags&post=7281"}],"curies":[{"name":"wp","href":"https:\/\/api.w.org\/{rel}","templated":true}]}}