{"id":7276,"date":"2009-04-01T14:24:43","date_gmt":"2009-04-01T11:24:43","guid":{"rendered":"http:\/\/www.korhanyilmaz.com\/?p=7276"},"modified":"2009-04-01T14:24:43","modified_gmt":"2009-04-01T11:24:43","slug":"ogrencilerden-kadir-topbasa-1-nisan-sakasi","status":"publish","type":"post","link":"http:\/\/www.korhanyilmaz.com\/?p=7276","title":{"rendered":"\u00d6\u011frencilerden Kadir Topba\u015f&#039;a 1 Nisan \u015eakas\u0131"},"content":{"rendered":"<p style=\"text-align: center;\"><img loading=\"lazy\" decoding=\"async\" class=\"aligncenter size-full wp-image-7277\" title=\"\u00d6\u011frencilerden Kadir Topba\u015f'a 1 Nisan \u015eakas\u0131 \" src=\"http:\/\/www.korhanyilmaz.com\/wp-content\/uploads\/2009\/04\/fft5_mf147890.jpeg\" alt=\"\u00d6\u011frencilerden Kadir Topba\u015f'a 1 Nisan \u015eakas\u0131 \" width=\"315\" height=\"210\" \/><\/p>\n<p style=\"text-align: center;\">\n<p style=\"text-align: justify;\"><strong>\u0130stanbul Belediyesi&#8217;nin burslar\u0131 kesmesini ve Akbil&#8217;de indireme gidilmemesini protesto eden \u00f6\u011frenciler \u00e7\u0131plak ayakla eylem yapt\u0131.<\/strong><\/p>\n<p style=\"text-align: justify;\"><strong><\/strong><br \/>\n\u0130stanbul&#8217;da bir grup \u00fcniversite \u00f6\u011frencisi, belediye burslar\u0131n\u0131n kesilmesini protesto etti.<br \/>\n\u0130stanbul \u00dcniversitesi Edebiyat Fak\u00fcltesi \u00f6n\u00fcnde toplanan \u00d6\u011frenci Kolektifleri&#8221;ne \u00fcye \u00fcniversiteliler, \u0130stanbul B\u00fcy\u00fck\u015fehir Belediyesi&#8217;nin Sara\u00e7hane&#8217;deki hizmet binas\u0131na y\u00fcr\u00fcd\u00fc. <!--more--><br \/>\nBurada Taksim&#8217;den gelen grupla birle\u015fen \u00f6\u011frencilerden baz\u0131lar\u0131 ayakkab\u0131lar\u0131n\u0131 \u00e7\u0131kartarak, &#8220;Topba\u015f ka\u00e7 ka\u00e7 \u00f6\u011frenciler geliyor&#8221;, &#8220;T\u00fcccar Topba\u015f bursumuzu geri ver&#8221;, &#8220;M\u00fc\u015fteri de\u011fil \u00f6\u011frenciyiz&#8221; ve &#8220;Akbilim bo\u015f Topba\u015f&#8221; \u015feklinde sloganlar att\u0131.<br \/>\n&#8220;Kadir Topba\u015f&#8217;\u0131 tebrik ediyoruz&#8221; yaz\u0131l\u0131 b\u00fcy\u00fck pankart\u0131 yere atarak, &#8220;1 Nisaaaaaannnn yakan\u0131 b\u0131rakmayaca\u011f\u0131z Topba\u015f&#8221; yaz\u0131l\u0131 pankart\u0131 a\u00e7an \u00f6\u011frenciler ad\u0131na yap\u0131lan bas\u0131n a\u00e7\u0131klamas\u0131nda, belediye burslar\u0131 geri al\u0131n\u0131ncaya kadar m\u00fccadeleye devam edilece\u011fi belirtildi.<br \/>\nBaz\u0131 \u00f6\u011frenciler de y\u00fcr\u00fcy\u00fc\u015f \u00f6ncesinde Edebiyat Fak\u00fcltesi&#8217;nde bildiri da\u011f\u0131t\u0131rken kar\u015f\u0131t g\u00f6r\u00fc\u015fl\u00fc \u00f6\u011frencilerin sald\u0131r\u0131s\u0131na u\u011frad\u0131klar\u0131n\u0131 ve 4 arkada\u015flar\u0131n\u0131n yaraland\u0131\u011f\u0131n\u0131 \u00f6ne s\u00fcrd\u00fc.<br \/>\nA\u00e7\u0131klaman\u0131n ard\u0131ndan 2 \u00f6\u011frenci, yal\u0131n ayak belediye binas\u0131na girerek, toplanan imzalar\u0131 Kadir Topba\u015f&#8217;a vereceklerini bildirdi.\n<\/p>\n<p style=\"text-align: justify;\"><span style=\"color: #888888;\">AA<\/span><\/p>\n<p style=\"text-align: justify;\">\n","protected":false},"excerpt":{"rendered":"<p style=\"text-align: center;\">\n<p style=\"text-align: center;\">\n<p style=\"text-align: justify;\">\u0130stanbul Belediyesi&#8217;nin burslar\u0131 kesmesini ve Akbil&#8217;de indireme gidilmemesini protesto eden \u00f6\u011frenciler \u00e7\u0131plak ayakla eylem yapt\u0131.<\/p>\n<p style=\"text-align: justify;\"> \u0130stanbul&#8217;da bir grup \u00fcniversite \u00f6\u011frencisi, belediye burslar\u0131n\u0131n kesilmesini protesto etti. \u0130stanbul \u00dcniversitesi Edebiyat Fak\u00fcltesi \u00f6n\u00fcnde toplanan \u00d6\u011frenci Kolektifleri&#8221;ne \u00fcye \u00fcniversiteliler, \u0130stanbul B\u00fcy\u00fck\u015fehir Belediyesi&#8217;nin Sara\u00e7hane&#8217;deki hizmet binas\u0131na y\u00fcr\u00fcd\u00fc. <\/p>\n","protected":false},"author":1,"featured_media":0,"comment_status":"open","ping_status":"closed","sticky":false,"template":"","format":"standard","meta":{"footnotes":""},"categories":[105],"tags":[],"class_list":["post-7276","post","type-post","status-publish","format-standard","hentry","category-gundem","odd"],"_links":{"self":[{"href":"http:\/\/www.korhanyilmaz.com\/index.php?rest_route=\/wp\/v2\/posts\/7276","targetHints":{"allow":["GET"]}}],"collection":[{"href":"http:\/\/www.korhanyilmaz.com\/index.php?rest_route=\/wp\/v2\/posts"}],"about":[{"href":"http:\/\/www.korhanyilmaz.com\/index.php?rest_route=\/wp\/v2\/types\/post"}],"author":[{"embeddable":true,"href":"http:\/\/www.korhanyilmaz.com\/index.php?rest_route=\/wp\/v2\/users\/1"}],"replies":[{"embeddable":true,"href":"http:\/\/www.korhanyilmaz.com\/index.php?rest_route=%2Fwp%2Fv2%2Fcomments&post=7276"}],"version-history":[{"count":0,"href":"http:\/\/www.korhanyilmaz.com\/index.php?rest_route=\/wp\/v2\/posts\/7276\/revisions"}],"wp:attachment":[{"href":"http:\/\/www.korhanyilmaz.com\/index.php?rest_route=%2Fwp%2Fv2%2Fmedia&parent=7276"}],"wp:term":[{"taxonomy":"category","embeddable":true,"href":"http:\/\/www.korhanyilmaz.com\/index.php?rest_route=%2Fwp%2Fv2%2Fcategories&post=7276"},{"taxonomy":"post_tag","embeddable":true,"href":"http:\/\/www.korhanyilmaz.com\/index.php?rest_route=%2Fwp%2Fv2%2Ftags&post=7276"}],"curies":[{"name":"wp","href":"https:\/\/api.w.org\/{rel}","templated":true}]}}