{"id":7259,"date":"2009-04-01T11:21:40","date_gmt":"2009-04-01T08:21:40","guid":{"rendered":"http:\/\/www.korhanyilmaz.com\/?p=7259"},"modified":"2009-04-01T11:21:40","modified_gmt":"2009-04-01T08:21:40","slug":"devlet-kadini-koruyan-yasadan-bihaber","status":"publish","type":"post","link":"http:\/\/www.korhanyilmaz.com\/?p=7259","title":{"rendered":"Devlet kad\u0131n\u0131 koruyan yasadan bihaber!"},"content":{"rendered":"<p style=\"text-align: center;\"><img loading=\"lazy\" decoding=\"async\" class=\"aligncenter size-full wp-image-7260\" title=\"Devlet kad\u0131n\u0131 koruyan yasadan bihaber!\" src=\"http:\/\/www.korhanyilmaz.com\/wp-content\/uploads\/2009\/04\/fft28_mf147689.jpeg\" alt=\"Devlet kad\u0131n\u0131 koruyan yasadan bihaber!\" width=\"306\" height=\"204\" \/><\/p>\n<p style=\"text-align: center;\">\n<p style=\"text-align: justify;\"><strong>Ba\u015fbakanl\u0131k ara\u015ft\u0131rmas\u0131na g\u00f6re polislerin yan\u0131 s\u0131ra h\u00e2kim ve savc\u0131lar da kad\u0131n\u0131 aile i\u00e7i \u015fiddetten koruyan yasay\u0131 bilmiyor. Bir savc\u0131n\u0131n itiraf\u0131: Ben gelene kadar burada tedbir karar\u0131 istenmemi\u015f.<\/strong><\/p>\n<p style=\"text-align: justify;\">Ba\u015fbakanl\u0131\u011f\u0131n Ailenin Korunmas\u0131na Dair Kanun&#8217;un uygulanmas\u0131na ili\u015fkin yapt\u0131\u011f\u0131 ara\u015ft\u0131rma, kad\u0131na \u015fiddette devletin rol\u00fcn\u00fc g\u00f6zler \u00f6n\u00fcne serdi. Aile i\u00e7i \u015fiddet olaylar\u0131na polis gereken ilgiyi g\u00f6stermiyor, ma\u011fdurlar, hatta h\u00e2kim ve savc\u0131lar yasay\u0131 bilmiyor, hat\u0131r\u0131 say\u0131l\u0131r ki\u015filer n\u00fcfuzlar\u0131n\u0131 kullan\u0131yor. Ma\u011fduru korumaya y\u00f6nelik \u00f6nlemler yetersiz, b\u00fcrokrasi \u00e7ok.<br \/>\nAkdeniz hari\u00e7 alt\u0131 b\u00f6lgede h\u00e2kimler, savc\u0131lar, polisler ve ma\u011fdur kad\u0131nlarla g\u00f6r\u00fc\u015ferek aile i\u00e7i \u015fiddet haritas\u0131n\u0131 ve y\u00fcr\u00fcrl\u00fckteki Ailenin Korunmas\u0131na Dair Kanun&#8217;un aksayan y\u00f6nlerini sergiledi. <!--more--><br \/>\nKarakollar ilgisiz: Bir m\u00fcvekkilim, e\u015fi taraf\u0131ndan tecav\u00fcze u\u011frad\u0131\u011f\u0131 ve e\u015finin kendisine z\u00fchrevi hastal\u0131k bula\u015ft\u0131rd\u0131\u011f\u0131n\u0131 s\u00f6yleyerek semt karakoluna gidiyor. Karakoldan sevk m\u00fczekkeresi vermeden hastaneye g\u00f6nderiyorlar. Hastane sevk m\u00fczekkeresi istiyor. \u0130spat edemedi\u011fi i\u00e7in m\u00fcvekkilim ma\u011fdur oluyor. (Kad\u0131n avukat, Marmara)<br \/>\n\u00d6nce \u015fik\u00e2yet sonra korku: \u015eiddete maruz ki\u015filer korkudan kolay kolay \u015fik\u00e2yet etmiyorlar. Bu nedenle \u015fik\u00e2yetler, olaylar\u0131n \u00e7ok k\u00fc\u00e7\u00fck bir k\u0131sm\u0131. (Savc\u0131, Marmara) Kad\u0131n \u015fik\u00e2yet\u00e7i olsa da karakolda ya da mahkemede bak\u0131yor ki i\u015f k\u00f6t\u00fc, gelip davan\u0131n d\u00fc\u015fmesi i\u00e7in yalvar\u0131yor. (H\u00e2kim, Ege)<br \/>\nNik\u00e2h\u0131m yok, hakk\u0131m da yok: Resmi nik\u00e2h yok, yasal olarak ba\u015fvuru yapma hakk\u0131m\u0131n olmad\u0131\u011f\u0131n\u0131 d\u00fc\u015f\u00fcnerek ba\u015fvuruda bulunmad\u0131m (Kad\u0131n, Do\u011fu Anadolu)<br \/>\nGayrime\u015fru ili\u015fkiye de nafaka: Gayr\u0131me\u015fru e\u015f veya \u00e7ocuk i\u00e7in nafaka, tazminat, aile i\u00e7i tedbir, miras ve benzeri hak talep edemiyoruz. Ama mademki b\u00f6ylesi bir fiili durum var, o zaman bunlar i\u00e7in de koruma yasas\u0131 uygulanmal\u0131. (H\u00e2kim, Marmara)<br \/>\nSavc\u0131n\u0131n \u015fiddet tan\u0131m\u0131: \u015eiddetin \u015fiddet olarak alg\u0131lanmas\u0131 i\u00e7in s\u00fcreklilik arz etmeli. Bir anl\u0131k \u00f6fke sonucu at\u0131lan tokat \u015fiddet olarak alg\u0131lanmamal\u0131. (Savc\u0131, Marmara)<br \/>\nKanunu bilen yok: Kimse \u00f6zellikle vatanda\u015f kanunu bilmiyor. Daha ileri gidersek polis de kanunu yeterince bilmiyor. (Savc\u0131, Do\u011fu Anadolu) Ben gelene kadar burada tedbir karar\u0131 istendi\u011fini g\u00f6rmedim. Ben isteyince arkada\u015flar da ba\u015flad\u0131lar tedbir karar\u0131 istemeye. (Savc\u0131, Do\u011fu Anadolu)<br \/>\nCayd\u0131r\u0131c\u0131l\u0131k yok: Uygulamada hayati tehlike olmad\u0131\u011f\u0131 m\u00fcddet\u00e7e hi\u00e7bir savc\u0131 e\u015fe k\u00f6t\u00fc muameleyle ilgili kocaya g\u00f6zalt\u0131 vermedi bug\u00fcne kadar. Yeni kocalar i\u00e7in hi\u00e7bir cayd\u0131r\u0131c\u0131l\u0131k yok. (Polis, Do\u011fu Anadolu)<br \/>\nDayak yiyen kad\u0131n eve: Ma\u011fdur olan e\u015fin ifadesini ald\u0131ktan sonra tekrar evine g\u00f6nderilmesi daha vahim sonu\u00e7lara neden olabiliyor. Bu \u015fah\u0131slar\u0131n s\u0131\u011f\u0131nabilecekleri bir merkez olu\u015fturulmal\u0131. (Polis, Karadeniz)<br \/>\nKanunun daha etkin uygulanmas\u0131 i\u00e7in hakim ve savc\u0131lara e\u011fitim verilmesine ili\u015fkin protokol bug\u00fcn imzalanacak.<\/p>\n<p style=\"text-align: justify;\">Tan\u0131nm\u0131\u015f kocaya karakolda sayg\u0131<br \/>\nN\u00fcfuz kullan\u0131yorlar: Evimden zorla \u00e7ocu\u011fumu ald\u0131lar. Polis g\u00f6rg\u00fc tan\u0131\u011f\u0131 ama &#8216;ben g\u00f6rmedim&#8217; dedi. Zab\u0131t tutmad\u0131lar. Dayak yedi\u011fimde bile Adli T\u0131p&#8217;a g\u00f6ndermeleri i\u00e7in g\u00fc\u00e7l\u00fc olman\u0131z laz\u0131m. Polis zab\u0131t tutmuyorsa, kad\u0131n\u0131 doktora g\u00f6ndermiyorsa bu kanun nas\u0131l \u00e7al\u0131\u015facak? (Kad\u0131n, Marmara)\n<\/p>\n<p style=\"text-align: justify;\">Bir sabah e\u015fim arad\u0131. &#8216;\u00c7ocuklar\u0131 alaca\u011f\u0131m&#8217; dedi. Sonra be\u015f silahl\u0131 adam\u0131yla geldi. Annemi \u00e7a\u011f\u0131rd\u0131m. E\u015fimin d\u00f6vmesinden korktum. Hem annemi hem beni darp etti. O s\u0131rada i\u00e7eride polis vard\u0131, hi\u00e7 m\u00fcdahale etmedi. \u00c7\u00fcnk\u00fc \u00e7ok tan\u0131nm\u0131\u015f bir insan. \u00c7ok zengin ve bunun verdi\u011fi g\u00fcc\u00fc kullan\u0131yor. Sonra karakola gittik. R\u00fctbeli bir polis vard\u0131. O&#8217;na &#8216;\u00e7ocuklar\u0131m\u0131 ka\u00e7\u0131r\u0131r&#8217; dedim. O da bana evde polisin bekleyece\u011fine dair s\u00f6z verdi. Verdi\u011fim ifade aynen yaz\u0131lm\u0131yor. O arada telefon \u00e7ald\u0131. &#8220;Burada S. Bey&#8217;in kar\u0131s\u0131n\u0131n ifadesini al\u0131yoruz&#8221; deyince ben koptum. Ben devlete s\u0131\u011f\u0131nmak istiyorum. &#8216;Nas\u0131l \u00f6zel telefonunuzdan arayan birine benim hakk\u0131mda bilgi veriyorsunuz?&#8217; diye tepki g\u00f6sterdim.<span style=\"color: #000000;\">(Kad\u0131n, Marmara)<\/span><\/p>\n<p style=\"text-align: justify;\"><span style=\"color: #000000;\"><span style=\"color: #888888;\">Kaynak :\u00a0 Tar\u0131k I\u015f\u0131k &#8211; Radikal<\/span><br \/>\n<\/span>\n<\/p>\n<p style=\"text-align: justify;\">\n","protected":false},"excerpt":{"rendered":"<p style=\"text-align: center;\">\n<p style=\"text-align: center;\">\n<p style=\"text-align: justify;\">Ba\u015fbakanl\u0131k ara\u015ft\u0131rmas\u0131na g\u00f6re polislerin yan\u0131 s\u0131ra h\u00e2kim ve savc\u0131lar da kad\u0131n\u0131 aile i\u00e7i \u015fiddetten koruyan yasay\u0131 bilmiyor. Bir savc\u0131n\u0131n itiraf\u0131: Ben gelene kadar burada tedbir karar\u0131 istenmemi\u015f.<\/p>\n<p style=\"text-align: justify;\">Ba\u015fbakanl\u0131\u011f\u0131n Ailenin Korunmas\u0131na Dair Kanun&#8217;un uygulanmas\u0131na ili\u015fkin yapt\u0131\u011f\u0131 ara\u015ft\u0131rma, kad\u0131na \u015fiddette devletin rol\u00fcn\u00fc g\u00f6zler \u00f6n\u00fcne serdi. Aile i\u00e7i <\/p>\n","protected":false},"author":1,"featured_media":0,"comment_status":"open","ping_status":"closed","sticky":false,"template":"","format":"standard","meta":{"footnotes":""},"categories":[105],"tags":[],"class_list":["post-7259","post","type-post","status-publish","format-standard","hentry","category-gundem","odd"],"_links":{"self":[{"href":"http:\/\/www.korhanyilmaz.com\/index.php?rest_route=\/wp\/v2\/posts\/7259","targetHints":{"allow":["GET"]}}],"collection":[{"href":"http:\/\/www.korhanyilmaz.com\/index.php?rest_route=\/wp\/v2\/posts"}],"about":[{"href":"http:\/\/www.korhanyilmaz.com\/index.php?rest_route=\/wp\/v2\/types\/post"}],"author":[{"embeddable":true,"href":"http:\/\/www.korhanyilmaz.com\/index.php?rest_route=\/wp\/v2\/users\/1"}],"replies":[{"embeddable":true,"href":"http:\/\/www.korhanyilmaz.com\/index.php?rest_route=%2Fwp%2Fv2%2Fcomments&post=7259"}],"version-history":[{"count":0,"href":"http:\/\/www.korhanyilmaz.com\/index.php?rest_route=\/wp\/v2\/posts\/7259\/revisions"}],"wp:attachment":[{"href":"http:\/\/www.korhanyilmaz.com\/index.php?rest_route=%2Fwp%2Fv2%2Fmedia&parent=7259"}],"wp:term":[{"taxonomy":"category","embeddable":true,"href":"http:\/\/www.korhanyilmaz.com\/index.php?rest_route=%2Fwp%2Fv2%2Fcategories&post=7259"},{"taxonomy":"post_tag","embeddable":true,"href":"http:\/\/www.korhanyilmaz.com\/index.php?rest_route=%2Fwp%2Fv2%2Ftags&post=7259"}],"curies":[{"name":"wp","href":"https:\/\/api.w.org\/{rel}","templated":true}]}}