{"id":7254,"date":"2009-04-01T11:15:08","date_gmt":"2009-04-01T08:15:08","guid":{"rendered":"http:\/\/www.korhanyilmaz.com\/?p=7254"},"modified":"2009-04-01T11:15:08","modified_gmt":"2009-04-01T08:15:08","slug":"akp-son-ermeni-koyunu-kusturdu-oylar-bu-kez-chp%e2%80%99ye-gitti","status":"publish","type":"post","link":"http:\/\/www.korhanyilmaz.com\/?p=7254","title":{"rendered":"AKP son Ermeni k\u00f6y\u00fcn\u00fc k\u00fcst\u00fcrd\u00fc oylar bu kez CHP\u2019ye gitti"},"content":{"rendered":"<p style=\"text-align: center;\"><img loading=\"lazy\" decoding=\"async\" class=\"aligncenter size-full wp-image-7255\" title=\"AKP son Ermeni k\u00f6y\u00fcn\u00fc k\u00fcst\u00fcrd\u00fc oylar bu kez CHP\u2019ye gitti\" src=\"http:\/\/www.korhanyilmaz.com\/wp-content\/uploads\/2009\/04\/fft28_mf147679.jpeg\" alt=\"AKP son Ermeni k\u00f6y\u00fcn\u00fc k\u00fcst\u00fcrd\u00fc oylar bu kez CHP\u2019ye gitti\" width=\"306\" height=\"204\" \/><\/p>\n<p style=\"text-align: center;\">\n<p style=\"text-align: justify;\"><strong>T\u00fcrkiye&#8217;nin son Ermeni k\u00f6y\u00fcnde sand\u0131ktan CHP \u00e7\u0131kt\u0131. K\u00f6y genel se\u00e7imde &#8216;AKP&#8217; demi\u015fti. \u0130stanbul&#8217;da alt\u0131 Ermeni vatanda\u015f il genel meclisine girdi.<\/strong><\/p>\n<p style=\"text-align: justify;\">T\u00fcrkiye&#8217;nin &#8216;son Ermeni K\u00f6y\u00fc&#8217; Vak\u0131fl\u0131&#8217;da, 29 Mart&#8217;ta yap\u0131lan yerel se\u00e7imlerde en \u00e7ok oy CHP&#8217;ye \u00e7\u0131kt\u0131. CHP 25 oy al\u0131rken, AKP 22 oyda kald\u0131. 22 Temmuz se\u00e7imlerinde ise Vak\u0131fl\u0131 K\u00f6y\u00fc&#8217;nde en \u00e7ok oy AKP&#8217;ye verilmi\u015fti. K\u00f6y\u00fcn muhtar\u0131 Ber\u00e7 Kartun, AKP&#8217;deki oy azalmas\u0131n\u0131 daha \u00f6nce \u0130l Enc\u00fcmeni olan S\u00fcleyman Mi\u00e7o\u011fullar\u0131&#8217;n\u0131n tekrar aday g\u00f6sterilmemesine ba\u011flad\u0131. <!--more--><br \/>\nHatay&#8217;\u0131n Samanda\u011f il\u00e7esine ba\u011fl\u0131 Vak\u0131fl\u0131 K\u00f6y\u00fc, Ermeni tarihinin \u00f6nemli kilometre ta\u015flar\u0131ndan biri olan Musa Da\u011f&#8217;\u0131n eteklerinde kurulu. 1915&#8217;deki tehcir \u00f6ncesi Anadolu&#8217;daki Ermeni k\u00f6ylerinin say\u0131s\u0131 y\u00fczlerle ifade edilirken, \u015fimdi bir tek Vak\u0131fl\u0131 K\u00f6y\u00fc kald\u0131. Radikal&#8217;in sorular\u0131n\u0131 yan\u0131tlayan Vak\u0131fl\u0131 K\u00f6y\u00fc Muhtar\u0131 Ber\u00e7 Kartun, sand\u0131ktan CHP&#8217;ye 25, AKP&#8217;ye 22, MHP&#8217;ye 17, DSP&#8217;ye sekiz, \u00d6DP&#8217;ye sekiz ve TKP&#8217;ye de iki oy \u00e7\u0131kt\u0131\u011f\u0131n\u0131 s\u00f6yledi. Kartun, bir oyun da bo\u015f kullan\u0131ld\u0131\u011f\u0131 belirtti.<\/p>\n<p style=\"text-align: justify;\">AKP k\u00fcst\u00fcrd\u00fc<br \/>\n22 Temmuz 2007&#8217;de yap\u0131lan genel se\u00e7imlerde Vak\u0131fl\u0131 K\u00f6y\u00fc&#8217;nden AKP&#8217;ye 31, CHP&#8217;ye 25 oy \u00e7\u0131karken DTP&#8217;nin de deste\u011fini alan ba\u011f\u0131ms\u0131z milletvekili aday\u0131 Berkat Kar&#8217;a 12, MHP&#8217;ye dokuz, DP&#8217;ye de bir oy \u00e7\u0131km\u0131\u015ft\u0131. K\u00f6y\u00fcn yeni d\u00f6nemde de muhtar\u0131 se\u00e7ilen Ber\u00e7 Kartun, AKP oylar\u0131ndaki azalmay\u0131 &#8216;sevilen \u0130l Enc\u00fcmeni&#8217;nin yeniden aday g\u00f6sterilmemesine&#8217; ba\u011fl\u0131yor. Ber\u00e7 Kartun, &#8220;Ge\u00e7en d\u00f6nem AKP&#8217;den \u0130l Enc\u00fcmeni olan S\u00fcleyman Mi\u00e7o\u011fullar\u0131 bu d\u00f6nem yeniden aday g\u00f6sterilmedi. S\u00fcleyman bey, Vak\u0131fl\u0131&#8217;da sevilen bir insand\u0131. Yol kenarlar\u0131ndaki ya\u011fmur suyu kanallar\u0131n\u0131n, parke ta\u015flar\u0131n\u0131n ve daha bir\u00e7ok \u015feyin yap\u0131lmas\u0131nda \u00f6n ayak olmu\u015ftu&#8221; ifadesini kulland\u0131.<br \/>\n\u00d6te yandan, \u0130stanbul \u015ei\u015fli&#8217;de Vazken Bar\u0131n ve Harutyun Erg\u00fcne\u015f, Adalar&#8217;da Raffi Hermonn Araks, Bak\u0131rk\u00f6y&#8217;de Yervant \u00d6zuzun, Ohannes Garabetyan ve Bedros Avedikyan belediye meclis \u00fcyeli\u011fini kazand\u0131. \u0130tirazlar \u00fczerine halen say\u0131m\u0131 s\u00fcren sand\u0131klar sebebiyle Beyo\u011flu ve Adalar Belediye Meclisi&#8217;nde kesinle\u015fmeyen adaylar bulundu\u011fu belirtildi.\n<\/p>\n<p style=\"text-align: justify;\"><span style=\"color: #888888;\">Kaynak : Radikal<\/span><\/p>\n<p style=\"text-align: justify;\">\n","protected":false},"excerpt":{"rendered":"<p style=\"text-align: center;\">\n<p style=\"text-align: center;\">\n<p style=\"text-align: justify;\">T\u00fcrkiye&#8217;nin son Ermeni k\u00f6y\u00fcnde sand\u0131ktan CHP \u00e7\u0131kt\u0131. K\u00f6y genel se\u00e7imde &#8216;AKP&#8217; demi\u015fti. \u0130stanbul&#8217;da alt\u0131 Ermeni vatanda\u015f il genel meclisine girdi.<\/p>\n<p style=\"text-align: justify;\">T\u00fcrkiye&#8217;nin &#8216;son Ermeni K\u00f6y\u00fc&#8217; Vak\u0131fl\u0131&#8217;da, 29 Mart&#8217;ta yap\u0131lan yerel se\u00e7imlerde en \u00e7ok oy CHP&#8217;ye \u00e7\u0131kt\u0131. CHP 25 oy al\u0131rken, AKP 22 oyda kald\u0131. 22 Temmuz <\/p>\n","protected":false},"author":1,"featured_media":0,"comment_status":"open","ping_status":"closed","sticky":false,"template":"","format":"standard","meta":{"footnotes":""},"categories":[105],"tags":[],"class_list":["post-7254","post","type-post","status-publish","format-standard","hentry","category-gundem","odd"],"_links":{"self":[{"href":"http:\/\/www.korhanyilmaz.com\/index.php?rest_route=\/wp\/v2\/posts\/7254","targetHints":{"allow":["GET"]}}],"collection":[{"href":"http:\/\/www.korhanyilmaz.com\/index.php?rest_route=\/wp\/v2\/posts"}],"about":[{"href":"http:\/\/www.korhanyilmaz.com\/index.php?rest_route=\/wp\/v2\/types\/post"}],"author":[{"embeddable":true,"href":"http:\/\/www.korhanyilmaz.com\/index.php?rest_route=\/wp\/v2\/users\/1"}],"replies":[{"embeddable":true,"href":"http:\/\/www.korhanyilmaz.com\/index.php?rest_route=%2Fwp%2Fv2%2Fcomments&post=7254"}],"version-history":[{"count":0,"href":"http:\/\/www.korhanyilmaz.com\/index.php?rest_route=\/wp\/v2\/posts\/7254\/revisions"}],"wp:attachment":[{"href":"http:\/\/www.korhanyilmaz.com\/index.php?rest_route=%2Fwp%2Fv2%2Fmedia&parent=7254"}],"wp:term":[{"taxonomy":"category","embeddable":true,"href":"http:\/\/www.korhanyilmaz.com\/index.php?rest_route=%2Fwp%2Fv2%2Fcategories&post=7254"},{"taxonomy":"post_tag","embeddable":true,"href":"http:\/\/www.korhanyilmaz.com\/index.php?rest_route=%2Fwp%2Fv2%2Ftags&post=7254"}],"curies":[{"name":"wp","href":"https:\/\/api.w.org\/{rel}","templated":true}]}}