{"id":7246,"date":"2009-04-01T11:08:31","date_gmt":"2009-04-01T08:08:31","guid":{"rendered":"http:\/\/www.korhanyilmaz.com\/?p=7246"},"modified":"2009-04-01T11:08:31","modified_gmt":"2009-04-01T08:08:31","slug":"akpnin-turban-itirazi","status":"publish","type":"post","link":"http:\/\/www.korhanyilmaz.com\/?p=7246","title":{"rendered":"AKP&#039;nin t\u00fcrban itiraz\u0131"},"content":{"rendered":"<p style=\"text-align: center;\"><img loading=\"lazy\" decoding=\"async\" class=\"aligncenter size-full wp-image-7247\" title=\"AKP'nin t\u00fcrban itiraz\u0131 \" src=\"http:\/\/www.korhanyilmaz.com\/wp-content\/uploads\/2009\/04\/fft28_mf147745.jpeg\" alt=\"AKP'nin t\u00fcrban itiraz\u0131 \" width=\"306\" height=\"204\" \/><\/p>\n<p style=\"text-align: center;\">\n<p style=\"text-align: justify;\">Gaziantep&#8217;in Islahiye il\u00e7esinde ilgin\u00e7 bir se\u00e7im yar\u0131\u015f\u0131 ya\u015fand\u0131. Anketlerde \u00f6nde g\u00f6r\u00fcnen AKP&#8217;li Ba\u015fkan Mehmet Uluda\u011f aday g\u00f6sterilmeyince, e\u015fi DP&#8217;den aday oldu ve AKP&#8217;ye ciddi bir fark att\u0131. Se\u00e7im \u00f6ncesinde Uluda\u011f&#8217;\u0131n e\u015fi Malika Uluda\u011f&#8217;a itiraz eden AKP, se\u00e7imden sonra da ilk kad\u0131n ba\u015fkana itiraz etti. Hem de t\u00fcrbanl\u0131 oldu\u011fu gerek\u00e7esiyle&#8230;<br \/>\nYerel se\u00e7imlerin en b\u00fcy\u00fck s\u00fcrprizi \u0130slahiye&#8217;de ya\u015fand\u0131. Ge\u00e7mi\u015f d\u00f6nem AK Parti&#8217;den belediye ba\u015fkan\u0131 olan Mehmet Uluda\u011f&#8217;\u0131n aday g\u00f6sterilmemesi \u00fczerine tepkinin b\u00fcy\u00fck oldu\u011fu \u0130slahiye&#8217;de, Uluda\u011f&#8217;\u0131n e\u015fi Malika Uluda\u011f se\u00e7ildi. Gaziantep&#8217;te bir il\u00e7enin ilk kad\u0131n belediye ba\u015fkan\u0131 \u00fcnvan\u0131n\u0131 elde eden Uluda\u011f, son anda e\u015finin yerine DP&#8217;den aday g\u00f6sterilmi\u015fti. <!--more-->\n<\/p>\n<p style=\"text-align: justify;\"><strong>\u00d6NCE ULUDA\u011e&#8217;A SONRA E\u015e\u0130NE \u0130T\u0130RAZ ETT\u0130LER <\/strong><\/p>\n<p style=\"text-align: justify;\">Mehmet Uluda\u011f, AKP&#8217;den aday g\u00f6sterilmeyince DP&#8217;ye ge\u00e7mi\u015f, ancak AK Parti&#8217;nin temay\u00fcl yoklamas\u0131nda ismi ge\u00e7ti\u011fi i\u00e7in adayl\u0131\u011f\u0131 red edilmi\u015fti. Uluda\u011f yerini e\u015fi Malika Uluda\u011f&#8217;a b\u0131rakt\u0131. Bu a\u015famada da Malika Uluda\u011f&#8217;a t\u00fcrbanl\u0131 oldu\u011fu gerek\u00e7esiyle itiraz edildi. Ancak ba\u015fvurusunda t\u00fcrbanl\u0131 resmi olmad\u0131\u011f\u0131 i\u00e7in Malika Uluda\u011f&#8217;\u0131n adayl\u0131\u011f\u0131 ge\u00e7erli oldu. 29 Mart&#8217;ta ise Uluda\u011f, oylar\u0131n y\u00fczde 36.9&#8217;\u0131n\u0131 alarak \u0130slahiye Belediye Ba\u015fkan\u0131 se\u00e7ildi.<\/p>\n<p style=\"text-align: justify;\"><strong>AK PART\u0130 \u00dc\u00c7\u00dcNC\u00dc OLDU <\/strong><\/p>\n<p style=\"text-align: justify;\">Mahmut Durdu&#8217;nun iste\u011fi ve bask\u0131s\u0131 \u00fczerine aday g\u00f6sterilen Osman \u00d6zt\u00fcrk, se\u00e7imi kaybetti. AK Parti elinde bulundu\u011fu \u0130slahiye&#8217;yi kaybederken, CHP \u0130slahiye&#8217;de ikinci parti oldu. Buna g\u00f6re DP 36.9, CHP 31.6, AKP 24.1 ve MHP 5.9 oy ald\u0131.<\/p>\n<p style=\"text-align: justify;\"><strong>STAR YAZARI \u015eAM\u0130L TAYYAR OLAYA \u0130SYAN ETT\u0130<br \/>\n<\/strong><br \/>\nKendisi de Islahiyeli olan Star Gazetesi Yazar\u0131 \u015eamil Tayyar bug\u00fcnk\u00fc yaz\u0131s\u0131nda se\u00e7im yar\u0131\u015f\u0131n\u0131 anlatt\u0131. Yaz\u0131s\u0131n\u0131 &#8216;Can\u0131m memleketim hepinizi kutluyorum&#8217; diye bitiren Tayyar&#8217;\u0131n yaz\u0131s\u0131nda \u015fu ifadelere yer verdi:<\/p>\n<p style=\"text-align: justify;\">&#8220;2004 y\u0131l\u0131nda AK Parti listesinden belediye ba\u015fkan\u0131 se\u00e7ilen Mehmet Uluda\u011f da ilkokul ve mahalleden arkada\u015f\u0131md\u0131r. Emniyet m\u00fcd\u00fcrl\u00fc\u011f\u00fcnden istifa ederek aday olmu\u015ftu.<br \/>\nBu son se\u00e7imde AK Parti&#8217;den yeniden aday oldu. Kar\u015f\u0131s\u0131ndaki tek rakibi partinin il\u00e7e ba\u015fkan\u0131 Osman \u00d6zt\u00fcrk&#8217;t\u00fc. Haliyle te\u015fkilat \u00d6zt\u00fcrk&#8217;\u00fcn yan\u0131nda yer ald\u0131, halk ise anketlerde &#8216;Uluda\u011f&#8217; dedi.\n<\/p>\n<p style=\"text-align: justify;\">Genel merkez de tavr\u0131n\u0131 anketlere g\u00f6re belirleyip \u0130slahiye&#8217;de Mehmet Uluda\u011f&#8217;\u0131 yeniden aday g\u00f6sterdi. Gaziantep il te\u015fkilat\u0131na g\u00f6nderilen aday listesinde bu isme de yer verildi.<\/p>\n<p style=\"text-align: justify;\">Ne olduysa o an oldu, genel merkez listeyi de\u011fi\u015ftirdi, Mehmet Uluda\u011f yerine Osman \u00d6zt\u00fcrk&#8217;\u00fc aday ilan etti. Sonra anla\u015f\u0131ld\u0131 ki, AK Parti&#8217;nin \u0130slahiye k\u00f6kenli Gaziantep Milletvekili Mahmut Durdu ba\u015fbakanla g\u00f6r\u00fc\u015ferek belirleyici olmu\u015f&#8230;. &#8220;<\/p>\n<p style=\"text-align: justify;\">.&#8221;&#8230; DP il\u00e7e y\u00f6netimi, kendilerine destek veren di\u011fer partiler ve kanaat \u00f6nderleriyle acilen toplan\u0131p karar verdiler. Dediler ki; &#8216;Biz bu haks\u0131zl\u0131\u011f\u0131 Uluda\u011f soyad\u0131n\u0131 ya\u015fatarak telafi ederiz. E\u015fini aday g\u00f6sterelim.&#8217;<br \/>\nMalika Uluda\u011f&#8217;a ko\u015ftular. Ev kad\u0131n\u0131yd\u0131. Siyasetle uzaktan yak\u0131ndan ilgisi yoktu. Emrivaki yapt\u0131lar, &#8216;aday\u0131m\u0131zs\u0131n&#8217; dediler.<\/p>\n<p style=\"text-align: justify;\">Tek p\u00fcr\u00fcz, Melika han\u0131m\u0131n AK Parti \u00fcyesi olmas\u0131yd\u0131. Hemen istifas\u0131 sa\u011fland\u0131, ard\u0131ndan adayl\u0131k ba\u015fvurusu yap\u0131ld\u0131.<br \/>\nArac\u0131na atlay\u0131p \u0130slahiye&#8217;ye d\u00f6nd\u00fc\u011f\u00fcnde bu kez kar\u015f\u0131layanlar\u0131n say\u0131s\u0131 ikiye katlanm\u0131\u015ft\u0131. Belediye se\u00e7imiyle hi\u00e7 ilgisi olmayan k\u00f6ylerden de ak\u0131n ak\u0131n gelenler vard\u0131&#8230;&#8221;\n<\/p>\n<p style=\"text-align: justify;\">&#8220;&#8230; Ba\u015f\u00f6rt\u00fc itiraz\u0131<\/p>\n<p style=\"text-align: justify;\">Bununla da bitmedi. AK Partililer, bu sefer Malike han\u0131m\u0131n adayl\u0131\u011f\u0131n\u0131 d\u00fc\u015f\u00fcrmek i\u00e7in il\u00e7e se\u00e7im kuruluna ko\u015ftular: &#8216;Bu kad\u0131n ba\u015f\u00f6rt\u00fcl\u00fc, nas\u0131l aday olur?&#8217;<\/p>\n<p style=\"text-align: justify;\">Yetkilinin cevab\u0131: &#8216;\u00d6n\u00fcmdeki belgelerde ba\u015f\u00f6rt\u00fcl\u00fc foto\u011fraf yok. Ben ona bakar\u0131m. D\u0131\u015far\u0131da nas\u0131l giyindi\u011fine kar\u0131\u015famam.&#8217;<\/p>\n<p style=\"text-align: justify;\">Bu giri\u015fim kabaran \u00f6fke katsay\u0131s\u0131 daha da artt\u0131rd\u0131.<br \/>\nBir vatanda\u015f ko\u015farak Mehmet Uluda\u011f&#8217;a ula\u015ft\u0131, AK Parti&#8217;nin ba\u015f\u00f6rt\u00fcl\u00fc adayla ilgili s\u00f6zl\u00fc itiraz\u0131n\u0131 medyaya s\u0131zd\u0131rma \u00f6nerisinde bulundu, o, buna kar\u015f\u0131 \u00e7\u0131kt\u0131: &#8216;Biliyorum medyaya s\u0131zarsa bu giri\u015fimleri sadece \u0130slahiye&#8217;de de\u011fil t\u00fcm T\u00fcrkiye&#8217;de AK Parti oylar\u0131n\u0131 etkiler, ama ben bunu yapamam. Siyaseti \u00e7irkinle\u015ftirmek istemem.&#8217;<\/p>\n<p style=\"text-align: justify;\">Sindiremese de sineye \u00e7ekmeyi ye\u011fledi.<br \/>\nBitmedi&#8230;<\/p>\n<p style=\"text-align: justify;\">AK Parti bu kez Malika han\u0131m\u0131n kendi \u00fcyeleri oldu\u011fu gerek\u00e7esiyle adayl\u0131\u011f\u0131n\u0131n d\u00fc\u015f\u00fcr\u00fclmesini istedi.<br \/>\nBu kez duvara \u00e7arpt\u0131lar. Sinir harbi bu noktada sonu\u00e7land\u0131, Malika han\u0131m\u0131n adayl\u0131\u011f\u0131 kesinle\u015fti.<br \/>\nSonu\u00e7; DP y\u00fczde 40, CHP y\u00fczde 35, AK Parti y\u00fczde 20&#8230;\n<\/p>\n<p style=\"text-align: justify;\">&#8216;Bitti&#8217; diyorsan\u0131z, yan\u0131l\u0131yorsunuz.<\/p>\n<p style=\"text-align: justify;\">Se\u00e7im s\u00fcrecinde ters tepece\u011fi kayg\u0131s\u0131yla derin dondurucuya konan Malika han\u0131m\u0131n ba\u015f\u00f6rt\u00fcs\u00fc, se\u00e7imden sonra servis edildi. \u0130lk oltaya tak\u0131lanlardan biri, Sabah Yazar\u0131 Meliha Okur oldu. D\u00fcnk\u00fc k\u00f6\u015fesinde soruyordu: &#8216;Peruk mu takacak? T\u00f6renleri mi kat\u0131lmayacak?&#8217;<\/p>\n<p style=\"text-align: justify;\">Di\u011fer gazetelerde de irili ufakl\u0131 haberler vard\u0131 d\u00fcn. Anla\u015f\u0131lan vazge\u00e7meye hi\u00e7 mi hi\u00e7 niyetleri yok.<br \/>\nHi\u00e7 \u00f6nemli de\u011fil. Malika han\u0131m halk ihtilalinin lideri oldu, \u0130slahiye halk\u0131 ba\u015far\u0131l\u0131 ba\u015fkan\u0131n\u0131 mahalli \u00e7etelere yedirmedi. \u00d6mr\u00fcn\u00fc \u00e7etelerle m\u00fccadeleye adam\u0131\u015f bu karde\u015flerini de mahcup etmediler. ..&#8221;\n<\/p>\n<p style=\"text-align: justify;\"><span style=\"color: #888888;\">Kaynak : Radikal<\/span><\/p>\n","protected":false},"excerpt":{"rendered":"<p style=\"text-align: center;\">\n<p style=\"text-align: center;\">\n<p style=\"text-align: justify;\">Gaziantep&#8217;in Islahiye il\u00e7esinde ilgin\u00e7 bir se\u00e7im yar\u0131\u015f\u0131 ya\u015fand\u0131. Anketlerde \u00f6nde g\u00f6r\u00fcnen AKP&#8217;li Ba\u015fkan Mehmet Uluda\u011f aday g\u00f6sterilmeyince, e\u015fi DP&#8217;den aday oldu ve AKP&#8217;ye ciddi bir fark att\u0131. Se\u00e7im \u00f6ncesinde Uluda\u011f&#8217;\u0131n e\u015fi Malika Uluda\u011f&#8217;a itiraz eden AKP, se\u00e7imden sonra da ilk kad\u0131n ba\u015fkana itiraz etti. Hem de t\u00fcrbanl\u0131 <\/p>\n","protected":false},"author":1,"featured_media":0,"comment_status":"open","ping_status":"closed","sticky":false,"template":"","format":"standard","meta":{"footnotes":""},"categories":[105],"tags":[],"class_list":["post-7246","post","type-post","status-publish","format-standard","hentry","category-gundem","odd"],"_links":{"self":[{"href":"http:\/\/www.korhanyilmaz.com\/index.php?rest_route=\/wp\/v2\/posts\/7246","targetHints":{"allow":["GET"]}}],"collection":[{"href":"http:\/\/www.korhanyilmaz.com\/index.php?rest_route=\/wp\/v2\/posts"}],"about":[{"href":"http:\/\/www.korhanyilmaz.com\/index.php?rest_route=\/wp\/v2\/types\/post"}],"author":[{"embeddable":true,"href":"http:\/\/www.korhanyilmaz.com\/index.php?rest_route=\/wp\/v2\/users\/1"}],"replies":[{"embeddable":true,"href":"http:\/\/www.korhanyilmaz.com\/index.php?rest_route=%2Fwp%2Fv2%2Fcomments&post=7246"}],"version-history":[{"count":0,"href":"http:\/\/www.korhanyilmaz.com\/index.php?rest_route=\/wp\/v2\/posts\/7246\/revisions"}],"wp:attachment":[{"href":"http:\/\/www.korhanyilmaz.com\/index.php?rest_route=%2Fwp%2Fv2%2Fmedia&parent=7246"}],"wp:term":[{"taxonomy":"category","embeddable":true,"href":"http:\/\/www.korhanyilmaz.com\/index.php?rest_route=%2Fwp%2Fv2%2Fcategories&post=7246"},{"taxonomy":"post_tag","embeddable":true,"href":"http:\/\/www.korhanyilmaz.com\/index.php?rest_route=%2Fwp%2Fv2%2Ftags&post=7246"}],"curies":[{"name":"wp","href":"https:\/\/api.w.org\/{rel}","templated":true}]}}