{"id":7242,"date":"2009-04-01T10:03:09","date_gmt":"2009-04-01T07:03:09","guid":{"rendered":"http:\/\/www.korhanyilmaz.com\/?p=7242"},"modified":"2009-04-01T10:03:09","modified_gmt":"2009-04-01T07:03:09","slug":"polis-yanlis-kisiyi-oldurusuye-dovup-pardon-demis","status":"publish","type":"post","link":"http:\/\/www.korhanyilmaz.com\/?p=7242","title":{"rendered":"Polis yanl\u0131\u015f ki\u015fiyi \u00f6ld\u00fcr\u00fcs\u00fcye d\u00f6v\u00fcp, pardon demi\u015f!"},"content":{"rendered":"<p style=\"text-align: center;\"><img loading=\"lazy\" decoding=\"async\" class=\"aligncenter size-full wp-image-7243\" title=\"Polis yanl\u0131\u015f ki\u015fiyi \u00f6ld\u00fcr\u00fcs\u00fcye d\u00f6v\u00fcp, pardon demi\u015f!\" src=\"http:\/\/www.korhanyilmaz.com\/wp-content\/uploads\/2009\/04\/fft28_mf147768.jpeg\" alt=\"Polis yanl\u0131\u015f ki\u015fiyi \u00f6ld\u00fcr\u00fcs\u00fcye d\u00f6v\u00fcp, pardon demi\u015f!\" width=\"306\" height=\"204\" \/><\/p>\n<p style=\"text-align: center;\">\n<p style=\"text-align: justify;\"><strong>Beyo\u011flu&#8217;nda polisin kendisine \u015fi\u015fe atan bir ki\u015fiyi takip ederken bekar evine girip olayla ilgisi olmaya Hakim Adl\u0131\u011f&#8217;\u0131 \u00f6ld\u00fcr\u00fcs\u00fcye d\u00f6vd\u00fc\u011f\u00fc iddia edildi.<\/strong><\/p>\n<p style=\"text-align: justify;\">Beyo\u011flu&#8217;nda polisin y\u00fcz\u00fcne \u015fi\u015fe atan bir ki\u015fiyi arayan ekipler \u00e7o\u011funlukla bekarlar\u0131n kald\u0131\u011f\u0131 bir eve bask\u0131n d\u00fczenledi.Bask\u0131n s\u0131ras\u0131nda evde uyuyan 37 ya\u015f\u0131ndaki Hakim Adl\u0131\u011f, sivil polisler taraf\u0131ndan \u00f6ld\u00fcr\u00fcs\u00fcye d\u00f6v\u00fcld\u00fc\u011f\u00fc iddia etti. Polislerin ellerini kelep\u00e7eleyip cop ve tekmelerle d\u00f6vd\u00fc\u011f\u00fcn\u00fc \u00f6ne s\u00fcren Adl\u0131\u011f, iki g\u00fcn hastanede yatt\u0131ktan sonra savc\u0131l\u0131\u011fa ba\u015fvurdu. Polisler hakk\u0131nda su\u00e7 duyurusunda bulunan Adl\u0131\u011f, \u015fikayet dilek\u00e7esinde &#8220;Uyudu\u011fum s\u0131rada 5-6 polis beni \u00f6ld\u00fcresiye d\u00f6vd\u00fc. Birisi a\u011fz\u0131ma silah dayad\u0131. Arad\u0131klar\u0131 ki\u015finin ben olmad\u0131\u011f\u0131m anla\u015f\u0131l\u0131nca beni o halde b\u0131rak\u0131p gittiler.&#8221; dedi. G\u00f6rg\u00fc tan\u0131\u011f\u0131 bir vatanda\u015f, evden \u00e7\u0131kan polislerin, \u00e7ok \u00fcz\u00fcld\u00fcklerini s\u00f6ylediklerini ifade etti. <!--more--><\/p>\n<p style=\"text-align: justify;\"><strong>POL\u0130S YANLI\u015e K\u0130\u015e\u0130Y\u0130 BULDU <\/strong><\/p>\n<p style=\"text-align: justify;\">Al\u0131nan bilgiye g\u00f6re, olay 29 Mart tarihinde Beyo\u011flu Tarlaba\u015f\u0131 K\u00f6m\u00fcrc\u00fc Zeynel Sokak&#8217;ta meydana geldi. \u0130ddialara g\u00f6re &#8220;Hoca&#8221; lakapl\u0131 bir ki\u015fi, tart\u0131\u015ft\u0131\u011f\u0131 bir polis memuruna elindeki bira \u015fi\u015fesini f\u0131rlatt\u0131. Y\u00fcz\u00fcnden yaralanan polisin tedavisinin ard\u0131ndan, Beyo\u011flu \u0130l\u00e7e Emniyet M\u00fcd\u00fcrl\u00fc\u011f\u00fc Asayi\u015f B\u00fcro Amirli\u011fi ekipleri bu ki\u015fiyi bulmak i\u00e7in \u00e7al\u0131\u015fma ba\u015flatt\u0131. Tarlaba\u015f\u0131 Bulvar\u0131 \u00fczerindeki ara sokaklara giren polisler, bekarlar\u0131n kald\u0131klar\u0131 evleri kontrol etti. Polis, &#8220;Hoca&#8221; lakapl\u0131 ki\u015finin K\u00f6m\u00fcrc\u00fc Zeynel Sokak 23 numaradaki binada kald\u0131\u011f\u0131n\u0131 \u00f6\u011frendi ve adrese bask\u0131n yapt\u0131. Tek g\u00f6z odalar\u0131n oldu\u011fu binan\u0131n birinci kat\u0131nda uyuyan Hakim Adl\u0131\u011f, bir anda polisleri kar\u015f\u0131s\u0131nda g\u00f6r\u00fcnce \u015fa\u015fk\u0131na d\u00f6nd\u00fc\u011f\u00fcn\u00fc s\u00f6yledi. Adl\u0131\u011f, ba\u015f\u0131ndan ge\u00e7enleri \u015f\u00f6yle anlatt\u0131: &#8221; polisler ssat 11 gibi geldiler hi\u00e7bir \u015fey sormadan bana kelep\u00e7e takarak d\u00f6vmeye ba\u015flad\u0131lar ve beni bu hale getirdiler. 5-6 ki\u015fiydiler. Hi\u00e7 soru sormaya f\u0131rsat vermeden a\u011fz\u0131ma silah\u0131 koydular. Tekmeler ve a\u011fa\u00e7la beni komal\u0131k hale getirdiler. Sonras\u0131nda bir tan\u0131k getirdiler. G\u00f6rg\u00fc tan\u0131\u011f\u0131 &#8216;Bu o de\u011fil&#8217; deyince beni b\u0131rak\u0131p gittiler.&#8221; &#8220;Beni bu hale koyanlar\u0131 Allah daha beter yaps\u0131n&#8221; diyen Adl\u0131\u011f, kendisinin ne ilk ne de son oldu\u011funu s\u00f6yledi. Adl\u0131\u011f, &#8220;Yapt\u0131klar\u0131 \u00e7ok b\u00fcy\u00fck terbiyesizlik. Milletin vergisiyle ge\u00e7inip vatanda\u015f\u0131 bu hale sokuyorlar. Bu zal\u0131ml\u0131kt\u0131r. Bir kelime bile konu\u015fturmadan bunlar\u0131 yapt\u0131lar bana&#8221; \u015feklinde konu\u015ftu.<\/p>\n<p style=\"text-align: justify;\"><strong>G\u00d6RG\u00dc TANI\u011eI: YANLI\u015eLIKLA D\u00d6VM\u00dc\u015eLER, POL\u0130SLER DE \u00dcZ\u00dcLD\u00dcLER <\/strong><\/p>\n<p style=\"text-align: justify;\">Olay\u0131n ge\u00e7ti\u011fi odada yerdeki kan izleri dikkat \u00e7ekerken, Adl\u0131\u011f, vucudundaki morluklar\u0131 ve yaralar\u0131 g\u00f6sterdi. Bu s\u0131rada odaya giren bir vatanda\u015f, Adl\u0131\u011f&#8217;\u0131n anlatt\u0131klar\u0131n\u0131 do\u011frulad\u0131. O g\u00fcn polislerin bir ihbar \u00fczerine eve geldi\u011fini anlatan \u00e7evre sakini, &#8220;Polisi yaralayan \u015fahs\u0131n e\u015fgali bire bir bu arkada\u015fa uydu\u011fu i\u00e7in o sanm\u0131\u015flar. Bilmeden d\u00f6vm\u00fc\u015fler. Onlarda \u00fcz\u00fcld\u00fcler, \u00f6z\u00fcr dilediler.&#8221; \u015feklinde konu\u015ftu. Yanl\u0131\u015f ki\u015fiyi d\u00f6vd\u00fcklerini \u00f6\u011frenen polisler evden ayr\u0131l\u0131rken, kanlar i\u00e7erisindeki Hakim Adl\u0131\u011f arkada\u015f\u0131 taraf\u0131ndan Taksim \u0130lkyard\u0131m E\u011fitim ve Ara\u015ft\u0131rma Hastanesi&#8217;ne g\u00f6t\u00fcr\u00fcld\u00fc. Acil serviste yap\u0131lan ilk m\u00fcdahalenin ard\u0131ndan iki g\u00fcn hastanede yatan Adl\u0131\u011f bug\u00fcn taburcu edildi. Y\u00fcz\u00fc ve vucudu yara ve morluklar i\u00e7inde olan Adl\u0131\u011f, Beyo\u011flu Cumhuriyet Ba\u015fsavc\u0131l\u0131\u011f\u0131&#8217;na giderek polisler hakk\u0131nda su\u00e7 duyurusunda bulundu.<\/p>\n<p style=\"text-align: justify;\">\u015eikayet dilek\u00e7esinde kendisini d\u00f6ven polisleri te\u015fhis edebilece\u011fini belirten Adl\u0131\u011f, dilek\u00e7esinde \u015funlar\u0131 s\u00f6yledi: &#8220;Evde uyudu\u011fum s\u0131rada polisler eve geldi. Beni kelep\u00e7eleyip &#8220;Hoca sen misin?&#8221; diye sordular. Cevap vermeye f\u0131rsat vermeden d\u00f6vmeye ba\u015flad\u0131lar. Cop, tekme ve sopalar d\u00f6v\u00fcp g\u00f6zlerimi kapatt\u0131lar. Sonra bir vatanda\u015f geldi ve benim arad\u0131klar\u0131 ki\u015fi olmad\u0131\u011f\u0131m\u0131 s\u00f6yledi. Sonra y\u00fcz\u00fcnde yara band\u0131 olan polis silah\u0131n\u0131 a\u011fz\u0131ma sokup beni \u00f6l\u00fcmle tehdit etti. Di\u011fer arkada\u015flar\u0131na &#8216;Bunu camdam atal\u0131m. Sonra kendi atlad\u0131 deriz&#8217; dedi. Sonra beni b\u0131rak\u0131p gittiler. Arkada\u015f\u0131m beni hastaneye g\u00f6t\u00fcrd\u00fc. \u0130\u015flemedi\u011fim bir su\u00e7 nedeniyle beni darp eden ve \u00f6l\u00fcmle tehdit eden polislerden \u015fikayet\u00e7i ve davac\u0131y\u0131m.&#8221; Adl\u0131\u011f&#8217;\u0131n \u015fikayet dilek\u00e7esi i\u015fleme konulurken, Beyo\u011flu Cumhuriyet Savc\u0131l\u0131\u011f\u0131&#8217;n\u0131n Taksim \u0130lkyard\u0131m Hastanesi&#8217;ne bir yaz\u0131 yazarak, Hakim Adl\u0131\u011f&#8217;\u0131n tedavisine ili\u015fkin t\u00fcm belgeleri istedi\u011fi \u00f6\u011frenildi.<\/p>\n<p style=\"text-align: justify;\"><strong>&#8220;BEYO\u011eLU&#8217;NDA \u0130\u015eKENCE VE DAYAK \u0130DD\u0130ALARI&#8221; <\/strong><\/p>\n<p style=\"text-align: justify;\">Beyo\u011flu&#8217;nda 20 Ekim 2008 tarihinde, tutuklama karar\u0131 \u00e7\u0131kan bir gencin cezaevine g\u00f6t\u00fcr\u00fcld\u00fc\u011f\u00fc s\u0131rada ekip otosundan ka\u00e7mas\u0131yla birlikte polislerin gencin gidebilece\u011fi yerlere yapt\u0131klar\u0131 bask\u0131nlarda g\u00f6zalt\u0131na al\u0131nan 5 gen\u00e7, olay yerinde ve emniyette i\u015fkence g\u00f6rd\u00fcklerini idida ettmi\u015fti. Vucutlar\u0131nda k\u0131r\u0131k, \u00e7atlak, diki\u015fler ve \u00e7ok say\u0131da ezikler bulunan 5 gen\u00e7 Beyo\u011flu Adliyesi&#8217;ne giderek, polisler hakk\u0131nda su\u00e7 duyurusunda bulundu. Adliye \u00e7\u0131k\u0131\u015f\u0131nda ba\u015flar\u0131ndan ge\u00e7en olaylar\u0131 anlatan gen\u00e7ler, ka\u00e7an \u015fahs\u0131 soran polislerin sorgusuz sualsiz kendilerini g\u00f6zalt\u0131na ald\u0131klar\u0131n\u0131, olay yerinde ve emniyette kafalar\u0131na sopalarla vuruldu\u011funu, bay\u0131ld\u0131ktan sonra \u0131slat\u0131larak i\u015fkence g\u00f6rd\u00fcklerini \u00f6ne s\u00fcrd\u00fc.<\/p>\n<p style=\"text-align: justify;\">Bu olaydan bir hafta sonra yine Beyo\u011flu&#8217;nda, gece kimlik kontrol\u00fc s\u0131ras\u0131nda polise mukavamet ettikleri gerek\u00e7esiyle g\u00f6zalt\u0131na al\u0131nan 4 gen\u00e7, polis merkezinde dayak yedikleri iddias\u0131yla su\u00e7 duyurusunda bulundu. Savc\u0131l\u0131\u011fa \u00e7\u0131kart\u0131lan gen\u00e7ler bas\u0131n mensuplar\u0131n\u0131n &#8220;polise mukavemette bulundunuz mu?&#8221; \u015feklindeki sorusuna y\u00fczlerini g\u00f6stererek &#8220;Belli kimin mukavamet etti\u011fi!&#8221; \u015feklinde cevap verdi.<\/p>\n<p style=\"text-align: justify;\"><span style=\"color: #888888;\">Kaynak : Radikal<\/span><\/p>\n<p style=\"text-align: justify;\">\n","protected":false},"excerpt":{"rendered":"<p style=\"text-align: center;\">\n<p style=\"text-align: center;\">\n<p style=\"text-align: justify;\">Beyo\u011flu&#8217;nda polisin kendisine \u015fi\u015fe atan bir ki\u015fiyi takip ederken bekar evine girip olayla ilgisi olmaya Hakim Adl\u0131\u011f&#8217;\u0131 \u00f6ld\u00fcr\u00fcs\u00fcye d\u00f6vd\u00fc\u011f\u00fc iddia edildi.<\/p>\n<p style=\"text-align: justify;\">Beyo\u011flu&#8217;nda polisin y\u00fcz\u00fcne \u015fi\u015fe atan bir ki\u015fiyi arayan ekipler \u00e7o\u011funlukla bekarlar\u0131n kald\u0131\u011f\u0131 bir eve bask\u0131n d\u00fczenledi.Bask\u0131n s\u0131ras\u0131nda evde uyuyan 37 ya\u015f\u0131ndaki Hakim Adl\u0131\u011f, sivil <\/p>\n","protected":false},"author":1,"featured_media":0,"comment_status":"open","ping_status":"closed","sticky":false,"template":"","format":"standard","meta":{"footnotes":""},"categories":[105],"tags":[],"class_list":["post-7242","post","type-post","status-publish","format-standard","hentry","category-gundem","odd"],"_links":{"self":[{"href":"http:\/\/www.korhanyilmaz.com\/index.php?rest_route=\/wp\/v2\/posts\/7242","targetHints":{"allow":["GET"]}}],"collection":[{"href":"http:\/\/www.korhanyilmaz.com\/index.php?rest_route=\/wp\/v2\/posts"}],"about":[{"href":"http:\/\/www.korhanyilmaz.com\/index.php?rest_route=\/wp\/v2\/types\/post"}],"author":[{"embeddable":true,"href":"http:\/\/www.korhanyilmaz.com\/index.php?rest_route=\/wp\/v2\/users\/1"}],"replies":[{"embeddable":true,"href":"http:\/\/www.korhanyilmaz.com\/index.php?rest_route=%2Fwp%2Fv2%2Fcomments&post=7242"}],"version-history":[{"count":0,"href":"http:\/\/www.korhanyilmaz.com\/index.php?rest_route=\/wp\/v2\/posts\/7242\/revisions"}],"wp:attachment":[{"href":"http:\/\/www.korhanyilmaz.com\/index.php?rest_route=%2Fwp%2Fv2%2Fmedia&parent=7242"}],"wp:term":[{"taxonomy":"category","embeddable":true,"href":"http:\/\/www.korhanyilmaz.com\/index.php?rest_route=%2Fwp%2Fv2%2Fcategories&post=7242"},{"taxonomy":"post_tag","embeddable":true,"href":"http:\/\/www.korhanyilmaz.com\/index.php?rest_route=%2Fwp%2Fv2%2Ftags&post=7242"}],"curies":[{"name":"wp","href":"https:\/\/api.w.org\/{rel}","templated":true}]}}