{"id":7236,"date":"2009-03-31T13:19:45","date_gmt":"2009-03-31T10:19:45","guid":{"rendered":"http:\/\/www.korhanyilmaz.com\/?p=7236"},"modified":"2009-03-31T13:19:45","modified_gmt":"2009-03-31T10:19:45","slug":"chp%e2%80%99de-degisim-sinyali","status":"publish","type":"post","link":"http:\/\/www.korhanyilmaz.com\/?p=7236","title":{"rendered":"CHP\u2019de de\u011fi\u015fim sinyali"},"content":{"rendered":"<p style=\"text-align: center;\"><img loading=\"lazy\" decoding=\"async\" class=\"size-full wp-image-7238 aligncenter\" title=\"CHP\u2019de de\u011fi\u015fim sinyali \" src=\"http:\/\/www.korhanyilmaz.com\/wp-content\/uploads\/2009\/04\/baykal_kursude_b39290_31213034721.jpg\" alt=\"CHP\u2019de de\u011fi\u015fim sinyali \" width=\"308\" height=\"210\" \/><\/p>\n<p style=\"text-align: justify;\"><strong>Se\u00e7imlerden sonra suskunlu\u011funu bozdu ve.. <\/strong><\/p>\n<p style=\"text-align: justify;\">Se\u00e7imi de\u011ferlendiren Baykal, h\u00fck\u00fcmete \u00f6m\u00fcr bi\u00e7ti. Yeni bir d\u00f6nemin a\u00e7\u0131ld\u0131\u011f\u0131n\u0131 s\u00f6yleyen Baykal, kendisi i\u00e7in de dersler \u00e7\u0131kard\u0131: &#8220;Art\u0131k yeni sorumluluklara, yeni g\u00f6revlere haz\u0131rlanmal\u0131y\u0131z&#8221;<\/p>\n<p style=\"text-align: justify;\">ANKARA- CHP Genel Ba\u015fkan\u0131 Deniz Baykal, se\u00e7imlerden sonra suskunlu\u011funu d\u00fcn bozdu. Partisinin genel merkezinde bas\u0131n toplant\u0131s\u0131 d\u00fczenleyen Baykal, &#8220;Art\u0131k hi\u00e7bir \u015fey eskisi gibi olmayacakt\u0131r&#8221; dedi. Baykal, CHP&#8217;nin oy alamad\u0131\u011f\u0131 ya da oy kaybetti\u011fi yerlerle ilgili olarak \u00f6zele\u015ftiri de yapt\u0131. Baykal&#8217;\u0131n konu\u015fmas\u0131 \u00f6zetle \u015f\u00f6yle: <!--more--><\/p>\n<p style=\"text-align: justify;\"><strong>YEN\u0130 B\u0130R D\u00d6NEM A\u00c7ILIYOR:<\/strong> Se\u00e7imlerdeki tablo T\u00fcrkiye&#8217;de yeni bir d\u00f6nemin a\u00e7\u0131lmakta oldu\u011funu g\u00f6stermi\u015ftir. T\u00fcrkiye yeni bir siyasi \u015fekillenmenin i\u00e7indedir. Art\u0131k siyaset bu se\u00e7imden sonra farkl\u0131 olacakt\u0131r. Bu se\u00e7imler siyasi tablonun k\u00f6kl\u00fc \u015fekilde de\u011fi\u015fece\u011fini g\u00f6stermi\u015ftir.<\/p>\n<p style=\"text-align: justify;\"><strong>AKP VE S\u0130YAS\u0130 KIRILMA:<\/strong> Bu se\u00e7imde AKP ciddi bir oy kayb\u0131 ile kar\u015f\u0131 kar\u015f\u0131yad\u0131r. T\u00fcrkiye&#8217;nin her yerinde sonu\u00e7 b\u00f6yledir. AKP 2007 genel se\u00e7imlerine g\u00f6re 8 puan oy kaybetmi\u015ftir. Bu se\u00e7im bir yerel se\u00e7im olmas\u0131na ve iktidar\u0131n t\u00fcm olanaklar\u0131 kullan\u0131lmas\u0131na kar\u015f\u0131n bu d\u00fc\u015f\u00fc\u015f ya\u015fanm\u0131\u015ft\u0131r. Bu anlamda bu 8 puanl\u0131k gerilime, \u00f6nemli bir siyasi k\u0131r\u0131lmad\u0131r. AKP, 2009 se\u00e7imlerinde \u00f6nemli bir siyasi k\u0131r\u0131lma ya\u015fam\u0131\u015ft\u0131r.<\/p>\n<p style=\"text-align: justify;\"><strong>\u0130KT\u0130DAR G\u0130D\u0130C\u0130D\u0130R:<\/strong> AKP oy kaybetmekte, muhalefet ise g\u00fc\u00e7lenmektedir. Bu se\u00e7imlerin yeni bir siyasi \u015fekillenmenin i\u015faretlerini ta\u015f\u0131yan belirleyici se\u00e7im olarak g\u00f6rd\u00fc\u011f\u00fcm\u00fc s\u00f6ylemeliyim. Siyaset art\u0131k bu se\u00e7imden sonra farkl\u0131 olacakt\u0131r. Art\u0131k hi\u00e7bir \u015fey eskisi gibi olmayacakt\u0131r. Demokrasiye olan g\u00fcven artm\u0131\u015ft\u0131r. \u0130ktidara d\u00fc\u015fen g\u00f6rev, gidici oldu\u011funu i\u00e7ine sindirerek siyaset yapmas\u0131d\u0131r. Ataca\u011f\u0131 her ad\u0131m\u0131n kendisini oradan uzakla\u015ft\u0131rd\u0131ktan sonra ne olaca\u011f\u0131 sonucunu d\u00fc\u015f\u00fcnmelidir.<\/p>\n<p style=\"text-align: justify;\"><strong>MUHALEFETE D\u00dc\u015eEN G\u00d6REV:<\/strong> CHP, bu se\u00e7imlerden yeni sorumluluklarla g\u00f6reve haz\u0131rlanmas\u0131 gerekti\u011fi mesaj\u0131n\u0131 \u00e7\u0131kart\u0131yor. Bu konuda daima belli bir haz\u0131rl\u0131k i\u00e7indeydik. Ama topluma belki tam yans\u0131tamad\u0131k. Belki toplumun dikkatini tam bu noktalara y\u00f6neltemedik. Ama art\u0131k toplum CHP&#8217;ye yeni taleplerle bakacakt\u0131r. B\u00f6yle bir ilgiye yan\u0131t verebilmek i\u00e7in yeni sorumluluklar\u0131n gere\u011fini yerine getirece\u011fiz.<\/p>\n<p style=\"text-align: justify;\"><strong>\u00d6RG\u00dcTSEL ZAAF\u0130YETLER\u0130M\u0130Z:<\/strong> Belli b\u00f6lgelerde kabul edilemez oy tablosu ile kar\u015f\u0131 kar\u015f\u0131ya kald\u0131k. Bunun nedenlerinin ortaya \u00e7\u0131kar\u0131lmas\u0131 i\u00e7in ciddi \u00e7al\u0131\u015fma yapaca\u011f\u0131z. &#8216;CHP, neden olmas\u0131 gereken oranda de\u011fil de, bunun alt\u0131nda oy ald\u0131&#8217; bunu ara\u015ft\u0131raca\u011f\u0131z. Bunun alt\u0131nda \u00f6rg\u00fctsel zaafiyetler mi, ileti\u015fimsizlik mi, ili\u015fkilerin geli\u015ftirilememesi mi bunlar\u0131 ortaya \u00e7\u0131kartaca\u011f\u0131z. Bunlardan \u00e7\u0131kacak sonuca g\u00f6re bu b\u00f6lgelere odakl\u0131 projeler geli\u015ftirece\u011fiz.<\/p>\n<p style=\"text-align: justify;\"><strong>YEN\u0130DEN YAPILANMA:<\/strong> CHP de kendisini yeniden yap\u0131land\u0131racak, yeni olanaklar\u0131 geli\u015ftirecek; yeni haz\u0131rl\u0131klara giri\u015fecektir. Bu se\u00e7imlerden sonra CHP&#8217;nin daha zenginle\u015fece\u011fini d\u00fc\u015f\u00fcn\u00fcyoruz. CHP uzun s\u00fcreden beri toplumu giderek kavrayacak siyasi parti konumuna d\u00f6n\u00fc\u015fm\u00fc\u015ft\u00fcr. Bu ger\u00e7ek ortaya \u00e7\u0131kmaya ba\u015flam\u0131\u015ft\u0131r. CHP toplumun her kesimine sahip \u00e7\u0131kacak parti konumuna d\u00f6n\u00fc\u015fm\u00fc\u015ft\u00fcr.<\/p>\n<p style=\"text-align: justify;\"><strong>&#8216;Kemal Bey yerime ge\u00e7ebilir&#8217;<\/strong><\/p>\n<p style=\"text-align: justify;\">CHP lideri Baykal gazetecilerin Kemal K\u0131l\u0131\u00e7daro\u011flu&#8217;nun olas\u0131 bir genel ba\u015fkan adayl\u0131\u011f\u0131na ili\u015fkin soru \u00fczerine &#8220;Niye olmas\u0131n? Elbette kendi karar verirse, partililer uygun g\u00f6r\u00fcrse olabilir. B\u00f6yle bir sorunumuz yok&#8221; dedi. Baykal, Ba\u015fbakan&#8217;\u0131n Antalya&#8217;y\u0131 kaybetmesine ili\u015fkin de\u011ferlendirmelerinin sorulmas\u0131 \u00fczerine ise \u015fu de\u011ferlendirmeyi yapt\u0131: &#8220;Demokrasi bu. Herkes buna sayg\u0131 g\u00f6sterecek. Bu sayg\u0131 nas\u0131l kendini g\u00f6sterecek? En az 28 kere kendisini Antalya&#8217;ya bekliyoruz. Belediye kimin elinde olursa olsun Ba\u015fbakanlar halka e\u015fit davran\u0131rlar. Kendisini ayn\u0131 s\u0131kl\u0131kla daha fazla bekliyoruz. O hizmetleri daha da art\u0131rs\u0131n. Siyaset sadece oy i\u00e7in yap\u0131lmaz. Diyoruz ya &#8216;Demokrasi hizmet i\u015fidir&#8217;. Hizmetse Antalya&#8217;n\u0131n ihtiyac\u0131 var.<\/p>\n<p style=\"text-align: justify;\"><span style=\"color: #888888;\">Kaynak : Vatan Gazetesi<\/span><\/p>\n","protected":false},"excerpt":{"rendered":"<p style=\"text-align: center;\">\n<p style=\"text-align: justify;\">Se\u00e7imlerden sonra suskunlu\u011funu bozdu ve.. <\/p>\n<p style=\"text-align: justify;\">Se\u00e7imi de\u011ferlendiren Baykal, h\u00fck\u00fcmete \u00f6m\u00fcr bi\u00e7ti. Yeni bir d\u00f6nemin a\u00e7\u0131ld\u0131\u011f\u0131n\u0131 s\u00f6yleyen Baykal, kendisi i\u00e7in de dersler \u00e7\u0131kard\u0131: &#8220;Art\u0131k yeni sorumluluklara, yeni g\u00f6revlere haz\u0131rlanmal\u0131y\u0131z&#8221;<\/p>\n<p style=\"text-align: justify;\">ANKARA- CHP Genel Ba\u015fkan\u0131 Deniz Baykal, se\u00e7imlerden sonra suskunlu\u011funu d\u00fcn bozdu. Partisinin genel merkezinde bas\u0131n toplant\u0131s\u0131 d\u00fczenleyen <\/p>\n","protected":false},"author":1,"featured_media":0,"comment_status":"open","ping_status":"closed","sticky":false,"template":"","format":"standard","meta":{"footnotes":""},"categories":[105],"tags":[],"class_list":["post-7236","post","type-post","status-publish","format-standard","hentry","category-gundem","odd"],"_links":{"self":[{"href":"http:\/\/www.korhanyilmaz.com\/index.php?rest_route=\/wp\/v2\/posts\/7236","targetHints":{"allow":["GET"]}}],"collection":[{"href":"http:\/\/www.korhanyilmaz.com\/index.php?rest_route=\/wp\/v2\/posts"}],"about":[{"href":"http:\/\/www.korhanyilmaz.com\/index.php?rest_route=\/wp\/v2\/types\/post"}],"author":[{"embeddable":true,"href":"http:\/\/www.korhanyilmaz.com\/index.php?rest_route=\/wp\/v2\/users\/1"}],"replies":[{"embeddable":true,"href":"http:\/\/www.korhanyilmaz.com\/index.php?rest_route=%2Fwp%2Fv2%2Fcomments&post=7236"}],"version-history":[{"count":0,"href":"http:\/\/www.korhanyilmaz.com\/index.php?rest_route=\/wp\/v2\/posts\/7236\/revisions"}],"wp:attachment":[{"href":"http:\/\/www.korhanyilmaz.com\/index.php?rest_route=%2Fwp%2Fv2%2Fmedia&parent=7236"}],"wp:term":[{"taxonomy":"category","embeddable":true,"href":"http:\/\/www.korhanyilmaz.com\/index.php?rest_route=%2Fwp%2Fv2%2Fcategories&post=7236"},{"taxonomy":"post_tag","embeddable":true,"href":"http:\/\/www.korhanyilmaz.com\/index.php?rest_route=%2Fwp%2Fv2%2Ftags&post=7236"}],"curies":[{"name":"wp","href":"https:\/\/api.w.org\/{rel}","templated":true}]}}