{"id":723,"date":"2008-04-16T11:00:01","date_gmt":"2008-04-16T08:00:01","guid":{"rendered":"http:\/\/www.korhanyilmaz.com\/?p=723"},"modified":"2008-04-16T11:00:01","modified_gmt":"2008-04-16T08:00:01","slug":"roberto-carlos-3-ay-yok","status":"publish","type":"post","link":"http:\/\/www.korhanyilmaz.com\/?p=723","title":{"rendered":"Roberto Carlos 3 ay yok!"},"content":{"rendered":"<p style=\"text-align: center;\"><img loading=\"lazy\" decoding=\"async\" class=\"alignnone\" src=\"http:\/\/www.korhanyilmaz.com\/wp-content\/uploads\/2008\/04\/fft3_mf280601.jpg\" alt=\"\" width=\"404\" height=\"106\" \/><\/p>\n<p style=\"text-align: justify;\">Fenerbah\u00e7e&#8217;nin d\u00fcnyaca \u00fcnl\u00fc solbeki Roberto Carlos&#8217;un Brezilya&#8217;ya gitme nedeni \u00f6\u011frenildi: Palmeiras kul\u00fcb\u00fcnde 3 ayl\u0131\u011f\u0131na fizyoterapi tedavisi g\u00f6rmek.<\/p>\n<p style=\"text-align: justify;\">Goal.com&#8217;un haberine g\u00f6re; \u00d6nceki g\u00fcn s\u00fcrpriz bir kararla Brezilya&#8217;ya u\u00e7an ve 1 hafta sonra d\u00f6nece\u011fi a\u00e7\u0131klanan Roberto Carlos, tatile de\u011fil, tedavi olmaya gitmi\u015f. Fenerbah\u00e7e&#8217;nin \u015eampiyonlar Ligi \u00e7eyrek finalindeki rakibi Sevilla&#8217;yla yapt\u0131\u011f\u0131 ilk ma\u00e7ta sol baca\u011f\u0131ndan sakatlanan Carlos&#8217;un tedavisinin 3 ay s\u00fcrmesi \u00f6ng\u00f6r\u00fcl\u00fcyor. Ancak Roberto Carlos&#8217;un bu 3 ayl\u0131k s\u00fcreyi T\u00fcrkiye&#8217;de mi yoksa Brezilya&#8217;da m\u0131 ge\u00e7irece\u011fi \u015fimdilik bilinmiyor. <!--more--><\/p>\n<p style=\"text-align: justify;\">Sakatl\u0131\u011f\u0131n\u0131n \u00f6\u011frenilmesinin ard\u0131ndan Palmeiras kul\u00fcb\u00fcn\u00fcn teknik direkt\u00f6r\u00fc Wanderley Luxemburgo ve kul\u00fcb\u00fcn ba\u015fkan\u0131 taraf\u0131ndan davet edilerek tedavi olana\u011f\u0131 sunuldu\u011fu ifade edilen Carlos, futbol hayat\u0131na ba\u015flad\u0131\u011f\u0131 Brezilya kul\u00fcb\u00fcn\u00fcn resmi internet sitesine konuyla ilgili bir de a\u00e7\u0131klamada bulundu.<\/p>\n<p style=\"text-align: justify;\">&#8220;Her \u015feyimi Palmeiras&#8217;a bor\u00e7luyum&#8221;<\/p>\n<p style=\"text-align: justify;\">\nBu sakatl\u0131\u011f\u0131n futbol hayat\u0131nda yeni bir d\u00f6nemi a\u00e7t\u0131\u011f\u0131n\u0131 belirten Carlos, &#8220;Kul\u00fcb\u00fc bug\u00fcn y\u00f6neten ekibin yap\u0131s\u0131 nedeniyle Palmeiras&#8217;\u0131 tercih ettim. Burada futbol d\u00fcnyas\u0131 i\u00e7in \u00e7ok \u00f6nemli profesyoneller bulunuyor. Benim oynad\u0131\u011f\u0131m d\u00f6nemden bu yana burada \u00e7ok \u015feyler olumlu olarak de\u011fi\u015fti&#8221; \u015feklinde konu\u015ftu.\n<\/p>\n<p style=\"text-align: justify;\">Futbol kariyerine Palmeiras kul\u00fcb\u00fcnde ba\u015flayan Roberto Carlos, 1993-1995 y\u0131llar\u0131 aras\u0131nda bu tak\u0131mda forma giymi\u015f, daha sonra da \u0130nter Milan&#8217;a transfer olarak Avrupa kariyerine ba\u015flam\u0131\u015ft\u0131. Her t\u00fcrl\u00fc ba\u015far\u0131s\u0131n\u0131 Palmeiras&#8217;ta oynad\u0131\u011f\u0131 d\u00f6neme bor\u00e7lu oldu\u011funu dile getiren Brezilyal\u0131 y\u0131ld\u0131z, &#8220;Palmeiras beni Brezilya ve d\u00fcnya futbolu vitrinine koyan kul\u00fcpt\u00fcr. Bana burada tedavi olma f\u0131rsat\u0131 verdikleri i\u00e7in te\u015fekk\u00fcr ederim&#8221; dedi.<\/p>\n<p style=\"text-align: justify;\">Yanl\u0131\u015f tedavi kurban\u0131<\/p>\n<p style=\"text-align: justify;\">Bu arada Carlos&#8217;un tedavisini ger\u00e7ekle\u015ftirecek olan Palmeiras fizyoterapisti Nilton Petroni, Brezilyal\u0131 solbekin \u00e7ok g\u00fc\u00e7l\u00fc bir fizi\u011fi oldu\u011funu, bunun da iyile\u015fmesine mutlaka katk\u0131 sa\u011flayaca\u011f\u0131n\u0131 ifade etti.<\/p>\n<p style=\"text-align: justify;\">Roberto Carlos, daha \u00f6nce L&#8217;Equipe gazetesine yapt\u0131\u011f\u0131 a\u00e7\u0131klamada, Sevilla ma\u00e7\u0131n\u0131n hemen ard\u0131ndan kendisine verilen ila\u00e7lar\u0131n yanl\u0131\u015f oldu\u011funun anla\u015f\u0131ld\u0131\u011f\u0131n\u0131 ve bu nedenle de sakal\u0131\u011f\u0131n\u0131n beklenenden uzun s\u00fcrd\u00fc\u011f\u00fcn\u00fc s\u00f6ylemi\u015fti.<\/p>\n<p style=\"text-align: justify;\">Kaynak : Milliyet Gazetesi\u00a0<\/p>\n","protected":false},"excerpt":{"rendered":"<p style=\"text-align: center;\">\n<p style=\"text-align: justify;\">Fenerbah\u00e7e&#8217;nin d\u00fcnyaca \u00fcnl\u00fc solbeki Roberto Carlos&#8217;un Brezilya&#8217;ya gitme nedeni \u00f6\u011frenildi: Palmeiras kul\u00fcb\u00fcnde 3 ayl\u0131\u011f\u0131na fizyoterapi tedavisi g\u00f6rmek.<\/p>\n<p style=\"text-align: justify;\">Goal.com&#8217;un haberine g\u00f6re; \u00d6nceki g\u00fcn s\u00fcrpriz bir kararla Brezilya&#8217;ya u\u00e7an ve 1 hafta sonra d\u00f6nece\u011fi a\u00e7\u0131klanan Roberto Carlos, tatile de\u011fil, tedavi olmaya gitmi\u015f. Fenerbah\u00e7e&#8217;nin \u015eampiyonlar Ligi \u00e7eyrek finalindeki rakibi Sevilla&#8217;yla yapt\u0131\u011f\u0131 <\/p>\n","protected":false},"author":1,"featured_media":0,"comment_status":"open","ping_status":"open","sticky":false,"template":"","format":"standard","meta":{"footnotes":""},"categories":[42],"tags":[],"class_list":["post-723","post","type-post","status-publish","format-standard","hentry","category-spor","odd"],"_links":{"self":[{"href":"http:\/\/www.korhanyilmaz.com\/index.php?rest_route=\/wp\/v2\/posts\/723","targetHints":{"allow":["GET"]}}],"collection":[{"href":"http:\/\/www.korhanyilmaz.com\/index.php?rest_route=\/wp\/v2\/posts"}],"about":[{"href":"http:\/\/www.korhanyilmaz.com\/index.php?rest_route=\/wp\/v2\/types\/post"}],"author":[{"embeddable":true,"href":"http:\/\/www.korhanyilmaz.com\/index.php?rest_route=\/wp\/v2\/users\/1"}],"replies":[{"embeddable":true,"href":"http:\/\/www.korhanyilmaz.com\/index.php?rest_route=%2Fwp%2Fv2%2Fcomments&post=723"}],"version-history":[{"count":0,"href":"http:\/\/www.korhanyilmaz.com\/index.php?rest_route=\/wp\/v2\/posts\/723\/revisions"}],"wp:attachment":[{"href":"http:\/\/www.korhanyilmaz.com\/index.php?rest_route=%2Fwp%2Fv2%2Fmedia&parent=723"}],"wp:term":[{"taxonomy":"category","embeddable":true,"href":"http:\/\/www.korhanyilmaz.com\/index.php?rest_route=%2Fwp%2Fv2%2Fcategories&post=723"},{"taxonomy":"post_tag","embeddable":true,"href":"http:\/\/www.korhanyilmaz.com\/index.php?rest_route=%2Fwp%2Fv2%2Ftags&post=723"}],"curies":[{"name":"wp","href":"https:\/\/api.w.org\/{rel}","templated":true}]}}