{"id":7226,"date":"2009-04-01T08:47:31","date_gmt":"2009-04-01T05:47:31","guid":{"rendered":"http:\/\/www.korhanyilmaz.com\/?p=7226"},"modified":"2009-04-01T08:47:31","modified_gmt":"2009-04-01T05:47:31","slug":"bakanlardan-acik-cek","status":"publish","type":"post","link":"http:\/\/www.korhanyilmaz.com\/?p=7226","title":{"rendered":"Bakanlar istifaya haz\u0131r!"},"content":{"rendered":"<p style=\"text-align: center;\"><img loading=\"lazy\" decoding=\"async\" class=\"size-full wp-image-7227 aligncenter\" title=\"Bakanlardan a\u00e7\u0131k \u00e7ek \" src=\"http:\/\/www.korhanyilmaz.com\/wp-content\/uploads\/2009\/04\/010420091020307261042.jpg\" alt=\"Bakanlardan a\u00e7\u0131k \u00e7ek \" width=\"329\" height=\"210\" \/><\/p>\n<p style=\"text-align: justify;\"><strong>Kabineden Erdo\u011fan&#8217;a net mesaj: &#8216;\u0130ste, istifa edelim&#8217;<\/strong><\/p>\n<p style=\"text-align: justify;\">Sabah Gazetesi&#8217;nde bug\u00fcn yay\u0131nlanan habere g\u00f6re, Bakanlar, kabine toplant\u0131s\u0131nda &#8220;Bizi g\u00f6revden alabilirsiniz&#8221; dedi. Sadece \u00c7elik, &#8220;Hepimizi g\u00f6revden al\u0131rsan\u0131z h\u00fck\u00fcmetin ba\u015far\u0131s\u0131zl\u0131\u011f\u0131 gibi yorumlan\u0131r&#8221; uyar\u0131s\u0131 yapt\u0131.<\/p>\n<p style=\"text-align: justify;\">AKP&#8217;nin 29 Mart&#8217;taki yerel se\u00e7imlerden bekledi\u011fi iddial\u0131 sonucu alamamas\u0131 ve baz\u0131 illerde belediye ba\u015fkanl\u0131\u011f\u0131 kaybetmesi \u00f6nceki ak\u015fam yap\u0131lan Bakanlar Kurulu toplant\u0131s\u0131na da damgas\u0131n\u0131 vurdu.<!--more--><\/p>\n<p style=\"text-align: justify;\">Ba\u015fbakan Tayyip Erdo\u011fan&#8217;\u0131n, &#8220;Sonu\u00e7lar beni tatmin etmedi&#8221; vurgusu ile kabine revizyonu yapabilece\u011fi y\u00f6n\u00fcndeki a\u00e7\u0131klamas\u0131 kar\u015f\u0131s\u0131nda bakanlar, Erdo\u011fan&#8217;a, &#8220;Bizi g\u00f6revden alabilirsiniz&#8221; diyerek a\u00e7\u0131k \u00e7ek verdi, s\u00f6zl\u00fc olarak istifalar\u0131n\u0131 sunmu\u015f oldular.<\/p>\n<p style=\"text-align: justify;\">Se\u00e7im sonras\u0131 Erdo\u011fan&#8217;\u0131n, verdi\u011fi mesajlar, kabine ve parti y\u00f6netiminde kan tazelenece\u011fi \u015feklinde yorumland\u0131.<\/p>\n<p style=\"text-align: justify;\">Erdo\u011fan, &#8220;Se\u00e7im sonu\u00e7lar\u0131 kabine revizyonu \u00fczerinde etkili olabilir mi?&#8221; \u015feklindeki soruya \u015fu yan\u0131t\u0131 vermi\u015fti: &#8220;Kabinede de\u011fi\u015fiklik se\u00e7imle ba\u011flant\u0131l\u0131 olarak da yap\u0131labilir ama se\u00e7imle ba\u011flant\u0131s\u0131 olmadan da yap\u0131labilir. Se\u00e7im sonras\u0131nda bu ad\u0131m\u0131 atarak yola devam etmek grubumuz i\u00e7erisinde de anormal bir \u015fey olmayaca\u011f\u0131 gibi, kabinenin i\u00e7indeki arkada\u015flar\u0131m taraf\u0131ndan da anormal kar\u015f\u0131lanmayacakt\u0131r, kar\u015f\u0131lanmamal\u0131d\u0131r. \u00c7\u00fcnk\u00fc eninde sonunda burada yakla\u015f\u0131k 6.5 y\u0131ld\u0131r iktidarda olan bir partiyiz. Zaman zaman bu de\u011fi\u015fiklikleri yapt\u0131k, bundan sonra da yapaca\u011f\u0131z, kimse ilanihaye orada oturacak de\u011fil.&#8221;<\/p>\n<p style=\"text-align: justify;\">Toplant\u0131n\u0131n rutin g\u00fcndeminin tamamlanmas\u0131n\u0131n ard\u0131ndan \u00f6zel oturuma ge\u00e7ildi. B\u00fcrokratlar ve Bakanlar Kurulu Sekreteri d\u0131\u015far\u0131 \u00e7\u0131kar\u0131ld\u0131.<\/p>\n<p style=\"text-align: justify;\"><strong>\u00c7EL\u0130K \u0130T\u0130RAZ ETT\u0130 <\/strong><\/p>\n<p style=\"text-align: justify;\">Erdo\u011fan&#8217;\u0131n genel de\u011ferlendirmesinin ard\u0131ndan, t\u00fcm bakanlar tek tek s\u00f6z alarak, se\u00e7im sonu\u00e7lar\u0131yla ilgili g\u00f6r\u00fc\u015flerini sundu. Biri d\u0131\u015f\u0131nda bakanlar\u0131n t\u00fcm\u00fc Erdo\u011fan&#8217;a, &#8220;Bizleri g\u00f6revden alabilirsiniz, eliniz rahat olsun&#8221; mesaj\u0131 verdi. Milli E\u011fitim Bakan\u0131 H\u00fcseyin \u00c7elik &#8220;Hepimizin ayn\u0131 anda g\u00f6revden al\u0131nmas\u0131 do\u011fru olmaz. H\u00fck\u00fcmetin genel olarak ba\u015far\u0131s\u0131z oldu\u011fu d\u00fc\u015f\u00fcn\u00fcl\u00fcr. Halbuki ald\u0131\u011f\u0131m\u0131z oy oran\u0131na bak\u0131ld\u0131\u011f\u0131nda ba\u015far\u0131s\u0131z oldu\u011fumuzu d\u00fc\u015f\u00fcnm\u00fcyorum&#8221; dedi. Erdo\u011fan, kabine de\u011fi\u015fikli\u011fi konusunda a\u00e7\u0131k bir \u015fey s\u00f6ylemedi, &#8220;\u0130\u015fimize bakal\u0131m&#8221; demekle yetindi.<\/p>\n<p style=\"text-align: justify;\"><a href=\"http:\/\/haber.gazetevatan.com\/haberdetay.asp?Newsid=230944&amp;Categoryid=9\" target=\"_blank\"><span style=\"color: #888888;\">Kaynak : Vatan Gazetesi<\/span><\/a><\/p>\n","protected":false},"excerpt":{"rendered":"<p style=\"text-align: center;\">\n<p style=\"text-align: justify;\">Kabineden Erdo\u011fan&#8217;a net mesaj: &#8216;\u0130ste, istifa edelim&#8217;<\/p>\n<p style=\"text-align: justify;\">Sabah Gazetesi&#8217;nde bug\u00fcn yay\u0131nlanan habere g\u00f6re, Bakanlar, kabine toplant\u0131s\u0131nda &#8220;Bizi g\u00f6revden alabilirsiniz&#8221; dedi. Sadece \u00c7elik, &#8220;Hepimizi g\u00f6revden al\u0131rsan\u0131z h\u00fck\u00fcmetin ba\u015far\u0131s\u0131zl\u0131\u011f\u0131 gibi yorumlan\u0131r&#8221; uyar\u0131s\u0131 yapt\u0131.<\/p>\n<p style=\"text-align: justify;\">AKP&#8217;nin 29 Mart&#8217;taki yerel se\u00e7imlerden bekledi\u011fi iddial\u0131 sonucu alamamas\u0131 ve baz\u0131 illerde belediye ba\u015fkanl\u0131\u011f\u0131 kaybetmesi <\/p>\n","protected":false},"author":1,"featured_media":0,"comment_status":"open","ping_status":"closed","sticky":false,"template":"","format":"standard","meta":{"footnotes":""},"categories":[105],"tags":[],"class_list":["post-7226","post","type-post","status-publish","format-standard","hentry","category-gundem","odd"],"_links":{"self":[{"href":"http:\/\/www.korhanyilmaz.com\/index.php?rest_route=\/wp\/v2\/posts\/7226","targetHints":{"allow":["GET"]}}],"collection":[{"href":"http:\/\/www.korhanyilmaz.com\/index.php?rest_route=\/wp\/v2\/posts"}],"about":[{"href":"http:\/\/www.korhanyilmaz.com\/index.php?rest_route=\/wp\/v2\/types\/post"}],"author":[{"embeddable":true,"href":"http:\/\/www.korhanyilmaz.com\/index.php?rest_route=\/wp\/v2\/users\/1"}],"replies":[{"embeddable":true,"href":"http:\/\/www.korhanyilmaz.com\/index.php?rest_route=%2Fwp%2Fv2%2Fcomments&post=7226"}],"version-history":[{"count":0,"href":"http:\/\/www.korhanyilmaz.com\/index.php?rest_route=\/wp\/v2\/posts\/7226\/revisions"}],"wp:attachment":[{"href":"http:\/\/www.korhanyilmaz.com\/index.php?rest_route=%2Fwp%2Fv2%2Fmedia&parent=7226"}],"wp:term":[{"taxonomy":"category","embeddable":true,"href":"http:\/\/www.korhanyilmaz.com\/index.php?rest_route=%2Fwp%2Fv2%2Fcategories&post=7226"},{"taxonomy":"post_tag","embeddable":true,"href":"http:\/\/www.korhanyilmaz.com\/index.php?rest_route=%2Fwp%2Fv2%2Ftags&post=7226"}],"curies":[{"name":"wp","href":"https:\/\/api.w.org\/{rel}","templated":true}]}}