{"id":7222,"date":"2009-04-01T10:37:08","date_gmt":"2009-04-01T07:37:08","guid":{"rendered":"http:\/\/www.korhanyilmaz.com\/?p=7222"},"modified":"2009-04-01T10:37:08","modified_gmt":"2009-04-01T07:37:08","slug":"akp-bir-daha-%388%e2%80%99lik-orana-yaklasamayacak","status":"publish","type":"post","link":"http:\/\/www.korhanyilmaz.com\/?p=7222","title":{"rendered":"AKP bir daha %38.8\u2019lik orana yakla\u015famayacak!"},"content":{"rendered":"<p style=\"text-align: center;\"><img loading=\"lazy\" decoding=\"async\" class=\"size-full wp-image-7223 aligncenter\" title=\"AKP bir daha %38.8\u2019lik orana yakla\u015famayacak! \" src=\"http:\/\/www.korhanyilmaz.com\/wp-content\/uploads\/2009\/04\/010420090444176860451.jpg\" alt=\"AKP bir daha %38.8\u2019lik orana yakla\u015famayacak! \" width=\"329\" height=\"210\" \/><\/p>\n<p style=\"text-align: justify;\"><strong>Eski Ba\u015fbakan Yard\u0131mc\u0131s\u0131 Abd\u00fcllatif \u015eener&#8217;in 29 Mart de\u011ferlendirmesi \u015f\u00f6yle: Sonu\u00e7 iktidar\u0131n biti\u015f s\u00fcrecine girdi\u011fini g\u00f6steriyor. Milletvekili se\u00e7imine kadar 2 y\u0131l boyunca d\u00fc\u015f\u00fc\u015f s\u00fcrekli devam edecek <\/strong>.<\/p>\n<p style=\"text-align: justify;\">H\u00fck\u00fcmetin 2007 Genel Se\u00e7im sonu\u00e7lar\u0131na g\u00f6re 7.75 puan, 2004 Yerel Se\u00e7imleri \u0130l Genel Meclisi sonu\u00e7lar\u0131na g\u00f6re ise 2.84 puan oy kaybetmesi \u00fczerine, bu se\u00e7im sonu\u00e7lar\u0131na ili\u015fkin en kritik de\u011ferlendirme Ba\u015fbakan eski Yard\u0131mc\u0131s\u0131 Abd\u00fcllatif \u015eener&#8217;den geldi. \u015eener, &#8220;Bu sonu\u00e7lar, iktidar\u0131n biti\u015f s\u00fcrecine girdi\u011fini g\u00f6steren ilk ciddi sinyaldir. Ayr\u0131ca bu sonu\u00e7lar, 2 y\u0131l sonraki milletvekili se\u00e7imlerine kadar iktidar\u0131n oylar\u0131ndaki bu d\u00fc\u015f\u00fc\u015f\u00fcn s\u00fcrekli olarak devam edece\u011fini de g\u00f6steriyor. \u0130ddia ediyorum ki, iktidar bir daha asla \u015fu anda ald\u0131\u011f\u0131 y\u00fczde 38.8&#8217;lik oy oran\u0131na bile yakla\u015famayacak&#8221; diye konu\u015ftu. Se\u00e7imlerden \u00e7ok k\u0131sa bir s\u00fcre \u00f6nce, AKP&#8217;nin se\u00e7imde alaca\u011f\u0131 oy oran\u0131n\u0131 y\u00fczde 38 olarak tahmin etti\u011fini, bu de\u011ferlendirmesinin kamuoyonu yans\u0131d\u0131\u011f\u0131n\u0131 hat\u0131rlatan \u015eener, &#8220;Y\u00fczde 38&#8217;lik oy oran\u0131 tahmini, elbette T\u00fcrkiye&#8217;nin \u00e7ok \u00e7e\u015fitli b\u00f6lgelerinden gelen bilgiler ve geli\u015fmeler \u0131\u015f\u0131\u011f\u0131nda bunca zamanl\u0131k birikimine dayal\u0131 olarak yapt\u0131k&#8221; dedi. \u015eener, se\u00e7im sonu\u00e7lar\u0131n\u0131 \u015f\u00f6yle de\u011ferlendirdi. <!--more--><\/p>\n<p style=\"text-align: justify;\"><strong>Biti\u015f s\u00fcreci:<\/strong> Sonu\u00e7lar iktidar\u0131n biti\u015f s\u00fcrecine girdi\u011fini g\u00f6steriyor. Bu sonu\u00e7lar ilk ciddi sinyaldir. Ancak ayn\u0131 zamanda mevcut partilerin vatanda\u015f a\u00e7\u0131s\u0131ndan iktidar aray\u0131\u015f\u0131n\u0131 kar\u015f\u0131lamad\u0131\u011f\u0131n\u0131 da ortaya koyuyor. Yani hi\u00e7bir partinin ald\u0131\u011f\u0131 oyu, partilerin se\u00e7im performans\u0131n\u0131 umut olarak g\u00f6rmek m\u00fcmk\u00fcn de\u011fil. Bak\u0131n \u015fu andan itibaren 3 ayda bir bir kamuoyu yoklamas\u0131 yapt\u0131r\u0131n, bu d\u00f6nemler sonunda iktidar oylar\u0131n\u0131n d\u00fc\u015fmeye devam etti\u011fini g\u00f6receksiniz. Oylar\u0131 2 y\u0131l sonra ger\u00e7ekle\u015fecek olan milletvekili se\u00e7imlerine kadar s\u00fcrekli eriyecek olan bir iktidar\u0131 ve yeni bir iktidar aray\u0131\u015f\u0131n\u0131n ba\u015flad\u0131\u011f\u0131n\u0131 g\u00f6steriyor. Bu sonu\u00e7lar ilk ciddi sinyaldir.<\/p>\n<p style=\"text-align: justify;\"><strong>MHP ba\u015far\u0131l\u0131 m\u0131?:<\/strong> Bu sonu\u00e7 MHP i\u00e7in de bir ba\u015far\u0131 olarak yorumlanamaz. Muhalefetteki bir partinin iktidar\u0131n patinaj yapt\u0131\u011f\u0131 bir yerde y\u00fczde 1.5 oyunu art\u0131rmas\u0131 ba\u015far\u0131 m\u0131d\u0131r? MHP&#8217;nin oylar\u0131 &#8220;emanet&#8221; oylard\u0131r. Yani &#8216;ben iktidara vermiyorum ama sola da veremem, o zaman mecburen MHP&#8217;ye vereyim&#8217;diyen vatanda\u015f\u0131n oylar\u0131d\u0131r ve burada kal\u0131c\u0131 de\u011fildir. Ayr\u0131ca MHP, geleneksel olarak g\u00fc\u00e7l\u00fc oldu\u011fu yerlerde \u00e7ok oy alamam\u0131\u015ft\u0131r. Ama \u00f6rne\u011fin Bal\u0131kesir. Bal\u0131kesir&#8217;in tarihinde MHP yok. Ama AKP&#8217;ye vermek istemiyor, sola vermek de istemiyor, ne yap\u0131yor MHP&#8217;ye veriyor.<\/p>\n<p style=\"text-align: justify;\"><strong>Yakla\u015famayacak:<\/strong> Bak\u0131n daha ekonomik krizin etkilerini yeni ya\u015famaya ba\u015flad\u0131k. bu etkiler daha da s\u00fcrecek ve art\u0131k artarak ya\u015fanacak. \u00d6rne\u011fin i\u015fsiz kalanlar daha i\u015fsizlik paras\u0131 al\u0131yorlar. Ama belli bir s\u00fcresi olan bu t\u00fcr yard\u0131mlar da bitecek. Bir yandan da ekonomide d\u00fczelme yok, tersine vatanda\u015f ekonomik krizin sonu\u00e7lar\u0131n\u0131 daha a\u011f\u0131r ya\u015fayacak. Yani iktidar\u0131n bu se\u00e7imlerde ald\u0131\u011f\u0131 y\u00fczde 38.8&#8217;lik oy oran\u0131, iktidar\u0131n bir daha asla yak\u0131n\u0131na bile yakla\u015famayaca\u011f\u0131 bir oy oran\u0131.<\/p>\n<p style=\"text-align: justify;\"><strong>Ba\u015fbakan mutlu mu?:<\/strong> \u015eu anda iktidar partisindeki herkesin oturup bir de\u011ferlendirme yapmas\u0131 gerek. Ama onlar \u015fu anda bunu yapmak yerine Ba\u015fbakan&#8217;a bak\u0131yorlar. Ba\u015fbakan&#8217;\u0131n alg\u0131lamas\u0131 nas\u0131l diye&#8230; O mutlu mu mutsuz mu diye. Ba\u015fbakan&#8217;\u0131n mutlu olmad\u0131\u011f\u0131 da a\u00e7\u0131k. Ama bilirler ki Ba\u015fbakan, t\u00fcm oylar\u0131n y\u00fczde 1&#8217;ini bile kendisi d\u0131\u015f\u0131nda bir ba\u015fka parti alsa, asla mutlu olmaz.<\/p>\n<p style=\"text-align: justify;\"><strong>A\u015fa\u011f\u0131dan yukar\u0131dan yolun sonu g\u00f6r\u00fcn\u00fcyor<\/strong><\/p>\n<p style=\"text-align: justify;\">Ba\u015ebakan eski Yard\u0131mc\u0131s\u0131 Abd\u00fcllatif \u015eener, yapt\u0131\u011f\u0131 siyasi de\u011ferlendirmelerin ard\u0131ndan &#8220;Musa Ero\u011flu&#8217;nun bir t\u00fcrk\u00fcs\u00fc var. Bilir misiniz?&#8221; diye sordu. K\u0131sa bir s\u00fcre hat\u0131rlamaya \u00e7al\u0131\u015ft\u0131ktan sonra, &#8220;Hani &#8216;a\u015fa\u011f\u0131dan yukar\u0131dan yolun sonu g\u00f6r\u00fcn\u00fcyor&#8230;&#8217;diyen bir t\u00fcrk\u00fc&#8221; dedi. T\u00fcrk\u00fcn\u00fcn s\u00f6zlerinin bir ka\u00e7 m\u0131sras\u0131n\u0131 hat\u0131rlatan \u015eener, &#8220;\u0130\u015fte bu sonu\u00e7lar, art\u0131k bu t\u00fcrk\u00fcy\u00fc g\u00fcndeme getirdi&#8221; dedi. \u015eener \u015funlar\u0131 s\u00f6yledi: &#8220;\u00c7ok g\u00fczel bir t\u00fcrk\u00fc zaten. Ama art\u0131k bu t\u00fcrk\u00fc Ba\u015fbakan&#8217;\u0131n t\u00fcrk\u00fcs\u00fc oldu. O t\u00fcrk\u00fcy\u00fc bir dinleyin. Yolun sonu g\u00f6r\u00fcn\u00fcyor&#8230;&#8221;<\/p>\n<p style=\"text-align: justify;\"><a class=\"lightview\" title=\"Erdo\u011fan'a T\u00fcrk\u00fcl\u00fc G\u00f6nderme ::  :: width: 500, height: 395\" rel=\"iframe\" href=\"http:\/\/www.korhanyilmaz.com\/swf\/flvplayer.swf?file=http:\/\/data.gazetevatan.com\/video\/file\/010420090938566952673.flv\"><img loading=\"lazy\" decoding=\"async\" class=\"aligncenter\" title=\"T\u00fcrk\u00fcy\u00fc Dinlemek \u0130\u00e7in T\u0131klay\u0131n..\" src=\"wp-data\/images\/video_izle_tikla.png\" alt=\"\" width=\"30\" height=\"30\" \/ class=\"lightview\"><\/a><\/p>\n<p style=\"text-align: justify;\"><a href=\"http:\/\/haber.gazetevatan.com\/haberdetay.asp?detay=Erdogana_turkulu_gonderme&amp;tarih=01.04.2009&amp;Newsid=230920&amp;Categoryid=1\" target=\"_blank\"><span style=\"color: #888888;\">Kaynak : G\u00fcl\u00fcmhan G\u00dcLTEN \/ VATAN ANKARA<\/span><\/a><\/p>\n","protected":false},"excerpt":{"rendered":"<p style=\"text-align: center;\">\n<p style=\"text-align: justify;\">Eski Ba\u015fbakan Yard\u0131mc\u0131s\u0131 Abd\u00fcllatif \u015eener&#8217;in 29 Mart de\u011ferlendirmesi \u015f\u00f6yle: Sonu\u00e7 iktidar\u0131n biti\u015f s\u00fcrecine girdi\u011fini g\u00f6steriyor. Milletvekili se\u00e7imine kadar 2 y\u0131l boyunca d\u00fc\u015f\u00fc\u015f s\u00fcrekli devam edecek .<\/p>\n<p style=\"text-align: justify;\">H\u00fck\u00fcmetin 2007 Genel Se\u00e7im sonu\u00e7lar\u0131na g\u00f6re 7.75 puan, 2004 Yerel Se\u00e7imleri \u0130l Genel Meclisi sonu\u00e7lar\u0131na g\u00f6re ise 2.84 puan oy kaybetmesi \u00fczerine, <\/p>\n","protected":false},"author":1,"featured_media":0,"comment_status":"open","ping_status":"closed","sticky":false,"template":"","format":"standard","meta":{"footnotes":""},"categories":[105],"tags":[],"class_list":["post-7222","post","type-post","status-publish","format-standard","hentry","category-gundem","odd"],"_links":{"self":[{"href":"http:\/\/www.korhanyilmaz.com\/index.php?rest_route=\/wp\/v2\/posts\/7222","targetHints":{"allow":["GET"]}}],"collection":[{"href":"http:\/\/www.korhanyilmaz.com\/index.php?rest_route=\/wp\/v2\/posts"}],"about":[{"href":"http:\/\/www.korhanyilmaz.com\/index.php?rest_route=\/wp\/v2\/types\/post"}],"author":[{"embeddable":true,"href":"http:\/\/www.korhanyilmaz.com\/index.php?rest_route=\/wp\/v2\/users\/1"}],"replies":[{"embeddable":true,"href":"http:\/\/www.korhanyilmaz.com\/index.php?rest_route=%2Fwp%2Fv2%2Fcomments&post=7222"}],"version-history":[{"count":0,"href":"http:\/\/www.korhanyilmaz.com\/index.php?rest_route=\/wp\/v2\/posts\/7222\/revisions"}],"wp:attachment":[{"href":"http:\/\/www.korhanyilmaz.com\/index.php?rest_route=%2Fwp%2Fv2%2Fmedia&parent=7222"}],"wp:term":[{"taxonomy":"category","embeddable":true,"href":"http:\/\/www.korhanyilmaz.com\/index.php?rest_route=%2Fwp%2Fv2%2Fcategories&post=7222"},{"taxonomy":"post_tag","embeddable":true,"href":"http:\/\/www.korhanyilmaz.com\/index.php?rest_route=%2Fwp%2Fv2%2Ftags&post=7222"}],"curies":[{"name":"wp","href":"https:\/\/api.w.org\/{rel}","templated":true}]}}