{"id":7212,"date":"2009-04-01T09:49:15","date_gmt":"2009-04-01T06:49:15","guid":{"rendered":"http:\/\/www.korhanyilmaz.com\/?p=7212"},"modified":"2011-08-12T21:02:54","modified_gmt":"2011-08-12T18:02:54","slug":"yazicioglu-kazasindan-suphelenin","status":"publish","type":"post","link":"http:\/\/www.korhanyilmaz.com\/?p=7212","title":{"rendered":"&#8216;Yaz\u0131c\u0131o\u011flu kazas\u0131ndan \u015f\u00fcphelenin&#8217;"},"content":{"rendered":"<p style=\"text-align: center;\"><img loading=\"lazy\" decoding=\"async\" class=\"aligncenter size-full wp-image-7320\" src=\"http:\/\/www.korhanyilmaz.com\/wp-content\/uploads\/2009\/04\/fft28_mf147878.jpeg\" alt=\"\" width=\"306\" height=\"204\" \/><\/p>\n<p style=\"text-align: justify;\"><strong>G\u00fclen, E\u015fref Bitlis&#8217;in \u00f6l\u00fcm\u00fc ile BBP liderinin \u00f6l\u00fcm\u00fc aras\u0131nda ili\u015fki kurdu<\/strong><\/p>\n<p style=\"text-align: justify;\"><strong>&#8216;Bir y\u00f6n\u00fcyle \u015f\u00fcphelenmek laz\u0131m. Her \u015feyi kurcalamak laz\u0131m&#8217;<\/strong><\/p>\n<p style=\"text-align: justify;\">BBP Genel Ba\u015fkan\u0131 Muhsin Yaz\u0131c\u0131o\u011flu&#8217;nun ge\u00e7irdi\u011fi helikopter kazas\u0131nda hayat\u0131n\u0131 kaybetmesini de\u011ferlendiren Fetullah G\u00fclen, Orgeneral E\u015fref Bitlis&#8217;in de helikopter kazas\u0131nda hayat\u0131n\u0131 kaybetti\u011fini hat\u0131rlat\u0131rken, &#8220;Bir y\u00f6n\u00fcyle \u015f\u00fcphelenmek laz\u0131m. Her \u015feyi kurcalamak laz\u0131m&#8221; dedi.<!--more--><\/p>\n<p style=\"text-align: justify;\">Fetullah G\u00fclen, www.herkul.org sitesindeki s\u00f6yle\u015fisinde Yaz\u0131c\u0131o\u011flu&#8217;nun &#8216;\u00f6rnek bir Anadolu insan\u0131&#8217; oldu\u011funu s\u00f6ylerken &#8220;Anadolu insan\u0131n\u0131n belli bir d\u00f6nemde \u0130slam&#8217;a ve T\u00fcrk d\u00fcnyas\u0131na kar\u015f\u0131 gelen \u015fer g\u00fc\u00e7lere kar\u015f\u0131 koydu\u011funu&#8221; anlatt\u0131. Yaz\u0131c\u0131o\u011flu&#8217;nun ya\u015fad\u0131\u011f\u0131 kazalar\u0131 kasteden G\u00fclen &#8220;Kendisinin (Yaz\u0131c\u0131o\u011flu) ba\u015f\u0131na da d\u00f6rt-be\u015f defa s\u00fcrpriz trafik kazas\u0131 gelmi\u015f ve onlar\u0131 atlatmaya \u00e7al\u0131\u015fm\u0131\u015f. Bir y\u00f6n\u00fcyle \u015f\u00fcphelenmek laz\u0131m. Her \u015feyi kurcalamak laz\u0131m. Bu helikopter nas\u0131ld\u0131r? Niye b\u00f6yle bir \u015feye itildim, neden ille bununla g\u00f6t\u00fcr\u00fclmek istendim?&#8221; dedi.<\/p>\n<p style=\"text-align: justify;\"><span style=\"color: #888888;\">Kaynak : Radikal<\/span><\/p>\n","protected":false},"excerpt":{"rendered":"<p style=\"text-align: center;\">\n<p style=\"text-align: justify;\">G\u00fclen, E\u015fref Bitlis&#8217;in \u00f6l\u00fcm\u00fc ile BBP liderinin \u00f6l\u00fcm\u00fc aras\u0131nda ili\u015fki kurdu<\/p>\n<p style=\"text-align: justify;\">&#8216;Bir y\u00f6n\u00fcyle \u015f\u00fcphelenmek laz\u0131m. Her \u015feyi kurcalamak laz\u0131m&#8217;<\/p>\n<p style=\"text-align: justify;\">BBP Genel Ba\u015fkan\u0131 Muhsin Yaz\u0131c\u0131o\u011flu&#8217;nun ge\u00e7irdi\u011fi helikopter kazas\u0131nda hayat\u0131n\u0131 kaybetmesini de\u011ferlendiren Fetullah G\u00fclen, Orgeneral E\u015fref Bitlis&#8217;in de helikopter kazas\u0131nda hayat\u0131n\u0131 kaybetti\u011fini hat\u0131rlat\u0131rken, &#8220;Bir y\u00f6n\u00fcyle \u015f\u00fcphelenmek laz\u0131m. Her <\/p>\n","protected":false},"author":1,"featured_media":0,"comment_status":"open","ping_status":"closed","sticky":false,"template":"","format":"standard","meta":{"footnotes":""},"categories":[105],"tags":[144,314,310,103,104],"class_list":["post-7212","post","type-post","status-publish","format-standard","hentry","category-gundem","tag-bbp","tag-esref-bitlis","tag-fethullah-gulen","tag-helikopter-kazasi","tag-muhsin-yazicioglu","odd"],"_links":{"self":[{"href":"http:\/\/www.korhanyilmaz.com\/index.php?rest_route=\/wp\/v2\/posts\/7212","targetHints":{"allow":["GET"]}}],"collection":[{"href":"http:\/\/www.korhanyilmaz.com\/index.php?rest_route=\/wp\/v2\/posts"}],"about":[{"href":"http:\/\/www.korhanyilmaz.com\/index.php?rest_route=\/wp\/v2\/types\/post"}],"author":[{"embeddable":true,"href":"http:\/\/www.korhanyilmaz.com\/index.php?rest_route=\/wp\/v2\/users\/1"}],"replies":[{"embeddable":true,"href":"http:\/\/www.korhanyilmaz.com\/index.php?rest_route=%2Fwp%2Fv2%2Fcomments&post=7212"}],"version-history":[{"count":0,"href":"http:\/\/www.korhanyilmaz.com\/index.php?rest_route=\/wp\/v2\/posts\/7212\/revisions"}],"wp:attachment":[{"href":"http:\/\/www.korhanyilmaz.com\/index.php?rest_route=%2Fwp%2Fv2%2Fmedia&parent=7212"}],"wp:term":[{"taxonomy":"category","embeddable":true,"href":"http:\/\/www.korhanyilmaz.com\/index.php?rest_route=%2Fwp%2Fv2%2Fcategories&post=7212"},{"taxonomy":"post_tag","embeddable":true,"href":"http:\/\/www.korhanyilmaz.com\/index.php?rest_route=%2Fwp%2Fv2%2Ftags&post=7212"}],"curies":[{"name":"wp","href":"https:\/\/api.w.org\/{rel}","templated":true}]}}