{"id":7208,"date":"2009-03-31T00:01:40","date_gmt":"2009-03-30T21:01:40","guid":{"rendered":"http:\/\/www.korhanyilmaz.com\/?p=7208"},"modified":"2009-03-31T00:01:40","modified_gmt":"2009-03-30T21:01:40","slug":"akp-nedenleri-arastiracak","status":"publish","type":"post","link":"http:\/\/www.korhanyilmaz.com\/?p=7208","title":{"rendered":"AKP nedenleri ara\u015ft\u0131racak"},"content":{"rendered":"<p><img loading=\"lazy\" decoding=\"async\" class=\"size-full wp-image-7209 alignleft\" style=\"margin-left: 10px; margin-right: 10px;\" title=\"H\u00fck\u00fcmet s\u00f6zc\u00fcs\u00fc Cemil \u00c7i\u00e7ek\" src=\"http:\/\/www.korhanyilmaz.com\/wp-content\/uploads\/2009\/03\/090330-cicekwidec.jpg\" alt=\"H\u00fck\u00fcmet s\u00f6zc\u00fcs\u00fc Cemil \u00c7i\u00e7ek\" width=\"150\" height=\"193\" \/><\/p>\n<p style=\"text-align: justify;\"><strong>Belediye se\u00e7imlerinin ard\u0131ndan ilk Bakanlar Kurulu toplant\u0131s\u0131 yap\u0131ld\u0131. Yakla\u015f\u0131k 5 saat s\u00fcren toplant\u0131n\u0131n tek maddesi yerel se\u00e7imlerdi.<\/strong><\/p>\n<p style=\"text-align: justify;\"><script type=\"text\/javascript\"><!--\n\t\tfunction UpdateTimeStamp(pdt) {\n\t\t\tvar n = document.getElementById(\"udtD\");\n\t\t\tif(pdt != '' && n && window.DateTime) {\n\t\t\t\tvar dt = new DateTime();\n\t\t\t\tpdt = dt.T2D(pdt);\n\t\t\t\tn.innerHTML = dt.D2S(pdt,((''.toLowerCase()=='false')?false:true));\n\t\t\t}\n\t\t}\n\t\tUpdateTimeStamp('633740536201070000');\n\/\/ --><\/script>\n<\/p>\n<p style=\"text-align: justify;\">Adalet ve Kalk\u0131nma Partisi&#8217;nin ge\u00e7en se\u00e7imlere g\u00f6re oy kaybetti\u011fi yerel se\u00e7im sonu\u00e7lar\u0131, Bakanlar Kurulu&#8217;nda tart\u0131\u015f\u0131ld\u0131.<\/p>\n<p style=\"text-align: justify;\">H\u00fck\u00fcmet s\u00f6zc\u00fcs\u00fc Cemil \u00c7i\u00e7ek, &#8220;Verilen mesaj\u0131 okuyup, gere\u011fini yapaca\u011f\u0131z&#8221; derken, se\u00e7imin kaybedildi\u011fi illerde ara\u015ft\u0131rma kurulu\u015flar\u0131n\u0131n yard\u0131m\u0131yla nab\u0131z yoklayacaklar\u0131n\u0131 s\u00f6yledi.<\/p>\n<p style=\"text-align: justify;\">Yerel se\u00e7imlerin ard\u0131ndan toplanan ilk Bakanlar Kurulu&#8217;nda en \u00f6nemli g\u00fcndem maddesi se\u00e7im sonu\u00e7lar\u0131yd\u0131. Ba\u015fbakan Erdo\u011fan, toplant\u0131ya kat\u0131lan t\u00fcm bakanlardan, T\u00fcrkiye geneli , b\u00f6lgeler ve iller baz\u0131nda se\u00e7im sonu\u00e7lar\u0131na ili\u015fkin ayr\u0131nt\u0131l\u0131 de\u011ferlendirme ald\u0131.<\/p>\n<p style=\"text-align: justify;\"><span style=\"color: #888888;\">Kaynak: NTV<\/span><\/p>\n","protected":false},"excerpt":{"rendered":"<\/p>\n<p style=\"text-align: justify;\">Belediye se\u00e7imlerinin ard\u0131ndan ilk Bakanlar Kurulu toplant\u0131s\u0131 yap\u0131ld\u0131. Yakla\u015f\u0131k 5 saat s\u00fcren toplant\u0131n\u0131n tek maddesi yerel se\u00e7imlerdi.<\/p>\n<p style=\"text-align: justify;\">\n<p style=\"text-align: justify;\">Adalet ve Kalk\u0131nma Partisi&#8217;nin ge\u00e7en se\u00e7imlere g\u00f6re oy kaybetti\u011fi yerel se\u00e7im sonu\u00e7lar\u0131, Bakanlar Kurulu&#8217;nda tart\u0131\u015f\u0131ld\u0131.<\/p>\n<p style=\"text-align: justify;\">H\u00fck\u00fcmet s\u00f6zc\u00fcs\u00fc Cemil \u00c7i\u00e7ek, &#8220;Verilen mesaj\u0131 okuyup, gere\u011fini yapaca\u011f\u0131z&#8221; derken, se\u00e7imin kaybedildi\u011fi <\/p>\n","protected":false},"author":1,"featured_media":0,"comment_status":"open","ping_status":"closed","sticky":false,"template":"","format":"standard","meta":{"footnotes":""},"categories":[105],"tags":[],"class_list":["post-7208","post","type-post","status-publish","format-standard","hentry","category-gundem","odd"],"_links":{"self":[{"href":"http:\/\/www.korhanyilmaz.com\/index.php?rest_route=\/wp\/v2\/posts\/7208","targetHints":{"allow":["GET"]}}],"collection":[{"href":"http:\/\/www.korhanyilmaz.com\/index.php?rest_route=\/wp\/v2\/posts"}],"about":[{"href":"http:\/\/www.korhanyilmaz.com\/index.php?rest_route=\/wp\/v2\/types\/post"}],"author":[{"embeddable":true,"href":"http:\/\/www.korhanyilmaz.com\/index.php?rest_route=\/wp\/v2\/users\/1"}],"replies":[{"embeddable":true,"href":"http:\/\/www.korhanyilmaz.com\/index.php?rest_route=%2Fwp%2Fv2%2Fcomments&post=7208"}],"version-history":[{"count":0,"href":"http:\/\/www.korhanyilmaz.com\/index.php?rest_route=\/wp\/v2\/posts\/7208\/revisions"}],"wp:attachment":[{"href":"http:\/\/www.korhanyilmaz.com\/index.php?rest_route=%2Fwp%2Fv2%2Fmedia&parent=7208"}],"wp:term":[{"taxonomy":"category","embeddable":true,"href":"http:\/\/www.korhanyilmaz.com\/index.php?rest_route=%2Fwp%2Fv2%2Fcategories&post=7208"},{"taxonomy":"post_tag","embeddable":true,"href":"http:\/\/www.korhanyilmaz.com\/index.php?rest_route=%2Fwp%2Fv2%2Ftags&post=7208"}],"curies":[{"name":"wp","href":"https:\/\/api.w.org\/{rel}","templated":true}]}}