{"id":7205,"date":"2009-03-30T18:32:08","date_gmt":"2009-03-30T15:32:08","guid":{"rendered":"http:\/\/www.korhanyilmaz.com\/?p=7205"},"modified":"2009-03-30T18:32:08","modified_gmt":"2009-03-30T15:32:08","slug":"mahin-cayan-ve-arkadaslari-anildi","status":"publish","type":"post","link":"http:\/\/www.korhanyilmaz.com\/?p=7205","title":{"rendered":"Mahin \u00c7ayan ve arkada\u015flar\u0131 an\u0131ld\u0131"},"content":{"rendered":"<p><img loading=\"lazy\" decoding=\"async\" class=\"aligncenter size-full wp-image-7206\" title=\"Mahin \u00c7ayan ve arkada\u015flar\u0131 an\u0131ld\u0131\" src=\"http:\/\/www.korhanyilmaz.com\/wp-content\/uploads\/2009\/03\/102028.jpg\" alt=\"Mahin \u00c7ayan ve arkada\u015flar\u0131 an\u0131ld\u0131\" width=\"250\" height=\"175\" \/><\/p>\n<p style=\"text-align: justify;\"><strong>K\u0131z\u0131ldere&#8217;de hayat\u0131n\u0131 kaybeden Mahir \u00c7ayan ve arkada\u015flar\u0131 mezarlar\u0131 ba\u015f\u0131nda an\u0131ld\u0131.<\/strong><\/p>\n<p style=\"text-align: justify;\"><script type=\"text\/javascript\"><!--\ngetCSS(\"3053751\")\n\/\/ --><\/script><script type=\"text\/javascript\"><!--\n\t\tfunction UpdateTimeStamp(pdt) {\n\t\t\tvar n = document.getElementById(\"udtD\");\n\t\t\tif(pdt != '' && n && window.DateTime) {\n\t\t\t\tvar dt = new DateTime();\n\t\t\t\tpdt = dt.T2D(pdt);\n\t\t\t\tn.innerHTML = dt.D2S(pdt,((''.toLowerCase()=='false')?false:true));\n\t\t\t}\n\t\t}\n\t\tUpdateTimeStamp('633740239771730000');\n\/\/ --><\/script>\n<\/p>\n<p style=\"text-align: justify;\">Kar\u015f\u0131yaka Mezarl\u0131\u011f\u0131&#8217;na gelen gruptakiler, Mahir \u00c7ayan&#8217;\u0131n mezar\u0131 ba\u015f\u0131nda toplanarak, bir s\u00fcre slogan att\u0131.<\/p>\n<p style=\"text-align: justify;\">Burada grup ad\u0131na yap\u0131lan a\u00e7\u0131klamada, Mahir \u00c7ayan ve arkada\u015flar\u0131n\u0131n t\u00fcm insanlar\u0131n karde\u015f\u00e7e, \u00f6zg\u00fcrce ya\u015fayacaklar\u0131 bir d\u00fcnya istedikleri kaydedilerek, &#8221;A\u00e7lar\u0131n olmad\u0131\u011f\u0131, i\u015fsizlerin olmad\u0131\u011f\u0131, e\u011fitimsiz kimsenin kalmad\u0131\u011f\u0131, sa\u011fl\u0131kl\u0131 ve mutlu insanlar\u0131n ya\u015fad\u0131\u011f\u0131 bir \u00fclke, bir d\u00fcnya i\u00e7in z\u00fcmr\u00fct mavisi bir denize dalarcas\u0131na kavgaya at\u0131lm\u0131\u015flard\u0131&#8221; denildi.<!--more--><\/p>\n<p style=\"text-align: justify;\">Ordu&#8217;nun \u00dcnye il\u00e7esindeki NATO Hava \u00dcss\u00fc&#8217;nde g\u00f6revli \u00fc\u00e7 \u0130ngiliz teknisyeni 27 Mart 1972&#8217;de ka\u00e7\u0131ran Mahir \u00c7ayan ile dokuz arkada\u015f\u0131, Tokat&#8217;\u0131n Niksar il\u00e7esine ba\u011fl\u0131 K\u0131z\u0131ldere k\u00f6y\u00fcnde sakland\u0131klar\u0131 evde \u00f6l\u00fc ele ge\u00e7irilmi\u015fti. \u00dc\u00e7 \u0130ngiliz de ayn\u0131 evde \u00f6l\u00fc bulunmu\u015ftu.<\/p>\n<p style=\"text-align: justify;\"><span style=\"color: #888888;\">Kaynak : ntvmsnbc<\/span><\/p>\n","protected":false},"excerpt":{"rendered":"<\/p>\n<p style=\"text-align: justify;\">K\u0131z\u0131ldere&#8217;de hayat\u0131n\u0131 kaybeden Mahir \u00c7ayan ve arkada\u015flar\u0131 mezarlar\u0131 ba\u015f\u0131nda an\u0131ld\u0131.<\/p>\n<p style=\"text-align: justify;\">\n<p style=\"text-align: justify;\">Kar\u015f\u0131yaka Mezarl\u0131\u011f\u0131&#8217;na gelen gruptakiler, Mahir \u00c7ayan&#8217;\u0131n mezar\u0131 ba\u015f\u0131nda toplanarak, bir s\u00fcre slogan att\u0131.<\/p>\n<p style=\"text-align: justify;\">Burada grup ad\u0131na yap\u0131lan a\u00e7\u0131klamada, Mahir \u00c7ayan ve arkada\u015flar\u0131n\u0131n t\u00fcm insanlar\u0131n karde\u015f\u00e7e, \u00f6zg\u00fcrce ya\u015fayacaklar\u0131 bir d\u00fcnya istedikleri kaydedilerek, &#8221;A\u00e7lar\u0131n olmad\u0131\u011f\u0131, i\u015fsizlerin <\/p>\n","protected":false},"author":1,"featured_media":0,"comment_status":"open","ping_status":"closed","sticky":false,"template":"","format":"standard","meta":{"footnotes":""},"categories":[105],"tags":[],"class_list":["post-7205","post","type-post","status-publish","format-standard","hentry","category-gundem","odd"],"_links":{"self":[{"href":"http:\/\/www.korhanyilmaz.com\/index.php?rest_route=\/wp\/v2\/posts\/7205","targetHints":{"allow":["GET"]}}],"collection":[{"href":"http:\/\/www.korhanyilmaz.com\/index.php?rest_route=\/wp\/v2\/posts"}],"about":[{"href":"http:\/\/www.korhanyilmaz.com\/index.php?rest_route=\/wp\/v2\/types\/post"}],"author":[{"embeddable":true,"href":"http:\/\/www.korhanyilmaz.com\/index.php?rest_route=\/wp\/v2\/users\/1"}],"replies":[{"embeddable":true,"href":"http:\/\/www.korhanyilmaz.com\/index.php?rest_route=%2Fwp%2Fv2%2Fcomments&post=7205"}],"version-history":[{"count":0,"href":"http:\/\/www.korhanyilmaz.com\/index.php?rest_route=\/wp\/v2\/posts\/7205\/revisions"}],"wp:attachment":[{"href":"http:\/\/www.korhanyilmaz.com\/index.php?rest_route=%2Fwp%2Fv2%2Fmedia&parent=7205"}],"wp:term":[{"taxonomy":"category","embeddable":true,"href":"http:\/\/www.korhanyilmaz.com\/index.php?rest_route=%2Fwp%2Fv2%2Fcategories&post=7205"},{"taxonomy":"post_tag","embeddable":true,"href":"http:\/\/www.korhanyilmaz.com\/index.php?rest_route=%2Fwp%2Fv2%2Ftags&post=7205"}],"curies":[{"name":"wp","href":"https:\/\/api.w.org\/{rel}","templated":true}]}}