{"id":7196,"date":"2009-03-31T07:48:08","date_gmt":"2009-03-31T04:48:08","guid":{"rendered":"http:\/\/www.korhanyilmaz.com\/?p=7196"},"modified":"2011-08-12T21:03:51","modified_gmt":"2011-08-12T18:03:51","slug":"muhsin-yazicioglu-topraga-veriliyor","status":"publish","type":"post","link":"http:\/\/www.korhanyilmaz.com\/?p=7196","title":{"rendered":"Muhsin Yaz\u0131c\u0131o\u011flu topra\u011fa veriliyor"},"content":{"rendered":"<p style=\"text-align: center;\"><img loading=\"lazy\" decoding=\"async\" class=\"aligncenter size-full wp-image-7197\" title=\"090329-muhsintabut2hlarge\" src=\"http:\/\/www.korhanyilmaz.com\/wp-content\/uploads\/2009\/03\/090329-muhsintabut2hlarge.jpg\" alt=\"090329-muhsintabut2hlarge\" width=\"327\" height=\"191\" \/><\/p>\n<address style=\"text-align: center;\"><span style=\"color: #888888;\">BBP Genel Ba\u015fkan\u0131&#8217;n\u0131n cenazesi, 29 Mart&#8217;ta, Kahramanmara\u015f Devlet Hastanesi&#8217;nden \u00e7\u0131kar\u0131l\u0131rken.<\/span><\/address>\n<p style=\"text-align: justify;\">25 Mart \u00c7ar\u015famba g\u00fcn\u00fc ge\u00e7irdi\u011fi helikopter kazas\u0131nda hayat\u0131n\u0131 kaybeden B\u00fcy\u00fck Birlik Partisi Genel Ba\u015fkan\u0131 Muhsin Yaz\u0131c\u0131o\u011flu, bug\u00fcn Ankara&#8217;da farkl\u0131 noktalarda d\u00fczenlenecek t\u00f6renlerin ard\u0131ndan topra\u011fa verilecek.<\/p>\n<p style=\"text-align: justify;\">Sivas Ba\u011f\u0131ms\u0131z Milletvekili olan Muhsin Yaz\u0131c\u0131o\u011flu&#8217;nun naa\u015f\u0131, Gazi \u00dcniversitesi Hastanesi morgundan al\u0131narak T\u00fcrkiye B\u00fcy\u00fck Millet Meclisi&#8217;ne g\u00f6t\u00fcr\u00fclecek. Burada d\u00fczenlenecek t\u00f6renin ard\u0131ndan ikinci t\u00f6ren B\u00fcy\u00fck Birlik Partisi Genel Merkezi&#8217;nde yap\u0131lacak.<\/p>\n<p style=\"text-align: justify;\">Muhsin Yaz\u0131c\u0131o\u011flu&#8217;nun Ankara&#8217;da Tacettin Dergah\u0131&#8217;nda topra\u011fa verilmesi kararla\u015ft\u0131r\u0131ld\u0131. Yaz\u0131c\u0131o\u011flu, \u0130stiklal Mar\u015f\u0131&#8217;n\u0131n yazar\u0131 Mehmet Akif Ersoy&#8217;un yan\u0131na defnedilecek.<\/p>\n<p style=\"text-align: justify;\"><span style=\"color: #888888;\">Kaynak : ntvmsnbc<\/span><\/p>\n","protected":false},"excerpt":{"rendered":"<p style=\"text-align: center;\">\n<p> BBP Genel Ba\u015fkan\u0131&#8217;n\u0131n cenazesi, 29 Mart&#8217;ta, Kahramanmara\u015f Devlet Hastanesi&#8217;nden \u00e7\u0131kar\u0131l\u0131rken. <\/p>\n<p style=\"text-align: justify;\">25 Mart \u00c7ar\u015famba g\u00fcn\u00fc ge\u00e7irdi\u011fi helikopter kazas\u0131nda hayat\u0131n\u0131 kaybeden B\u00fcy\u00fck Birlik Partisi Genel Ba\u015fkan\u0131 Muhsin Yaz\u0131c\u0131o\u011flu, bug\u00fcn Ankara&#8217;da farkl\u0131 noktalarda d\u00fczenlenecek t\u00f6renlerin ard\u0131ndan topra\u011fa verilecek.<\/p>\n<p style=\"text-align: justify;\">Sivas Ba\u011f\u0131ms\u0131z Milletvekili olan Muhsin Yaz\u0131c\u0131o\u011flu&#8217;nun naa\u015f\u0131, Gazi \u00dcniversitesi Hastanesi morgundan al\u0131narak T\u00fcrkiye <\/p>\n","protected":false},"author":1,"featured_media":0,"comment_status":"open","ping_status":"closed","sticky":false,"template":"","format":"standard","meta":{"footnotes":""},"categories":[105],"tags":[144,103,104,315],"class_list":["post-7196","post","type-post","status-publish","format-standard","hentry","category-gundem","tag-bbp","tag-helikopter-kazasi","tag-muhsin-yazicioglu","tag-tacettin-dergahi","odd"],"_links":{"self":[{"href":"http:\/\/www.korhanyilmaz.com\/index.php?rest_route=\/wp\/v2\/posts\/7196","targetHints":{"allow":["GET"]}}],"collection":[{"href":"http:\/\/www.korhanyilmaz.com\/index.php?rest_route=\/wp\/v2\/posts"}],"about":[{"href":"http:\/\/www.korhanyilmaz.com\/index.php?rest_route=\/wp\/v2\/types\/post"}],"author":[{"embeddable":true,"href":"http:\/\/www.korhanyilmaz.com\/index.php?rest_route=\/wp\/v2\/users\/1"}],"replies":[{"embeddable":true,"href":"http:\/\/www.korhanyilmaz.com\/index.php?rest_route=%2Fwp%2Fv2%2Fcomments&post=7196"}],"version-history":[{"count":0,"href":"http:\/\/www.korhanyilmaz.com\/index.php?rest_route=\/wp\/v2\/posts\/7196\/revisions"}],"wp:attachment":[{"href":"http:\/\/www.korhanyilmaz.com\/index.php?rest_route=%2Fwp%2Fv2%2Fmedia&parent=7196"}],"wp:term":[{"taxonomy":"category","embeddable":true,"href":"http:\/\/www.korhanyilmaz.com\/index.php?rest_route=%2Fwp%2Fv2%2Fcategories&post=7196"},{"taxonomy":"post_tag","embeddable":true,"href":"http:\/\/www.korhanyilmaz.com\/index.php?rest_route=%2Fwp%2Fv2%2Ftags&post=7196"}],"curies":[{"name":"wp","href":"https:\/\/api.w.org\/{rel}","templated":true}]}}