{"id":7191,"date":"2009-03-31T07:32:49","date_gmt":"2009-03-31T04:32:49","guid":{"rendered":"http:\/\/www.korhanyilmaz.com\/?p=7191"},"modified":"2009-03-31T07:32:49","modified_gmt":"2009-03-31T04:32:49","slug":"ankara%e2%80%99da-sonuclara-chp-itirazi","status":"publish","type":"post","link":"http:\/\/www.korhanyilmaz.com\/?p=7191","title":{"rendered":"Ankara\u2019da sonu\u00e7lara CHP itiraz\u0131"},"content":{"rendered":"<p style=\"text-align: justify;\"><img loading=\"lazy\" decoding=\"async\" class=\"aligncenter size-full wp-image-7193\" title=\"Ankara\u2019da sonu\u00e7lara CHP itiraz\u0131\" src=\"http:\/\/www.korhanyilmaz.com\/wp-content\/uploads\/2009\/03\/76671691.jpg\" alt=\"Ankara\u2019da sonu\u00e7lara CHP itiraz\u0131\" width=\"286\" height=\"116\" \/><br \/>\n<strong>CHP Ankara \u0130l Ba\u015fkanl\u0131\u011f\u0131, Ankara B\u00fcy\u00fck\u015fehir Belediye Ba\u015fkanl\u0131\u011f\u0131 se\u00e7im sonu\u00e7lar\u0131na itiraz edecek. \u0130tiraz dilek\u00e7eleri, bug\u00fcn Ankara \u0130l ve il\u00e7e se\u00e7im kurullar\u0131na verilecek.<\/strong>\n<\/p>\n<p style=\"text-align: justify;\">B\u00fcy\u00fck\u015fehir Belediye Ba\u015fkan\u0131 Melih G\u00f6k\u00e7ek&#8217;in d\u00f6rd\u00fcnc\u00fc kez kazand\u0131\u011f\u0131 se\u00e7imlerle ilgili \u015f\u00fcpheleri oldu\u011funu anlatan CHP Ankara \u0130l Ba\u015fkan\u0131 Ali Y\u0131ld\u0131zl\u0131, \u015funlar\u0131 s\u00f6yledi: &#8220;Sonu\u00e7lar partimiz g\u00f6zlemcilerinin ald\u0131klar\u0131 sand\u0131k sonu\u00e7lar\u0131yla \u00e7eli\u015fiyor. Yap\u0131lan i\u015flemler ve uygulama, yasaya ve YSK genelgesine ayk\u0131r\u0131d\u0131r. Propaganda s\u00fcreci ayk\u0131r\u0131l\u0131klar\u0131, se\u00e7im gecesi elektriklerin s\u0131kl\u0131kla kesilmesi, sand\u0131k ve torba ka\u00e7\u0131rmalar\u0131yla ilgili de itirazlar\u0131m\u0131z\u0131 yapaca\u011f\u0131z. Biz vatanda\u015f\u0131m\u0131z\u0131n her t\u00fcrl\u00fc tercihine ve karar\u0131na sayg\u0131l\u0131y\u0131z. Ama bu se\u00e7imlerle ilgili ciddi \u015f\u00fcphelerimiz var. Gerekirse hakk\u0131m\u0131z\u0131 mahkemede arayaca\u011f\u0131z.&#8221;<\/p>\n<p style=\"text-align: justify;\"><span style=\"color: #888888;\">Kaynak : H\u00fcrriyet<\/span><\/p>\n","protected":false},"excerpt":{"rendered":"<p style=\"text-align: justify;\"> CHP Ankara \u0130l Ba\u015fkanl\u0131\u011f\u0131, Ankara B\u00fcy\u00fck\u015fehir Belediye Ba\u015fkanl\u0131\u011f\u0131 se\u00e7im sonu\u00e7lar\u0131na itiraz edecek. \u0130tiraz dilek\u00e7eleri, bug\u00fcn Ankara \u0130l ve il\u00e7e se\u00e7im kurullar\u0131na verilecek. <\/p>\n<p style=\"text-align: justify;\">B\u00fcy\u00fck\u015fehir Belediye Ba\u015fkan\u0131 Melih G\u00f6k\u00e7ek&#8217;in d\u00f6rd\u00fcnc\u00fc kez kazand\u0131\u011f\u0131 se\u00e7imlerle ilgili \u015f\u00fcpheleri oldu\u011funu anlatan CHP Ankara \u0130l Ba\u015fkan\u0131 Ali Y\u0131ld\u0131zl\u0131, \u015funlar\u0131 s\u00f6yledi: &#8220;Sonu\u00e7lar partimiz g\u00f6zlemcilerinin ald\u0131klar\u0131 sand\u0131k sonu\u00e7lar\u0131yla <\/p>\n","protected":false},"author":1,"featured_media":0,"comment_status":"open","ping_status":"closed","sticky":false,"template":"","format":"standard","meta":{"footnotes":""},"categories":[105],"tags":[],"class_list":["post-7191","post","type-post","status-publish","format-standard","hentry","category-gundem","odd"],"_links":{"self":[{"href":"http:\/\/www.korhanyilmaz.com\/index.php?rest_route=\/wp\/v2\/posts\/7191","targetHints":{"allow":["GET"]}}],"collection":[{"href":"http:\/\/www.korhanyilmaz.com\/index.php?rest_route=\/wp\/v2\/posts"}],"about":[{"href":"http:\/\/www.korhanyilmaz.com\/index.php?rest_route=\/wp\/v2\/types\/post"}],"author":[{"embeddable":true,"href":"http:\/\/www.korhanyilmaz.com\/index.php?rest_route=\/wp\/v2\/users\/1"}],"replies":[{"embeddable":true,"href":"http:\/\/www.korhanyilmaz.com\/index.php?rest_route=%2Fwp%2Fv2%2Fcomments&post=7191"}],"version-history":[{"count":0,"href":"http:\/\/www.korhanyilmaz.com\/index.php?rest_route=\/wp\/v2\/posts\/7191\/revisions"}],"wp:attachment":[{"href":"http:\/\/www.korhanyilmaz.com\/index.php?rest_route=%2Fwp%2Fv2%2Fmedia&parent=7191"}],"wp:term":[{"taxonomy":"category","embeddable":true,"href":"http:\/\/www.korhanyilmaz.com\/index.php?rest_route=%2Fwp%2Fv2%2Fcategories&post=7191"},{"taxonomy":"post_tag","embeddable":true,"href":"http:\/\/www.korhanyilmaz.com\/index.php?rest_route=%2Fwp%2Fv2%2Ftags&post=7191"}],"curies":[{"name":"wp","href":"https:\/\/api.w.org\/{rel}","templated":true}]}}