{"id":7187,"date":"2009-03-31T07:24:08","date_gmt":"2009-03-31T04:24:08","guid":{"rendered":"http:\/\/www.korhanyilmaz.com\/?p=7187"},"modified":"2009-03-31T07:24:08","modified_gmt":"2009-03-31T04:24:08","slug":"iste-istanbulun-yeni-yerel-yonetim-haritasi","status":"publish","type":"post","link":"http:\/\/www.korhanyilmaz.com\/?p=7187","title":{"rendered":"\u0130\u015fte \u0130stanbul&#039;un yeni yerel y\u00f6netim haritas\u0131"},"content":{"rendered":"<p style=\"text-align: center;\"><img loading=\"lazy\" decoding=\"async\" class=\"aligncenter size-full wp-image-7188\" title=\"\u0130\u015fte \u0130stanbul'un yeni yerel y\u00f6netim haritas\u0131 \" src=\"http:\/\/www.korhanyilmaz.com\/wp-content\/uploads\/2009\/03\/310320090358591046731.jpg\" alt=\"\u0130\u015fte \u0130stanbul'un yeni yerel y\u00f6netim haritas\u0131 \" width=\"329\" height=\"210\" \/><\/p>\n<p style=\"text-align: justify;\"><strong>CHP il\u00e7e say\u0131s\u0131n\u0131 4&#8217;e katlad\u0131 6 il\u00e7eyi AKP&#8217;nin elinden ald\u0131<\/strong>.<\/p>\n<p style=\"text-align: justify;\">K\u0131ran k\u0131rana ge\u00e7en bir se\u00e7im yar\u0131\u015f\u0131n\u0131n geride kald\u0131\u011f\u0131 \u0130stanbul&#8217;da, oylar\u0131n\u0131 2004 yerel se\u00e7imlerine g\u00f6re y\u00fczde 9, 2007 genel se\u00e7imlerine g\u00f6re y\u00fczde 13 art\u0131ran ana muhalefet partisi CHP, 4 olan il\u00e7e belediye ba\u015fkanl\u0131\u011f\u0131 say\u0131s\u0131n\u0131 da 12&#8217;ye \u00e7\u0131kartmay\u0131 ba\u015fard\u0131&#8230; AKP ise 26 il\u00e7ede sand\u0131ktan ilk parti olarak \u00e7\u0131kt\u0131. 1 il\u00e7ede de DSP kazand\u0131&#8230;<\/p>\n<p style=\"text-align: justify;\">Son yap\u0131lan genel se\u00e7imlerde AKP&#8217;nin 18 puan gerisinde kalan CHP, Kad\u0131k\u00f6y Belediye Ba\u015fkan Yard\u0131mc\u0131s\u0131 G\u00fcrsel Tekin&#8217;in, 15 A\u011fustos 2007 tarihinde il ba\u015fkanl\u0131\u011f\u0131na getirilmesinin ard\u0131ndan ata\u011fa kalkt\u0131. \u00c7ar\u015faf, tarikat gibi a\u00e7\u0131l\u0131mlarla kamuoyu g\u00fcndeminde \u00f6nemli \u015fekilde yer tutmaya ba\u015flayan CHP \u0130stanbul \u00f6rg\u00fct\u00fc, eski ANAP&#8217;l\u0131 ba\u015fkanlar\u0131 da partiye katt\u0131. SHP&#8217;nin 1989 y\u0131l\u0131ndaki ba\u015far\u0131s\u0131n\u0131 2009 se\u00e7imlerinde tekrarlamak isteyen CHP, \u0130stanbul&#8217;da dosyalar\u0131 ile AKP iktidar\u0131n\u0131 sarsan \u0130stanbul Milletvekili Kemal K\u0131l\u0131\u00e7daro\u011flu&#8217;nu B\u00fcy\u00fck\u015fehir Belediyesi Ba\u015fkanl\u0131\u011f\u0131&#8217;na aday g\u00f6stererek, iddias\u0131n\u0131 ortaya koydu. <!--more--><\/p>\n<p style=\"text-align: justify;\"><strong>\u0130stanbul&#8217;u ad\u0131m ad\u0131m dola\u015ft\u0131lar<\/strong><\/p>\n<p style=\"text-align: justify;\">Yo\u011fun bir kampanya d\u00f6nemi ger\u00e7ekle\u015ftiren K\u0131l\u0131\u00e7daro\u011flu ve ekibi, \u0130stanbul&#8217;u kar\u0131\u015f kar\u0131\u015f dola\u015ft\u0131. K\u0131l\u0131\u00e7daro\u011flu, se\u00e7im \u00e7al\u0131\u015fmas\u0131 s\u00fcresince, CHP&#8217;nin pek u\u011framad\u0131\u011f\u0131, se\u00e7menin de CHP&#8217;ye pek y\u00fcz vermedi\u011fi semtlerde ve varo\u015flarda halk\u0131n kar\u015f\u0131s\u0131na \u00e7\u0131kt\u0131. &#8220;2. Ecevit&#8221; yak\u0131\u015ft\u0131rmalar\u0131, K\u0131l\u0131\u00e7daro\u011flu&#8217;nun halkta yaratt\u0131\u011f\u0131 umudun d\u0131\u015fa yans\u0131mas\u0131 oldu. Y\u00fczde 40 ve \u00fczerinde bir oy almay\u0131 hedefleyen K\u0131l\u0131\u00e7daro\u011flu, y\u00fczde 37 oy almay\u0131 ba\u015fard\u0131.<\/p>\n<p style=\"text-align: justify;\"><strong>Ne umdular, ne buldular <\/strong><\/p>\n<p style=\"text-align: justify;\">\u0130stanbul&#8217;un 39&#8217;a y\u00fckselen il\u00e7elerin bir\u00e7o\u011funda iddial\u0131 adaylarla se\u00e7menin kar\u015f\u0131s\u0131na \u00e7\u0131kan CHP, Be\u015fikta\u015f, Bak\u0131rk\u00f6y, Kad\u0131k\u00f6y ve Avc\u0131lar&#8217;da eski ba\u015fkanlarla girdi\u011fi se\u00e7im yar\u0131\u015f\u0131n\u0131 a\u00e7\u0131k ara farkla kazanmay\u0131 ba\u015fard\u0131. Kad\u0131k\u00f6y&#8217;de Selami \u00d6zt\u00fcrk y\u00fczde 68,37 oy alarak 4. kez belediye ba\u015fkan\u0131 se\u00e7ildi.<\/p>\n<p style=\"text-align: justify;\"><span style=\"color: #888888;\">B\u00fclent ERG\u00dcN\/ \u00d6ge DEM\u0130RKAN \/ VATAN<\/span><\/p>\n","protected":false},"excerpt":{"rendered":"<p style=\"text-align: center;\">\n<p style=\"text-align: justify;\">CHP il\u00e7e say\u0131s\u0131n\u0131 4&#8217;e katlad\u0131 6 il\u00e7eyi AKP&#8217;nin elinden ald\u0131.<\/p>\n<p style=\"text-align: justify;\">K\u0131ran k\u0131rana ge\u00e7en bir se\u00e7im yar\u0131\u015f\u0131n\u0131n geride kald\u0131\u011f\u0131 \u0130stanbul&#8217;da, oylar\u0131n\u0131 2004 yerel se\u00e7imlerine g\u00f6re y\u00fczde 9, 2007 genel se\u00e7imlerine g\u00f6re y\u00fczde 13 art\u0131ran ana muhalefet partisi CHP, 4 olan il\u00e7e belediye ba\u015fkanl\u0131\u011f\u0131 say\u0131s\u0131n\u0131 da 12&#8217;ye \u00e7\u0131kartmay\u0131 ba\u015fard\u0131&#8230; AKP <\/p>\n","protected":false},"author":1,"featured_media":0,"comment_status":"open","ping_status":"closed","sticky":false,"template":"","format":"standard","meta":{"footnotes":""},"categories":[105],"tags":[],"class_list":["post-7187","post","type-post","status-publish","format-standard","hentry","category-gundem","odd"],"_links":{"self":[{"href":"http:\/\/www.korhanyilmaz.com\/index.php?rest_route=\/wp\/v2\/posts\/7187","targetHints":{"allow":["GET"]}}],"collection":[{"href":"http:\/\/www.korhanyilmaz.com\/index.php?rest_route=\/wp\/v2\/posts"}],"about":[{"href":"http:\/\/www.korhanyilmaz.com\/index.php?rest_route=\/wp\/v2\/types\/post"}],"author":[{"embeddable":true,"href":"http:\/\/www.korhanyilmaz.com\/index.php?rest_route=\/wp\/v2\/users\/1"}],"replies":[{"embeddable":true,"href":"http:\/\/www.korhanyilmaz.com\/index.php?rest_route=%2Fwp%2Fv2%2Fcomments&post=7187"}],"version-history":[{"count":0,"href":"http:\/\/www.korhanyilmaz.com\/index.php?rest_route=\/wp\/v2\/posts\/7187\/revisions"}],"wp:attachment":[{"href":"http:\/\/www.korhanyilmaz.com\/index.php?rest_route=%2Fwp%2Fv2%2Fmedia&parent=7187"}],"wp:term":[{"taxonomy":"category","embeddable":true,"href":"http:\/\/www.korhanyilmaz.com\/index.php?rest_route=%2Fwp%2Fv2%2Fcategories&post=7187"},{"taxonomy":"post_tag","embeddable":true,"href":"http:\/\/www.korhanyilmaz.com\/index.php?rest_route=%2Fwp%2Fv2%2Ftags&post=7187"}],"curies":[{"name":"wp","href":"https:\/\/api.w.org\/{rel}","templated":true}]}}