{"id":7181,"date":"2009-03-30T17:41:11","date_gmt":"2009-03-30T14:41:11","guid":{"rendered":"http:\/\/www.korhanyilmaz.com\/?p=7181"},"modified":"2009-03-30T17:41:11","modified_gmt":"2009-03-30T14:41:11","slug":"elestirilere-karsi-alerjisi-olan-erdogan%e2%80%99a-uyanma-cagrisi","status":"publish","type":"post","link":"http:\/\/www.korhanyilmaz.com\/?p=7181","title":{"rendered":"Ele\u015ftirilere kar\u015f\u0131 alerjisi olan Erdo\u011fan\u2019a uyanma \u00e7a\u011fr\u0131s\u0131"},"content":{"rendered":"<p><img loading=\"lazy\" decoding=\"async\" class=\"aligncenter size-full wp-image-7182\" title=\"Ele\u015ftirilere kar\u015f\u0131 alerjisi olan Erdo\u011fan\u2019a uyanma \u00e7a\u011fr\u0131s\u0131 \" src=\"http:\/\/www.korhanyilmaz.com\/wp-content\/uploads\/2009\/03\/310320090420550869990.jpg\" alt=\"Ele\u015ftirilere kar\u015f\u0131 alerjisi olan Erdo\u011fan\u2019a uyanma \u00e7a\u011fr\u0131s\u0131 \" width=\"320\" height=\"100\" \/><strong><\/strong><\/p>\n<p style=\"text-align: justify;\"><strong>Reuters haber ajans\u0131 yerel se\u00e7imleri &#8220;T\u00fcrkiye&#8217;deki se\u00e7im sonu\u00e7lar\u0131 AKP&#8217;yi ger\u00e7eklere d\u00f6nd\u00fcrd\u00fc&#8221; ba\u015fl\u0131kl\u0131 bir yaz\u0131yla analiz etti. &#8220;Bu sonu\u00e7lardan sonra Kas\u0131mpa\u015fa \u00e7ocu\u011fu \u00e7at\u0131\u015fmac\u0131 stilinden vazge\u00e7ecek mi?&#8221; diye sordu<\/strong>.<\/p>\n<p style=\"text-align: justify;\">Kaybetti\u011fini \u00e7ok nadir kabul eden Erdo\u011fan gibi bir insan i\u00e7in dile getirdi\u011fi hayal k\u0131r\u0131kl\u0131\u011f\u0131 AKP&#8217;nin zay\u0131f noktalar\u0131n\u0131 g\u00f6rece\u011fi ve demokrasiye daha \u00e7ok a\u011f\u0131rl\u0131k verece\u011fi izlenimini uyand\u0131r\u0131yor. AKP&#8217;nin kazand\u0131\u011f\u0131 y\u00fczde 39&#8217;luk oy oran\u0131 2002&#8217;de iktidara geldi\u011finden beri en k\u00f6t\u00fc sonu\u00e7. Ele\u015ftirilere kar\u015f\u0131 alerjisi olan ba\u015fbakan ve iktidarda \u00e7ok rahat olan parti i\u00e7in bir uyanma \u00e7a\u011fr\u0131s\u0131. 7 y\u0131ll\u0131k iktidar\u0131 i\u00e7in se\u00e7imleri bir referandum haline d\u00f6n\u00fc\u015ft\u00fcren Erdo\u011fan&#8217;\u0131n 750 milyar dolarl\u0131k ekonominin y\u00f6netimi konusunda se\u00e7menlerin tatminsizli\u011fini iyi okuyamad\u0131\u011f\u0131 a\u00e7\u0131k&#8230; Bir genel se\u00e7imin t\u00fcm \u00f6zelliklerini g\u00f6steren kampanya boyunca Erdo\u011fan k\u00fcresel ekonomik krizin T\u00fcrkiye&#8217;ye olan etkilerini hafife ald\u0131. Y\u00fczde 13.6&#8217;ya ula\u015fan i\u015fsizli\u011fin artmas\u0131nda beceriksiz i\u015fadamlar\u0131n\u0131 sorumlu tuttu. <!--more--><\/p>\n<p style=\"text-align: justify;\"><strong>Bakan kelleleri u\u00e7acak<\/strong><\/p>\n<p style=\"text-align: justify;\">\u015eimdi ise, Diyarbak\u0131r ve \u0130zmir gibi istedi\u011fi illeri alamamas\u0131n\u0131n yan\u0131 s\u0131ra Ankara ve \u0130stanbul&#8217;da oy oranlar\u0131n\u0131n da d\u00fc\u015ft\u00fc\u011f\u00fcn\u00fc g\u00f6rd\u00fc. Yerel se\u00e7imler geleneksel olarak T\u00fcrkiye&#8217;de \u00f6nemlidir. H\u00fck\u00fcmetler, iyi sonu\u00e7 alamazsa ciddi \u015fekilde sars\u0131l\u0131r. Bu sonu\u00e7lar reformlara ara verilmesi anlam\u0131na gelmiyor, ancak Erdo\u011fan&#8217;\u0131 baz\u0131 hedeflere ula\u015fmak i\u00e7in muhalefetle uzla\u015fma aray\u0131\u015f\u0131na zorlayabilir. Bu da demokratik kurumlar\u0131n g\u00fc\u00e7lenmesini sa\u011flar. AKP&#8217;nin ald\u0131\u011f\u0131 bu k\u00f6t\u00fc sonu\u00e7tan sonra kellelerin u\u00e7aca\u011f\u0131 kesin. Ancak Erdo\u011fan kabinede yap\u0131labilecek olan de\u011fi\u015fikliklerin se\u00e7im sonu\u00e7lar\u0131yla ba\u011flant\u0131l\u0131 olmad\u0131\u011f\u0131n\u0131 s\u00f6yledi. Ad\u0131n\u0131 vermekten ka\u00e7\u0131nan bir h\u00fck\u00fcmet yetkilisi ise &#8220;Baz\u0131 bakanl\u0131klarda de\u011fi\u015fiklikler olacak ama bu de\u011fi\u015fikliklerin hangi koltuklar\u0131 kapsayaca\u011f\u0131 ve zaman\u0131 tamamen Erdo\u011fan&#8217;a kalm\u0131\u015f&#8221; dedi.<\/p>\n<p style=\"text-align: justify;\"><strong>Erdo\u011fan padi\u015fah gibi<\/strong><\/p>\n<p style=\"text-align: justify;\">Peki Kas\u0131mpa\u015fa \u00e7ocu\u011fu se\u00e7im sonu\u00e7lar\u0131n\u0131 dikkate alarak \u00e7at\u0131\u015fmac\u0131 stilinden vazge\u00e7ecek mi? Verdi\u011fi eski s\u00f6zlere bak\u0131l\u0131rsa, belki, ama k\u0131smen. Erdo\u011fan \u0130slami k\u00f6kenli AKP h\u00fck\u00fcmetine bir padi\u015fah\u0131n saray\u0131na h\u00fckmetmesi gibi h\u00fckmediyor. Siyasi liderlerin merhametleri i\u00e7in de\u011fil dayan\u0131kl\u0131klar\u0131 i\u00e7in sand\u0131kta \u00f6d\u00fcllendirildi\u011fi T\u00fcrk siyasetinin ad\u0131mlar\u0131n\u0131 takip ediyor. Ancak i\u015f adamlar\u0131 \u00f6zellikle de T\u00dcS\u0130AD ve uzmanlar ise Erdo\u011fan&#8217;\u0131n stilinin T\u00fcrkiye&#8217;nin acilen ekonomik, siyasi ve sosyal reformlara ihtiyac\u0131 oldu\u011fu bir d\u00f6nemde b\u00f6l\u00fcnmeler yaratt\u0131\u011f\u0131n\u0131 belirtiyor. 2007 y\u0131l\u0131nda Erdo\u011fan yeni bir uzla\u015fma s\u00fcrecinin ba\u015flayaca\u011f\u0131 s\u00f6z\u00fcn\u00fc vermi\u015fti. Ancak bunun yerine hemen arkas\u0131ndan ba\u015f\u00f6rt\u00fcs\u00fc yasa\u011f\u0131n\u0131n kald\u0131r\u0131lmas\u0131 giri\u015fiminde bulunarak yeni siyasi gerilimler yaratt\u0131 ve AKP&#8217;nin kapatma davas\u0131 ortaya \u00e7\u0131kt\u0131.<\/p>\n<p style=\"text-align: justify;\">AKP&#8217;nin ard\u0131 ard\u0131na gelen zaferlerinin gerisindeki beynin Erdo\u011fan oldu\u011fu kesin. Karizmatik ve sert yap\u0131s\u0131yla T\u00fcrkiye&#8217;nin en pop\u00fcler politikac\u0131s\u0131 ve \u00fclkede onlarca y\u0131ld\u0131r olu\u015fan en istikrarl\u0131 tek parti iktidar\u0131na liderlik ediyor. Sivas&#8217;taki se\u00e7im kampanyas\u0131 s\u0131ras\u0131nda da Erdo\u011fan&#8217;\u0131n bu etkisi \u00e7ok a\u00e7\u0131k bir \u015fekilde g\u00f6r\u00fcl\u00fcyordu. Partinin se\u00e7im otob\u00fcs\u00fcne girdi\u011fi anda sessizlik hakim oldu ve hemen ard\u0131ndan ulusal politikadan yerel belediyelere y\u00f6nelik harcamalara kadar de\u011fi\u015fen konularda cep telefonlar\u0131ndan talimatlar verdi. Bir yak\u0131n yard\u0131mc\u0131s\u0131 bu durumu, &#8220;Bu \u015fov Erdo\u011fan&#8217;\u0131n, patron o&#8221; \u015feklinde yorumlad\u0131. \u015eimdi g\u00fc\u00e7s\u00fczle\u015fen ekonomiye y\u00f6nelik \u00f6nlemler almak ve daha fazla haklar getiren yeni reformlara imza atmak da Erdo\u011fan&#8217;a kalm\u0131\u015f durumda. Hele ki T\u00fcrkiye&#8217;nin g\u00fcneydo\u011fusundaki se\u00e7menler DTP tercihlerini bu kadar a\u00e7\u0131k bir \u015fekilde dile getirmi\u015fken. K\u00fcrt\u00e7e bir TV kanal\u0131n\u0131n a\u00e7\u0131lmas\u0131 ve bedava \u00e7ama\u015f\u0131r makinesi da\u011f\u0131t\u0131lmas\u0131 bile onlar\u0131 AKP&#8217;nin onlarca y\u0131ld\u0131r devam eden K\u00fcrt haklar\u0131 sorununu \u00e7\u00f6zece\u011fi konusunda ikna edemedi. Erdo\u011fan da se\u00e7im sonras\u0131 yapt\u0131\u011f\u0131 a\u00e7\u0131klamada, &#8220;Hem ba\u015far\u0131lardan hem de ba\u015far\u0131s\u0131zl\u0131klardan ders al\u0131nmas\u0131 gerekti\u011fine inan\u0131yoruz&#8221; dedi.<\/p>\n<p style=\"text-align: justify;\"><span style=\"color: #888888;\">Paul de BENDERN \/ REUTERS<\/span><\/p>\n<p style=\"text-align: justify;\"><span style=\"color: #888888;\">Kaynak : Vatan Gazetesi<\/span><\/p>\n<p style=\"text-align: justify;\">\n","protected":false},"excerpt":{"rendered":"<\/p>\n<p style=\"text-align: justify;\">Reuters haber ajans\u0131 yerel se\u00e7imleri &#8220;T\u00fcrkiye&#8217;deki se\u00e7im sonu\u00e7lar\u0131 AKP&#8217;yi ger\u00e7eklere d\u00f6nd\u00fcrd\u00fc&#8221; ba\u015fl\u0131kl\u0131 bir yaz\u0131yla analiz etti. &#8220;Bu sonu\u00e7lardan sonra Kas\u0131mpa\u015fa \u00e7ocu\u011fu \u00e7at\u0131\u015fmac\u0131 stilinden vazge\u00e7ecek mi?&#8221; diye sordu.<\/p>\n<p style=\"text-align: justify;\">Kaybetti\u011fini \u00e7ok nadir kabul eden Erdo\u011fan gibi bir insan i\u00e7in dile getirdi\u011fi hayal k\u0131r\u0131kl\u0131\u011f\u0131 AKP&#8217;nin zay\u0131f noktalar\u0131n\u0131 g\u00f6rece\u011fi ve demokrasiye daha \u00e7ok a\u011f\u0131rl\u0131k <\/p>\n","protected":false},"author":1,"featured_media":0,"comment_status":"open","ping_status":"closed","sticky":false,"template":"","format":"standard","meta":{"footnotes":""},"categories":[3],"tags":[],"class_list":["post-7181","post","type-post","status-publish","format-standard","hentry","category-dunya","odd"],"_links":{"self":[{"href":"http:\/\/www.korhanyilmaz.com\/index.php?rest_route=\/wp\/v2\/posts\/7181","targetHints":{"allow":["GET"]}}],"collection":[{"href":"http:\/\/www.korhanyilmaz.com\/index.php?rest_route=\/wp\/v2\/posts"}],"about":[{"href":"http:\/\/www.korhanyilmaz.com\/index.php?rest_route=\/wp\/v2\/types\/post"}],"author":[{"embeddable":true,"href":"http:\/\/www.korhanyilmaz.com\/index.php?rest_route=\/wp\/v2\/users\/1"}],"replies":[{"embeddable":true,"href":"http:\/\/www.korhanyilmaz.com\/index.php?rest_route=%2Fwp%2Fv2%2Fcomments&post=7181"}],"version-history":[{"count":0,"href":"http:\/\/www.korhanyilmaz.com\/index.php?rest_route=\/wp\/v2\/posts\/7181\/revisions"}],"wp:attachment":[{"href":"http:\/\/www.korhanyilmaz.com\/index.php?rest_route=%2Fwp%2Fv2%2Fmedia&parent=7181"}],"wp:term":[{"taxonomy":"category","embeddable":true,"href":"http:\/\/www.korhanyilmaz.com\/index.php?rest_route=%2Fwp%2Fv2%2Fcategories&post=7181"},{"taxonomy":"post_tag","embeddable":true,"href":"http:\/\/www.korhanyilmaz.com\/index.php?rest_route=%2Fwp%2Fv2%2Ftags&post=7181"}],"curies":[{"name":"wp","href":"https:\/\/api.w.org\/{rel}","templated":true}]}}